{"id":891,"date":"2016-06-05T22:34:56","date_gmt":"2016-06-05T20:34:56","guid":{"rendered":"http:\/\/ageem21.fr\/?p=891"},"modified":"2016-06-05T23:51:12","modified_gmt":"2016-06-05T21:51:12","slug":"en-direct-des-expositions-6","status":"publish","type":"post","link":"https:\/\/ageem21.fr\/?p=891","title":{"rendered":"EN DIRECT DES EXPOSITIONS\u2026"},"content":{"rendered":"<h2><span style=\"color: #00ccff;\">ON A TOUS UN TALENT !<\/span><\/h2>\n<h2><strong>\u00c9cole maternelle de Clamerey (21)<\/strong><\/h2>\n<h2><span style=\"color: #ff00ff;\">Inviter les \u00ab\u00a0intelligences multiples\u00a0\u00bb en classe<\/span><\/h2>\n<p>Cette ann\u00e9e, j&rsquo;avais envie de me former et d&rsquo;inviter les \u00ab\u00a0intelligences multiples\u00a0\u00bb dans ma classe.\u00a0Ma\u00a0classe maternelle rurale accueille 21\u00a0TPS, PS, MS et GS.<\/p>\n<p>Un blog participatif que j&rsquo;appr\u00e9cie beaucoup s&rsquo;\u00e9tait fix\u00e9 la m\u00eame id\u00e9e, travailler selon les intelligences multiples en Petite section\u00a0! Une des id\u00e9es propos\u00e9es \u00e9tait, pour suivre les nouveaux programmes, la mise en place d&rsquo;un cahier de r\u00e9ussite&#8230;\u00a0le nom <b>\u00ab\u00a0Valise \u00e0 talent\u00a0\u00bb <\/b>est apparu et je l&rsquo;ai adopt\u00e9.<\/p>\n<p>Dans la valise sont regroup\u00e9s les r\u00e9ussites ponctuelles (car on ne peut tout cataloguer), li\u00e9es \u00e0 tous les domaines d&rsquo;apprentissages, des progr\u00e8s autour du bonhomme par exemple, des brevets de r\u00e9ussite, des d\u00e9fis, des validations d&rsquo;ateliers autonomes\u2026Cette valise permet aussi \u00e0 chaque \u00e9l\u00e8ve de mieux se conna\u00eetre\u00a0: en mettant en avant ses r\u00e9ussites et points forts ainsi que ses points faibles parmi les 8 intelligences\u00a0:<br \/>\n&#8211; verbale linguistique (\u00eatre fort avec les mots)<br \/>\n&#8211; logico-math\u00e9matique (\u00eatre fort avec les nombres)<br \/>\n&#8211; corporelle (\u00eatre fort avec son corps)<br \/>\n&#8211; naturaliste (aimer les animaux et les plantes)<br \/>\n&#8211; visuelle spatiale (\u00eatre fort avec ses yeux)<br \/>\n&#8211; musicale (\u00eatre fort pour \u00e9couter, aimer la musique)<br \/>\n&#8211; interpersonnelle (\u00eatre fort avec les autres)<br \/>\n&#8211; intra-personnelle (\u00eatre fort avec soi).<\/p>\n<p><a href=\"https:\/\/ageem21.fr\/wp-content\/uploads\/2016\/06\/Clamerey-01.jpg\" data-rel=\"lightbox-gallery-ASlKdrKQ\" data-rl_title=\"\" data-rl_caption=\"\" title=\"\"><img loading=\"lazy\" decoding=\"async\" class=\"alignnone wp-image-893 size-thumbnail\" src=\"https:\/\/ageem21.fr\/wp-content\/uploads\/2016\/06\/Clamerey-01-150x150.jpg\" alt=\"Clamerey 01\" width=\"150\" height=\"150\" \/><\/a> <a href=\"https:\/\/ageem21.fr\/wp-content\/uploads\/2016\/06\/Clamerey-02.jpg\" data-rel=\"lightbox-gallery-ASlKdrKQ\" data-rl_title=\"\" data-rl_caption=\"\" title=\"\"><img loading=\"lazy\" decoding=\"async\" class=\"alignnone wp-image-894 size-thumbnail\" src=\"https:\/\/ageem21.fr\/wp-content\/uploads\/2016\/06\/Clamerey-02-150x150.jpg\" alt=\"Clamerey 02\" width=\"150\" height=\"150\" srcset=\"https:\/\/ageem21.fr\/wp-content\/uploads\/2016\/06\/Clamerey-02-150x150.jpg 150w, https:\/\/ageem21.fr\/wp-content\/uploads\/2016\/06\/Clamerey-02-300x300.jpg 300w, https:\/\/ageem21.fr\/wp-content\/uploads\/2016\/06\/Clamerey-02-768x768.jpg 768w, https:\/\/ageem21.fr\/wp-content\/uploads\/2016\/06\/Clamerey-02-600x600.jpg 600w, https:\/\/ageem21.fr\/wp-content\/uploads\/2016\/06\/Clamerey-02.jpg 786w\" sizes=\"auto, (max-width: 150px) 100vw, 150px\" \/><\/a> <a href=\"https:\/\/ageem21.fr\/wp-content\/uploads\/2016\/06\/Clamerey-03.jpg\" data-rel=\"lightbox-gallery-ASlKdrKQ\" data-rl_title=\"\" data-rl_caption=\"\" title=\"\"><img loading=\"lazy\" decoding=\"async\" class=\"alignnone wp-image-895 size-thumbnail\" src=\"https:\/\/ageem21.fr\/wp-content\/uploads\/2016\/06\/Clamerey-03-150x150.jpg\" alt=\"Clamerey 03\" width=\"150\" height=\"150\" \/><\/a><\/p>\n<p>L&rsquo;id\u00e9e \u00e9tait d&rsquo;utiliser le projet interg\u00e9n\u00e9rationnel d\u00e9but\u00e9 en mars avec les personnes \u00e2g\u00e9es du village et une association <a href=\"http:\/\/www.cote-rue.org\/\">Cot\u00e9 Rue<\/a>, pour ouvrir l&rsquo;\u00e9cole et recevoir des visites de personnes \u00ab\u00a0talentueuses\u00a0\u00bb voulant nous pr\u00e9senter leur talent, leur m\u00e9tier, leur passion\u2026<\/p>\n<h2><span style=\"color: #ff00ff;\">Rencontrer des personnes qui symbolisent ces intelligences&#8230;<\/span><\/h2>\n<p>Chaque rencontre \u00e9tait le moyen de d\u00e9couvrir un talent\u00a0: auteur\/illustratrice, danseuse, conteuse, couturi\u00e8re, tricoteuse, sportif, r\u00e9alisateur de film, pilote d&rsquo;avion, chanteuse\u2026 et d&rsquo;apprendre \u00e0 identifier les intelligences dominantes chez chaque personne\u00a0!<\/p>\n<p>Tr\u00e8s vite, les \u00e9l\u00e8ves les plus grands sont devenus tr\u00e8s perspicaces pour d\u00e9terminer les \u00ab\u00a0talents\u00a0\u00bb.<\/p>\n<p>Ainsi, Pascal le chauffeur du bus du ramassage scolaire qui a \u00e9t\u00e9 vice-champion de France de Judo et gymnaste est fort avec son corps\u00a0!! Certes, et C\u00e9line la couturi\u00e8re aussi, mais surtout avec ses mains\u00a0!<\/p>\n<p>Les \u00e9l\u00e8ves sont invit\u00e9s \u00e0 exprimer leur pr\u00e9f\u00e9rence parmi les talents d\u00e9couverts sur une s\u00e9rie (il y a eu des semaines avec plusieurs talents pr\u00e9sent\u00e9s). C&rsquo;est ainsi que Ma\u00eblle \u00e9l\u00e8ve de grande section a dit\u00a0 \u00ab\u00a0 <i>je vais r\u00e9fl\u00e9chir au talent que je pr\u00e9f\u00e8re\u2026<\/i>.<i> \u00e7a y est je sais, c&rsquo;est Pascal, parce que je suis fi\u00e8re de lui, il <\/i><i>est <\/i><i>super fort et il fait de la gym comme moi\u00a0\u00bb<\/i><\/p>\n<p>Ce projet est b\u00e9n\u00e9fique, les \u00e9l\u00e8ves sont heureux des rencontres faites, des talents propos\u00e9s, ils sont totalement fascin\u00e9s par ce qu&rsquo;ils apprennent et d\u00e9couvrent.<\/p>\n<p>Ensuite, le travail de verbalisation autour des talents d\u00e9couverts permet de montrer que le talent n&rsquo;est pas \u00ab\u00a0magique\u00a0\u00bb, qu&rsquo;on peut d\u00e9j\u00e0 tr\u00e8s jeune avoir des habilit\u00e9s, et qu&rsquo;ensuite il faut les cultiver et en d\u00e9velopper d&rsquo;autres\u00a0!!<\/p>\n<p><img loading=\"lazy\" decoding=\"async\" class=\"alignnone size-large wp-image-896\" src=\"https:\/\/ageem21.fr\/wp-content\/uploads\/2016\/06\/Clamerey-valises3-1024x276.jpeg\" alt=\"Clamerey valises3\" width=\"474\" height=\"128\" srcset=\"https:\/\/ageem21.fr\/wp-content\/uploads\/2016\/06\/Clamerey-valises3-1024x276.jpeg 1024w, https:\/\/ageem21.fr\/wp-content\/uploads\/2016\/06\/Clamerey-valises3-300x81.jpeg 300w, https:\/\/ageem21.fr\/wp-content\/uploads\/2016\/06\/Clamerey-valises3-768x207.jpeg 768w, https:\/\/ageem21.fr\/wp-content\/uploads\/2016\/06\/Clamerey-valises3-600x162.jpeg 600w, https:\/\/ageem21.fr\/wp-content\/uploads\/2016\/06\/Clamerey-valises3.jpeg 1343w\" sizes=\"auto, (max-width: 474px) 100vw, 474px\" \/><\/p>\n<h2><span style=\"color: #ff00ff;\"><b>On a tous des talents\u00a0!!<\/b><\/span><\/h2>\n<p align=\"justify\">L&rsquo;utilisation de sa propre valise \u00e0 talent pour collecter tout ce travail les aide \u00e0 avoir un regard bienveillant sur leurs intelligences dominantes comme sur les moins utilis\u00e9es et avoir une bonne estime d&rsquo;eux-m\u00eames !<\/p>\n<p align=\"justify\">Laur\u00e8ne JEANNIN<\/p>\n<p align=\"justify\"><em>R\u00e9dig\u00e9 par la commission Presse, \u00e0 partir d\u2019 \u00ab\u00a0Ecrire un court article\u00a0\u00bb envoy\u00e9 par les coll\u00e8gues sur l\u2019adresse du secr\u00e9tariat du congr\u00e8s, \u00e0 vous de jouer si vous le souhaitez !<\/em><\/p>\n<p align=\"justify\"><em><a href=\"http:\/\/congresageem.dijon2016@gmail.com\/\" target=\"_blank\">congresageem.dijon2016@gmail.com<\/a><br \/>\n<a href=\"https:\/\/ageem21.fr\/wp-content\/uploads\/2016\/04\/E%CC%81crire-un-court-article-pour-le-congre%CC%80s.odt\" rel=\"\">E\u0301crire un court article pour le congre\u0300s<\/a><\/em><\/p>\n","protected":false},"excerpt":{"rendered":"<p>ON A TOUS UN TALENT ! \u00c9cole maternelle de Clamerey (21) Inviter les \u00ab\u00a0intelligences multiples\u00a0\u00bb en classe Cette ann\u00e9e, j&rsquo;avais envie de me former et d&rsquo;inviter les \u00ab\u00a0intelligences multiples\u00a0\u00bb dans &hellip; <a href=\"https:\/\/ageem21.fr\/?p=891\" class=\"more-link\">Continuer la lecture de <span class=\"screen-reader-text\">EN DIRECT DES EXPOSITIONS\u2026<\/span>  <span class=\"meta-nav\">&rarr;<\/span><\/a><\/p>\n","protected":false},"author":3,"featured_media":0,"comment_status":"closed","ping_status":"closed","sticky":false,"template":"","format":"standard","meta":{"footnotes":""},"categories":[12,3,4,1,9],"tags":[39],"class_list":["post-891","post","type-post","status-publish","format-standard","hentry","category-dans-les-classes","category-la-section-21","category-le-congres-2016","category-non-classe","category-presse-et-communication","tag-article-exposition-pedagogique"],"_links":{"self":[{"href":"https:\/\/ageem21.fr\/index.php?rest_route=\/wp\/v2\/posts\/891","targetHints":{"allow":["GET"]}}],"collection":[{"href":"https:\/\/ageem21.fr\/index.php?rest_route=\/wp\/v2\/posts"}],"about":[{"href":"https:\/\/ageem21.fr\/index.php?rest_route=\/wp\/v2\/types\/post"}],"author":[{"embeddable":true,"href":"https:\/\/ageem21.fr\/index.php?rest_route=\/wp\/v2\/users\/3"}],"replies":[{"embeddable":true,"href":"https:\/\/ageem21.fr\/index.php?rest_route=%2Fwp%2Fv2%2Fcomments&post=891"}],"version-history":[{"count":8,"href":"https:\/\/ageem21.fr\/index.php?rest_route=\/wp\/v2\/posts\/891\/revisions"}],"predecessor-version":[{"id":909,"href":"https:\/\/ageem21.fr\/index.php?rest_route=\/wp\/v2\/posts\/891\/revisions\/909"}],"wp:attachment":[{"href":"https:\/\/ageem21.fr\/index.php?rest_route=%2Fwp%2Fv2%2Fmedia&parent=891"}],"wp:term":[{"taxonomy":"category","embeddable":true,"href":"https:\/\/ageem21.fr\/index.php?rest_route=%2Fwp%2Fv2%2Fcategories&post=891"},{"taxonomy":"post_tag","embeddable":true,"href":"https:\/\/ageem21.fr\/index.php?rest_route=%2Fwp%2Fv2%2Ftags&post=891"}],"curies":[{"name":"wp","href":"https:\/\/api.w.org\/{rel}","templated":true}]}}