{"id":880,"date":"2016-06-02T23:32:26","date_gmt":"2016-06-02T21:32:26","guid":{"rendered":"http:\/\/ageem21.fr\/?p=880"},"modified":"2016-06-02T23:32:26","modified_gmt":"2016-06-02T21:32:26","slug":"en-direct-des-expositions-5","status":"publish","type":"post","link":"https:\/\/ageem21.fr\/?p=880","title":{"rendered":"EN DIRECT DES EXPOSITIONS\u2026"},"content":{"rendered":"<h2><span style=\"color: #00ffff;\">IDENTIT\u00c9,\u00a0\u00c9MOTION, ESTIME DE SOI<\/span><\/h2>\n<h2><strong>\u00c9cole maternelle Gambetta\u00a0\u2013\u00a0Chen\u00f4ve<\/strong><\/h2>\n<h2><span style=\"color: #ff00ff;\">LA ROBE QUI NOUS RACONTE<\/span><\/h2>\n<p style=\"text-align: justify;\">\u00ab\u00a0Une exploration artistique, une exploration de soi \u00bb\u00a0: voil\u00e0 ce qui d\u00e9finit le travail men\u00e9 \u00e0 la MJC de Chen\u00f4ve (21). Un groupe de femmes originaires de tous les pays du monde ont cr\u00e9\u00e9 des robes comme des carnets de route, pr\u00e9textes pour s&rsquo;exprimer et parler de leur identit\u00e9. Les robes magnifiques fabriqu\u00e9es avec l&rsquo;appui et l&rsquo;expertise de la plasticienne Fr\u00e9d\u00e9rique Toutain ont \u00e9t\u00e9 expos\u00e9es \u00ab\u00a0au C\u00e8dre\u00a0\u00bb, puis dans les locaux de la r\u00e9gion Bourgogne-Franche Comt\u00e9.<\/p>\n<p><a href=\"https:\/\/ageem21.fr\/wp-content\/uploads\/2016\/06\/gambetta-00.jpg\" data-rel=\"lightbox-gallery-NMoUQiJl\" data-rl_title=\"\" data-rl_caption=\"\" title=\"\"><img loading=\"lazy\" decoding=\"async\" class=\"alignnone size-large wp-image-881\" src=\"https:\/\/ageem21.fr\/wp-content\/uploads\/2016\/06\/gambetta-00-678x1024.jpg\" alt=\"gambetta 00\" width=\"474\" height=\"716\" srcset=\"https:\/\/ageem21.fr\/wp-content\/uploads\/2016\/06\/gambetta-00-678x1024.jpg 678w, https:\/\/ageem21.fr\/wp-content\/uploads\/2016\/06\/gambetta-00-199x300.jpg 199w, https:\/\/ageem21.fr\/wp-content\/uploads\/2016\/06\/gambetta-00-768x1160.jpg 768w, https:\/\/ageem21.fr\/wp-content\/uploads\/2016\/06\/gambetta-00-600x906.jpg 600w\" sizes=\"auto, (max-width: 474px) 100vw, 474px\" \/><\/a><\/p>\n<p style=\"text-align: right;\"><em>Une des robes expos\u00e9es \u00ab\u00a0au C\u00e8dre\u00a0\u00bb<\/em><\/p>\n<p style=\"text-align: justify;\">Les \u00e9l\u00e8ves de l&rsquo;\u00e9cole maternelle Gambetta de Chen\u00f4ve ont visit\u00e9 cette exposition et l&rsquo;\u00e9quipe p\u00e9dagogique a d\u00e9cid\u00e9 de poursuivre le travail en cr\u00e9ant la robe qui raconte l&rsquo;\u00e9cole. Les yeux, les bouches, les empreintes, les pr\u00e9noms de tous les \u00e9l\u00e8ves de l&rsquo;\u00e9cole vont prendre place sur des bandes de tissus entrem\u00eal\u00e9es et sur une gigantesque jupe rouge \u00e0 la dimension du projet\u00a0: un travail\u00a0sur l&rsquo;identit\u00e9 de chacun, la rencontre culturelle et l&rsquo;estime de soi.<\/p>\n<p><a href=\"https:\/\/ageem21.fr\/wp-content\/uploads\/2016\/06\/gambetta-01.jpg\" data-rel=\"lightbox-gallery-NMoUQiJl\" data-rl_title=\"\" data-rl_caption=\"\" title=\"\"><img loading=\"lazy\" decoding=\"async\" class=\"alignnone wp-image-885 size-thumbnail\" src=\"https:\/\/ageem21.fr\/wp-content\/uploads\/2016\/06\/gambetta-01-150x150.jpg\" alt=\"gambetta 01\" width=\"150\" height=\"150\" \/><\/a><a href=\"https:\/\/ageem21.fr\/wp-content\/uploads\/2016\/06\/gambetta-02.jpg\" data-rel=\"lightbox-gallery-NMoUQiJl\" data-rl_title=\"\" data-rl_caption=\"\" title=\"\"><img loading=\"lazy\" decoding=\"async\" class=\"alignnone wp-image-884 size-thumbnail\" src=\"https:\/\/ageem21.fr\/wp-content\/uploads\/2016\/06\/gambetta-02-150x150.jpg\" alt=\"gambetta 02\" width=\"150\" height=\"150\" \/><\/a><a href=\"https:\/\/ageem21.fr\/wp-content\/uploads\/2016\/06\/gambetta-03.jpg\" data-rel=\"lightbox-gallery-NMoUQiJl\" data-rl_title=\"\" data-rl_caption=\"\" title=\"\"><img loading=\"lazy\" decoding=\"async\" class=\"alignnone wp-image-883 size-thumbnail\" src=\"https:\/\/ageem21.fr\/wp-content\/uploads\/2016\/06\/gambetta-03-150x150.jpg\" alt=\"gambetta 03\" width=\"150\" height=\"150\" \/><\/a><a href=\"https:\/\/ageem21.fr\/wp-content\/uploads\/2016\/06\/gambetta-04.jpg\" data-rel=\"lightbox-gallery-NMoUQiJl\" data-rl_title=\"\" data-rl_caption=\"\" title=\"\"><img loading=\"lazy\" decoding=\"async\" class=\"alignnone wp-image-882 size-thumbnail\" src=\"https:\/\/ageem21.fr\/wp-content\/uploads\/2016\/06\/gambetta-04-150x150.jpg\" alt=\"gambetta 04\" width=\"150\" height=\"150\" \/><\/a><\/p>\n<p><em>R\u00e9dig\u00e9 par la commission Presse, \u00e0 partir d\u2019 \u00ab\u00a0Ecrire un court article\u00a0\u00bb envoy\u00e9 par les coll\u00e8gues sur l\u2019adresse du secr\u00e9tariat du congr\u00e8s, \u00e0 vous de jouer si vous le souhaitez !<br \/>\n<a href=\"http:\/\/congresageem.dijon2016@gmail.com\/\" target=\"_blank\">congresageem.dijon2016@gmail.com<\/a><br \/>\n<a href=\"https:\/\/ageem21.fr\/wp-content\/uploads\/2016\/04\/E%CC%81crire-un-court-article-pour-le-congre%CC%80s.odt\" rel=\"\">E\u0301crire un court article pour le congre\u0300s<\/a><\/em><\/p>\n","protected":false},"excerpt":{"rendered":"<p>IDENTIT\u00c9,\u00a0\u00c9MOTION, ESTIME DE SOI \u00c9cole maternelle Gambetta\u00a0\u2013\u00a0Chen\u00f4ve LA ROBE QUI NOUS RACONTE \u00ab\u00a0Une exploration artistique, une exploration de soi \u00bb\u00a0: voil\u00e0 ce qui d\u00e9finit le travail men\u00e9 \u00e0 la MJC &hellip; <a href=\"https:\/\/ageem21.fr\/?p=880\" class=\"more-link\">Continuer la lecture de <span class=\"screen-reader-text\">EN DIRECT DES EXPOSITIONS\u2026<\/span>  <span class=\"meta-nav\">&rarr;<\/span><\/a><\/p>\n","protected":false},"author":3,"featured_media":0,"comment_status":"closed","ping_status":"closed","sticky":false,"template":"","format":"standard","meta":{"footnotes":""},"categories":[12,3,4,9],"tags":[39],"class_list":["post-880","post","type-post","status-publish","format-standard","hentry","category-dans-les-classes","category-la-section-21","category-le-congres-2016","category-presse-et-communication","tag-article-exposition-pedagogique"],"_links":{"self":[{"href":"https:\/\/ageem21.fr\/index.php?rest_route=\/wp\/v2\/posts\/880","targetHints":{"allow":["GET"]}}],"collection":[{"href":"https:\/\/ageem21.fr\/index.php?rest_route=\/wp\/v2\/posts"}],"about":[{"href":"https:\/\/ageem21.fr\/index.php?rest_route=\/wp\/v2\/types\/post"}],"author":[{"embeddable":true,"href":"https:\/\/ageem21.fr\/index.php?rest_route=\/wp\/v2\/users\/3"}],"replies":[{"embeddable":true,"href":"https:\/\/ageem21.fr\/index.php?rest_route=%2Fwp%2Fv2%2Fcomments&post=880"}],"version-history":[{"count":4,"href":"https:\/\/ageem21.fr\/index.php?rest_route=\/wp\/v2\/posts\/880\/revisions"}],"predecessor-version":[{"id":889,"href":"https:\/\/ageem21.fr\/index.php?rest_route=\/wp\/v2\/posts\/880\/revisions\/889"}],"wp:attachment":[{"href":"https:\/\/ageem21.fr\/index.php?rest_route=%2Fwp%2Fv2%2Fmedia&parent=880"}],"wp:term":[{"taxonomy":"category","embeddable":true,"href":"https:\/\/ageem21.fr\/index.php?rest_route=%2Fwp%2Fv2%2Fcategories&post=880"},{"taxonomy":"post_tag","embeddable":true,"href":"https:\/\/ageem21.fr\/index.php?rest_route=%2Fwp%2Fv2%2Ftags&post=880"}],"curies":[{"name":"wp","href":"https:\/\/api.w.org\/{rel}","templated":true}]}}