{"id":854,"date":"2016-05-27T13:05:43","date_gmt":"2016-05-27T11:05:43","guid":{"rendered":"http:\/\/ageem21.fr\/?p=854"},"modified":"2016-05-27T13:05:43","modified_gmt":"2016-05-27T11:05:43","slug":"89eme-congres-ageem-invitation-des-editeurs","status":"publish","type":"post","link":"https:\/\/ageem21.fr\/?p=854","title":{"rendered":"89eme CONGRES AGEEM, invitation des \u00e9diteurs"},"content":{"rendered":"<p style=\"text-align: center;\"><span style=\"color: #00ccff;\"><strong><span style=\"font-size: 24pt;\">A la d\u00e9couverte des lieux<\/span><\/strong><\/span><\/p>\n<p style=\"text-align: left;\"><span style=\"color: #ff00ff;\"><strong><em>Mercredi 25 mai, en pr\u00e9sence d&rsquo;Isabelle Racoffier, pr\u00e9sidente nationale de l&rsquo;AGEEM, les \u00e9diteurs et partenaires du congr\u00e8s ont pu d\u00e9couvrir les lieux, \u00e0 savoir le Palais des Congr\u00e8s de Dijon.<\/em><\/strong><\/span><\/p>\n<figure id=\"attachment_849\" aria-describedby=\"caption-attachment-849\" style=\"width: 291px\" class=\"wp-caption alignright\"><a href=\"https:\/\/ageem21.fr\/wp-content\/uploads\/2016\/05\/SAM_4343.jpg\" data-rel=\"lightbox-gallery-UW1xCvjZ\" data-rl_title=\"\" data-rl_caption=\"\" title=\"\"><img loading=\"lazy\" decoding=\"async\" class=\"wp-image-849 \" src=\"https:\/\/ageem21.fr\/wp-content\/uploads\/2016\/05\/SAM_4343-300x225.jpg\" alt=\"SAM_4343\" width=\"291\" height=\"218\" srcset=\"https:\/\/ageem21.fr\/wp-content\/uploads\/2016\/05\/SAM_4343-300x225.jpg 300w, https:\/\/ageem21.fr\/wp-content\/uploads\/2016\/05\/SAM_4343-768x576.jpg 768w, https:\/\/ageem21.fr\/wp-content\/uploads\/2016\/05\/SAM_4343-600x450.jpg 600w, https:\/\/ageem21.fr\/wp-content\/uploads\/2016\/05\/SAM_4343.jpg 800w\" sizes=\"auto, (max-width: 291px) 100vw, 291px\" \/><\/a><figcaption id=\"caption-attachment-849\" class=\"wp-caption-text\">Christine Leguernic, directrice du Palais des Congr\u00e8s, Isabelle Racoffier pr\u00e9sidente nationale de l&rsquo;AGEEM.<\/figcaption><\/figure>\n<p style=\"text-align: justify;\">Quand installez les stands ? Combien de m\u00e8tres carr\u00e9s ? Quel \u00e9clairage ? Autant de questions techniques que les \u00e9diteurs et partenaires ont pos\u00e9 \u00e0 Ia Commission Editeurs et \u00e0 Christine Leguernic, directrice du Palais des Congr\u00e8s qui a fait visiter \u00a0les lieux \u00e0 la trentaine de personnes pr\u00e9sentes \u00e0 la r\u00e9union.\u00a0Parmi elles, une vingtaine d&rsquo;\u00e9diteurs ainsi que les partenaires privil\u00e9gi\u00e9s de l&rsquo;Ageem : le r\u00e9seau Canop\u00e9, le Cr\u00e9dit mutuel enseignant qui finance le catalogue du congr\u00e8s, la Maif qui offre\u00a0des\u00a0sacs de sport\u00a0aux\u00a0congressistes et la librairie Autrement dit qui permet aux \u00e9diteurs locaux d&rsquo;\u00eatre visibles.<\/p>\n<figure id=\"attachment_851\" aria-describedby=\"caption-attachment-851\" style=\"width: 152px\" class=\"wp-caption alignright\"><a href=\"https:\/\/ageem21.fr\/wp-content\/uploads\/2016\/05\/SAM_4345.jpg\" data-rel=\"lightbox-gallery-UW1xCvjZ\" data-rl_title=\"\" data-rl_caption=\"\" title=\"\"><img loading=\"lazy\" decoding=\"async\" class=\"wp-image-851\" src=\"https:\/\/ageem21.fr\/wp-content\/uploads\/2016\/05\/SAM_4345-e1464199438166-225x300.jpg\" alt=\"Un ours \u00e0 croquer\" width=\"152\" height=\"203\" srcset=\"https:\/\/ageem21.fr\/wp-content\/uploads\/2016\/05\/SAM_4345-e1464199438166-225x300.jpg 225w, https:\/\/ageem21.fr\/wp-content\/uploads\/2016\/05\/SAM_4345-e1464199438166.jpg 600w\" sizes=\"auto, (max-width: 152px) 100vw, 152px\" \/><\/a><figcaption id=\"caption-attachment-851\" class=\"wp-caption-text\">Un ours \u00e0 croquer<\/figcaption><\/figure>\n<p style=\"text-align: justify;\">Comme toujours en Bourgogne, la\u00a0visite s&rsquo;est conclue autour d&rsquo;un buffet : goug\u00e8res et g\u00e2teaux aux couleurs de l&rsquo;ours Pompon ont satisfait les gourmands.<\/p>\n<p style=\"text-align: justify;\">\n<em>Un avant-go\u00fbt pour vous accueillir dans les meilleures conditions !<\/em><\/p>\n<div id='gallery-1' class='gallery galleryid-854 gallery-columns-3 gallery-size-thumbnail'><figure class='gallery-item'>\n\t\t\t<div class='gallery-icon landscape'>\n\t\t\t\t<a href='https:\/\/ageem21.fr\/wp-content\/uploads\/2016\/05\/SAM_4329.jpg' title=\"Editeurs et partenaires du Congr\u00e8s\" data-rl_title=\"Editeurs et partenaires du Congr\u00e8s\" class=\"rl-gallery-link\" data-rl_caption=\"\" data-rel=\"lightbox-gallery-1\"><img loading=\"lazy\" decoding=\"async\" width=\"150\" height=\"150\" src=\"https:\/\/ageem21.fr\/wp-content\/uploads\/2016\/05\/SAM_4329-150x150.jpg\" class=\"attachment-thumbnail size-thumbnail\" alt=\"\" aria-describedby=\"gallery-1-843\" \/><\/a>\n\t\t\t<\/div>\n\t\t\t\t<figcaption class='wp-caption-text gallery-caption' id='gallery-1-843'>\n\t\t\t\tEditeurs et partenaires du Congr\u00e8s\n\t\t\t\t<\/figcaption><\/figure><figure class='gallery-item'>\n\t\t\t<div class='gallery-icon landscape'>\n\t\t\t\t<a href='https:\/\/ageem21.fr\/wp-content\/uploads\/2016\/05\/SAM_4331.jpg' title=\"La commission \u00e9diteurs\" data-rl_title=\"La commission \u00e9diteurs\" class=\"rl-gallery-link\" data-rl_caption=\"\" data-rel=\"lightbox-gallery-1\"><img loading=\"lazy\" decoding=\"async\" width=\"150\" height=\"150\" src=\"https:\/\/ageem21.fr\/wp-content\/uploads\/2016\/05\/SAM_4331-150x150.jpg\" class=\"attachment-thumbnail size-thumbnail\" alt=\"\" aria-describedby=\"gallery-1-844\" \/><\/a>\n\t\t\t<\/div>\n\t\t\t\t<figcaption class='wp-caption-text gallery-caption' id='gallery-1-844'>\n\t\t\t\tLa commission \u00e9diteurs\n\t\t\t\t<\/figcaption><\/figure><figure class='gallery-item'>\n\t\t\t<div class='gallery-icon landscape'>\n\t\t\t\t<a href='https:\/\/ageem21.fr\/wp-content\/uploads\/2016\/05\/SAM_4335.jpg' title=\"Le Palais des Congr\u00e8s : de vastes espaces\" data-rl_title=\"Le Palais des Congr\u00e8s : de vastes espaces\" class=\"rl-gallery-link\" data-rl_caption=\"\" data-rel=\"lightbox-gallery-1\"><img loading=\"lazy\" decoding=\"async\" width=\"150\" height=\"150\" src=\"https:\/\/ageem21.fr\/wp-content\/uploads\/2016\/05\/SAM_4335-150x150.jpg\" class=\"attachment-thumbnail size-thumbnail\" alt=\"\" aria-describedby=\"gallery-1-847\" \/><\/a>\n\t\t\t<\/div>\n\t\t\t\t<figcaption class='wp-caption-text gallery-caption' id='gallery-1-847'>\n\t\t\t\tLe Palais des Congr\u00e8s : de vastes espaces\n\t\t\t\t<\/figcaption><\/figure><figure class='gallery-item'>\n\t\t\t<div class='gallery-icon landscape'>\n\t\t\t\t<a href='https:\/\/ageem21.fr\/wp-content\/uploads\/2016\/05\/SAM_4336.jpg' title=\"En visite\" data-rl_title=\"En visite\" class=\"rl-gallery-link\" data-rl_caption=\"\" data-rel=\"lightbox-gallery-1\"><img loading=\"lazy\" decoding=\"async\" width=\"150\" height=\"150\" src=\"https:\/\/ageem21.fr\/wp-content\/uploads\/2016\/05\/SAM_4336-150x150.jpg\" class=\"attachment-thumbnail size-thumbnail\" alt=\"\" aria-describedby=\"gallery-1-848\" \/><\/a>\n\t\t\t<\/div>\n\t\t\t\t<figcaption class='wp-caption-text gallery-caption' id='gallery-1-848'>\n\t\t\t\tEn visite\n\t\t\t\t<\/figcaption><\/figure>\n\t\t<\/div>\n\n","protected":false},"excerpt":{"rendered":"<p>A la d\u00e9couverte des lieux Mercredi 25 mai, en pr\u00e9sence d&rsquo;Isabelle Racoffier, pr\u00e9sidente nationale de l&rsquo;AGEEM, les \u00e9diteurs et partenaires du congr\u00e8s ont pu d\u00e9couvrir les lieux, \u00e0 savoir le &hellip; <a href=\"https:\/\/ageem21.fr\/?p=854\" class=\"more-link\">Continuer la lecture de <span class=\"screen-reader-text\">89eme CONGRES AGEEM, invitation des \u00e9diteurs<\/span>  <span class=\"meta-nav\">&rarr;<\/span><\/a><\/p>\n","protected":false},"author":3,"featured_media":0,"comment_status":"closed","ping_status":"closed","sticky":false,"template":"","format":"standard","meta":{"footnotes":""},"categories":[13,4,9],"tags":[24],"class_list":["post-854","post","type-post","status-publish","format-standard","hentry","category-en-direct-du-congres","category-le-congres-2016","category-presse-et-communication","tag-articles"],"_links":{"self":[{"href":"https:\/\/ageem21.fr\/index.php?rest_route=\/wp\/v2\/posts\/854","targetHints":{"allow":["GET"]}}],"collection":[{"href":"https:\/\/ageem21.fr\/index.php?rest_route=\/wp\/v2\/posts"}],"about":[{"href":"https:\/\/ageem21.fr\/index.php?rest_route=\/wp\/v2\/types\/post"}],"author":[{"embeddable":true,"href":"https:\/\/ageem21.fr\/index.php?rest_route=\/wp\/v2\/users\/3"}],"replies":[{"embeddable":true,"href":"https:\/\/ageem21.fr\/index.php?rest_route=%2Fwp%2Fv2%2Fcomments&post=854"}],"version-history":[{"count":5,"href":"https:\/\/ageem21.fr\/index.php?rest_route=\/wp\/v2\/posts\/854\/revisions"}],"predecessor-version":[{"id":860,"href":"https:\/\/ageem21.fr\/index.php?rest_route=\/wp\/v2\/posts\/854\/revisions\/860"}],"wp:attachment":[{"href":"https:\/\/ageem21.fr\/index.php?rest_route=%2Fwp%2Fv2%2Fmedia&parent=854"}],"wp:term":[{"taxonomy":"category","embeddable":true,"href":"https:\/\/ageem21.fr\/index.php?rest_route=%2Fwp%2Fv2%2Fcategories&post=854"},{"taxonomy":"post_tag","embeddable":true,"href":"https:\/\/ageem21.fr\/index.php?rest_route=%2Fwp%2Fv2%2Ftags&post=854"}],"curies":[{"name":"wp","href":"https:\/\/api.w.org\/{rel}","templated":true}]}}