{"id":81,"date":"2015-05-02T09:56:41","date_gmt":"2015-05-02T07:56:41","guid":{"rendered":"http:\/\/ageem21.fr\/?p=81"},"modified":"2015-05-19T10:02:32","modified_gmt":"2015-05-19T08:02:32","slug":"constitution-de-lequipe-organisatrice","status":"publish","type":"post","link":"https:\/\/ageem21.fr\/?p=81","title":{"rendered":"Constitution de l&rsquo;\u00e9quipe organisatrice"},"content":{"rendered":"<p>Mercredi 21 janvier 2015, plus de quarante personnes se sont engag\u00e9es dans l&rsquo;organisation de ce 89i\u00e8me congr\u00e8s national.<\/p>\n<p><a href=\"https:\/\/ageem21.fr\/wp-content\/uploads\/2015\/05\/equipe_locale1.jpeg\" data-rel=\"lightbox-gallery-pqzWA3zT\" data-rl_title=\"\" data-rl_caption=\"\" title=\"\"><img loading=\"lazy\" decoding=\"async\" class=\"alignnone size-medium wp-image-71\" src=\"https:\/\/ageem21.fr\/wp-content\/uploads\/2015\/05\/equipe_locale1-225x300.jpeg\" alt=\"equipe_locale1\" width=\"225\" height=\"300\" srcset=\"https:\/\/ageem21.fr\/wp-content\/uploads\/2015\/05\/equipe_locale1-225x300.jpeg 225w, https:\/\/ageem21.fr\/wp-content\/uploads\/2015\/05\/equipe_locale1.jpeg 240w\" sizes=\"auto, (max-width: 225px) 100vw, 225px\" \/><\/a><\/p>\n<p>L&rsquo;\u00e9quipe sera soutenue par nos jeunes retrait\u00e9es qui ont r\u00e9pondu favorablement \u00e0 l&rsquo;appel, heureuses de participer de nouveau \u00e0 l&rsquo;aventure congr\u00e8s.<\/p>\n<p>Voici nos organisateurs r\u00e9f\u00e9rents :<br \/>\n<a href=\"https:\/\/ageem21.fr\/wp-content\/uploads\/2015\/05\/equipe_locale.jpeg\" data-rel=\"lightbox-gallery-pqzWA3zT\" data-rl_title=\"\" data-rl_caption=\"\" title=\"\"><img loading=\"lazy\" decoding=\"async\" class=\"alignnone size-medium wp-image-70\" src=\"https:\/\/ageem21.fr\/wp-content\/uploads\/2015\/05\/equipe_locale-300x225.jpeg\" alt=\"equipe_locale\" width=\"300\" height=\"225\" srcset=\"https:\/\/ageem21.fr\/wp-content\/uploads\/2015\/05\/equipe_locale-300x225.jpeg 300w, https:\/\/ageem21.fr\/wp-content\/uploads\/2015\/05\/equipe_locale.jpeg 320w\" sizes=\"auto, (max-width: 300px) 100vw, 300px\" \/><\/a><\/p>\n","protected":false},"excerpt":{"rendered":"<p>Mercredi 21 janvier 2015, plus de quarante personnes se sont engag\u00e9es dans l&rsquo;organisation de ce 89i\u00e8me congr\u00e8s national. L&rsquo;\u00e9quipe sera soutenue par nos jeunes retrait\u00e9es qui ont r\u00e9pondu favorablement \u00e0 &hellip; <a href=\"https:\/\/ageem21.fr\/?p=81\" class=\"more-link\">Continuer la lecture de <span class=\"screen-reader-text\">Constitution de l&rsquo;\u00e9quipe organisatrice<\/span>  <span class=\"meta-nav\">&rarr;<\/span><\/a><\/p>\n","protected":false},"author":2,"featured_media":0,"comment_status":"closed","ping_status":"closed","sticky":false,"template":"","format":"standard","meta":{"footnotes":""},"categories":[4],"tags":[],"class_list":["post-81","post","type-post","status-publish","format-standard","hentry","category-le-congres-2016"],"_links":{"self":[{"href":"https:\/\/ageem21.fr\/index.php?rest_route=\/wp\/v2\/posts\/81","targetHints":{"allow":["GET"]}}],"collection":[{"href":"https:\/\/ageem21.fr\/index.php?rest_route=\/wp\/v2\/posts"}],"about":[{"href":"https:\/\/ageem21.fr\/index.php?rest_route=\/wp\/v2\/types\/post"}],"author":[{"embeddable":true,"href":"https:\/\/ageem21.fr\/index.php?rest_route=\/wp\/v2\/users\/2"}],"replies":[{"embeddable":true,"href":"https:\/\/ageem21.fr\/index.php?rest_route=%2Fwp%2Fv2%2Fcomments&post=81"}],"version-history":[{"count":1,"href":"https:\/\/ageem21.fr\/index.php?rest_route=\/wp\/v2\/posts\/81\/revisions"}],"predecessor-version":[{"id":82,"href":"https:\/\/ageem21.fr\/index.php?rest_route=\/wp\/v2\/posts\/81\/revisions\/82"}],"wp:attachment":[{"href":"https:\/\/ageem21.fr\/index.php?rest_route=%2Fwp%2Fv2%2Fmedia&parent=81"}],"wp:term":[{"taxonomy":"category","embeddable":true,"href":"https:\/\/ageem21.fr\/index.php?rest_route=%2Fwp%2Fv2%2Fcategories&post=81"},{"taxonomy":"post_tag","embeddable":true,"href":"https:\/\/ageem21.fr\/index.php?rest_route=%2Fwp%2Fv2%2Ftags&post=81"}],"curies":[{"name":"wp","href":"https:\/\/api.w.org\/{rel}","templated":true}]}}