{"id":716,"date":"2016-04-14T00:12:33","date_gmt":"2016-04-13T22:12:33","guid":{"rendered":"http:\/\/ageem21.fr\/?p=716"},"modified":"2016-04-15T23:14:03","modified_gmt":"2016-04-15T21:14:03","slug":"en-direct-des-expositions-2","status":"publish","type":"post","link":"https:\/\/ageem21.fr\/?p=716","title":{"rendered":"EN DIRECT DES EXPOSITIONS&#8230;"},"content":{"rendered":"<p><strong><span style=\"font-size: 18pt; color: #00ffff;\">UNE TROISIEME EXPOSITION SE MET AU DIAPASON&#8230;<\/span><\/strong><\/p>\n<p><span style=\"color: #f50ad9;\"><span style=\"font-size: 14pt;\"><span style=\"text-decoration: underline;\"><span style=\"color: #000000; text-decoration: underline;\">ECOLE MATERNELLE DE NOIRON-SOUS-GEVREY<\/span><\/span><br \/>\n<strong><br \/>\n<span style=\"font-size: 18pt;\">A l&rsquo;unisson pour l&rsquo;\u00e9co-son<\/span><br \/>\n<\/strong><\/span><strong><span style=\"font-size: 18pt;\"><br \/>\n<\/span><\/strong><\/span><\/p>\n<p>\u00ab\u00a0La chorale de l&rsquo;\u00e9cole maternelle de Noiron-sous-Gevrey vise \u00e0 d\u00e9velopper la pratique vocale, l&rsquo;esprit d&rsquo;\u00e9quipe et la coop\u00e9ration. Chanter ensemble devrait \u00eatre un vecteur important de socialisation.<br \/>\nLa chorale doit devenir un moment privil\u00e9gi\u00e9 dans la semaine car elle regroupera tous les \u00e9l\u00e8ves de l&rsquo;\u00e9cole, quel que soit leur niveau scolaire\u00a0; elle ne n\u00e9cessite aucune comp\u00e9tence particuli\u00e8re, contribuant ainsi \u00e0 l&rsquo;int\u00e9gration de tous et au sentiment d&rsquo;appartenance \u00e0 un groupe, \u00e0 une \u00e9cole. La chorale devrait \u00eatre un \u00e9l\u00e9ment f\u00e9d\u00e9rateur.<br \/>\nNous chercherons \u00e0 travers le chant choral \u00e0 mobiliser l&rsquo;autonomie, l&rsquo;initiative, la sociabilit\u00e9, le civisme et l&rsquo;estime de soi. Gr\u00e2ce aux repr\u00e9sentations publiques (f\u00eate d&rsquo;\u00e9cole, \u00e9changes avec l&rsquo;\u00e9cole \u00e9l\u00e9mentaire), les \u00e9l\u00e8ves partageront le plaisir d&rsquo;un travail collectif reconnu dans le cadre scolaire et en dehors.<strong><br \/>\n<\/strong>Chaque classe est sollicit\u00e9e pour fabriquer des instruments \u00e0 partir de mat\u00e9riaux recycl\u00e9s (action \u00e9co-citoyenne). L&rsquo;utilisation de ces instruments pendant la chorale favorisera une attitude active et participative.<br \/>\nL&rsquo;\u00e9quipe p\u00e9dagogique, \u00a0\u00e0<em>\u00a0<\/em>travers son enthousiasme, a le souhait de \u00a0transmettre aux enfants le plaisir de chanter ensemble.<strong><br \/>\n<\/strong>A travers ce moment de partage on cherchera \u00e0 cr\u00e9er une ambiance d&rsquo;\u00e9cole sereine, apais\u00e9e, festive\u00a0: c&rsquo;est le bien \u00eatre \u00e0 l&rsquo;\u00e9cole mais \u00e9galement dans sa t\u00eate et dans son corps qui est vis\u00e9.\u00a0\u00bb<strong><br \/>\n<em><span style=\"font-size: 10pt;\">L&rsquo;\u00e9quipe enseignante : Nathalie\u00a0<\/span><strong><span style=\"font-size: 10pt;\">Mokrani- Durand, Corinne \u00a0Faur\u00e9, \u00a0Marina \u00a0Boillaud et \u00a0L\u00e9a Beuret-Naudin<\/span><br \/>\n<span style=\"font-size: 10pt;\">Ecole maternelle de Noiron-sous-Gevrey<\/span><br \/>\n<\/strong><\/em><\/strong><span style=\"font-size: 10pt;\"><em>0211407R@ac-dijon.fr<br \/>\n<\/em><\/span><\/p>\n<table class=\" aligncenter\" border=\"0\">\n<tbody>\n<tr>\n<td><a href=\"https:\/\/ageem21.fr\/wp-content\/uploads\/2016\/04\/Eco-son1.png\" rel=\"attachment wp-att-717\" data-rel=\"lightbox-gallery-EgGtsKuu\" data-rl_title=\"\" data-rl_caption=\"\" title=\"\"><img loading=\"lazy\" decoding=\"async\" class=\"size-full wp-image-717 aligncenter\" src=\"https:\/\/ageem21.fr\/wp-content\/uploads\/2016\/04\/Eco-son1.png\" alt=\"Eco-son1\" width=\"230\" height=\"136\" \/><\/a><\/td>\n<td><a href=\"https:\/\/ageem21.fr\/wp-content\/uploads\/2016\/04\/Eco-son3.png\" rel=\"attachment wp-att-719\" data-rel=\"lightbox-gallery-EgGtsKuu\" data-rl_title=\"\" data-rl_caption=\"\" title=\"\"><img loading=\"lazy\" decoding=\"async\" class=\"aligncenter size-medium wp-image-719\" src=\"https:\/\/ageem21.fr\/wp-content\/uploads\/2016\/04\/Eco-son3.png\" alt=\"Eco-son3\" width=\"232\" height=\"165\" \/><\/a><\/td>\n<td><a href=\"https:\/\/ageem21.fr\/wp-content\/uploads\/2016\/04\/Eco-son2.png\" rel=\"attachment wp-att-718\" data-rel=\"lightbox-gallery-EgGtsKuu\" data-rl_title=\"\" data-rl_caption=\"\" title=\"\"><img loading=\"lazy\" decoding=\"async\" class=\"aligncenter size-medium wp-image-718\" src=\"https:\/\/ageem21.fr\/wp-content\/uploads\/2016\/04\/Eco-son2.png\" alt=\"Eco-son2\" width=\"221\" height=\"136\" \/><\/a><\/td>\n<\/tr>\n<tr>\n<td><a href=\"https:\/\/ageem21.fr\/wp-content\/uploads\/2016\/04\/Eco-son4.png\" rel=\"attachment wp-att-720\" data-rel=\"lightbox-gallery-EgGtsKuu\" data-rl_title=\"\" data-rl_caption=\"\" title=\"\"><img loading=\"lazy\" decoding=\"async\" class=\"aligncenter size-medium wp-image-720\" src=\"https:\/\/ageem21.fr\/wp-content\/uploads\/2016\/04\/Eco-son4.png\" alt=\"Eco-son4\" width=\"216\" height=\"241\" \/><\/a><\/td>\n<td><a href=\"https:\/\/ageem21.fr\/wp-content\/uploads\/2016\/04\/Eco-son5.png\" rel=\"attachment wp-att-721\" data-rel=\"lightbox-gallery-EgGtsKuu\" data-rl_title=\"\" data-rl_caption=\"\" title=\"\"><img loading=\"lazy\" decoding=\"async\" class=\"aligncenter size-medium wp-image-721\" src=\"https:\/\/ageem21.fr\/wp-content\/uploads\/2016\/04\/Eco-son5.png\" alt=\"Eco-son5\" width=\"230\" height=\"265\" \/><\/a><\/td>\n<td><\/td>\n<\/tr>\n<\/tbody>\n<\/table>\n<p><iframe loading=\"lazy\" src=\"\/\/www.youtube.com\/embed\/eazxXxCkhac\" width=\"560\" height=\"314\" allowfullscreen=\"allowfullscreen\"><\/iframe><\/p>\n<p><em>R\u00e9dig\u00e9 par la commission Presse, \u00e0 partir d\u2019 \u00ab\u00a0Ecrire un court article\u00a0\u00bb envoy\u00e9 par les coll\u00e8gues sur l\u2019adresse du secr\u00e9tariat du congr\u00e8s, \u00e0 vous de jouer si vous le souhaitez !<br \/>\n<a href=\"http:\/\/congresageem.dijon2016@gmail.com\/\" target=\"_blank\">http:\/\/congresageem.dijon2016@gmail.com<\/a><br \/>\n<a href=\"https:\/\/ageem21.fr\/wp-content\/uploads\/2016\/04\/E%CC%81crire-un-court-article-pour-le-congre%CC%80s.odt\" rel=\"\">E\u0301crire un court article pour le congre\u0300s<\/a><\/em><\/p>\n","protected":false},"excerpt":{"rendered":"<p>UNE TROISIEME EXPOSITION SE MET AU DIAPASON&#8230; ECOLE MATERNELLE DE NOIRON-SOUS-GEVREY A l&rsquo;unisson pour l&rsquo;\u00e9co-son \u00ab\u00a0La chorale de l&rsquo;\u00e9cole maternelle de Noiron-sous-Gevrey vise \u00e0 d\u00e9velopper la pratique vocale, l&rsquo;esprit d&rsquo;\u00e9quipe &hellip; <a href=\"https:\/\/ageem21.fr\/?p=716\" class=\"more-link\">Continuer la lecture de <span class=\"screen-reader-text\">EN DIRECT DES EXPOSITIONS&#8230;<\/span>  <span class=\"meta-nav\">&rarr;<\/span><\/a><\/p>\n","protected":false},"author":2,"featured_media":0,"comment_status":"closed","ping_status":"closed","sticky":false,"template":"","format":"standard","meta":{"footnotes":""},"categories":[12,3,4,9],"tags":[39],"class_list":["post-716","post","type-post","status-publish","format-standard","hentry","category-dans-les-classes","category-la-section-21","category-le-congres-2016","category-presse-et-communication","tag-article-exposition-pedagogique"],"_links":{"self":[{"href":"https:\/\/ageem21.fr\/index.php?rest_route=\/wp\/v2\/posts\/716","targetHints":{"allow":["GET"]}}],"collection":[{"href":"https:\/\/ageem21.fr\/index.php?rest_route=\/wp\/v2\/posts"}],"about":[{"href":"https:\/\/ageem21.fr\/index.php?rest_route=\/wp\/v2\/types\/post"}],"author":[{"embeddable":true,"href":"https:\/\/ageem21.fr\/index.php?rest_route=\/wp\/v2\/users\/2"}],"replies":[{"embeddable":true,"href":"https:\/\/ageem21.fr\/index.php?rest_route=%2Fwp%2Fv2%2Fcomments&post=716"}],"version-history":[{"count":9,"href":"https:\/\/ageem21.fr\/index.php?rest_route=\/wp\/v2\/posts\/716\/revisions"}],"predecessor-version":[{"id":731,"href":"https:\/\/ageem21.fr\/index.php?rest_route=\/wp\/v2\/posts\/716\/revisions\/731"}],"wp:attachment":[{"href":"https:\/\/ageem21.fr\/index.php?rest_route=%2Fwp%2Fv2%2Fmedia&parent=716"}],"wp:term":[{"taxonomy":"category","embeddable":true,"href":"https:\/\/ageem21.fr\/index.php?rest_route=%2Fwp%2Fv2%2Fcategories&post=716"},{"taxonomy":"post_tag","embeddable":true,"href":"https:\/\/ageem21.fr\/index.php?rest_route=%2Fwp%2Fv2%2Ftags&post=716"}],"curies":[{"name":"wp","href":"https:\/\/api.w.org\/{rel}","templated":true}]}}