{"id":512,"date":"2015-12-17T20:53:21","date_gmt":"2015-12-17T19:53:21","guid":{"rendered":"http:\/\/ageem21.fr\/?p=512"},"modified":"2015-12-17T23:41:32","modified_gmt":"2015-12-17T22:41:32","slug":"le-banc-de-lamitie","status":"publish","type":"post","link":"https:\/\/ageem21.fr\/?p=512","title":{"rendered":"Le banc de l&rsquo;amiti\u00e9 !"},"content":{"rendered":"<p style=\"text-align: center;\"><span style=\"color: #00ccff;\"><strong><span style=\"font-size: 14pt;\"><em>A l&rsquo;initiative de l&rsquo;AGEEM, dans le cadre de<br \/>\nla journ\u00e9e nationale de la La\u00efcit\u00e9, ce mercredi 9 d\u00e9cembre,<\/em><\/span><br \/>\n<\/strong><\/span>toutes les \u00e9coles maternelles sont invit\u00e9es \u00e0 inaugurer<br \/>\n<span style=\"color: #c904b2; font-size: 24pt;\"><strong>le banc de l&rsquo;amiti\u00e9<\/strong><\/span><br \/>\npour favoriser l&#8217;empathie et<br \/>\nfaire vivre les valeurs\u00a0essentielles\u00a0du \u00ab\u00a0Vivre ensemble\u00a0\u00bb.<\/p>\n<p style=\"text-align: center;\"><a href=\"https:\/\/ageem21.fr\/wp-content\/uploads\/2015\/12\/imagelaicite.jpg\" data-rel=\"lightbox-gallery-yBsxwUQk\" data-rl_title=\"\" data-rl_caption=\"\" title=\"\"><img loading=\"lazy\" decoding=\"async\" class=\"aligncenter size-medium wp-image-514\" src=\"https:\/\/ageem21.fr\/wp-content\/uploads\/2015\/12\/imagelaicite-204x300.jpg\" alt=\"imagelaicite\" width=\"204\" height=\"300\" srcset=\"https:\/\/ageem21.fr\/wp-content\/uploads\/2015\/12\/imagelaicite-204x300.jpg 204w, https:\/\/ageem21.fr\/wp-content\/uploads\/2015\/12\/imagelaicite.jpg 250w\" sizes=\"auto, (max-width: 204px) 100vw, 204px\" \/><\/a><\/p>\n<p style=\"text-align: center;\"><a href=\"https:\/\/ageem21.fr\/wp-content\/uploads\/2015\/12\/bancamitie-flyerdef.pdf\">bancamitie-flyerdef<\/a><a href=\"https:\/\/ageem21.fr\/wp-content\/uploads\/2015\/12\/imagelaicite.jpg\" data-rel=\"lightbox-gallery-yBsxwUQk\" data-rl_title=\"\" data-rl_caption=\"\" title=\"\"><br \/>\n<\/a>N&rsquo;h\u00e9sitez pas \u00e0 nous faire part de vos actions dans vos \u00e9coles ! <em>(Envoyer textes et\/ou photos \u00e0 : <span style=\"color: #00ccff;\"><a style=\"color: #00ccff;\" href=\"mailto:congresageem.dijon2016@gmail.com\" target=\"_blank\">congresageem.dijon2016@gmail.com<\/a><\/span> \u00a0 )<\/em><\/p>\n<p style=\"text-align: center;\"><em>Du banc de l&rsquo;amiti\u00e9, initi\u00e9 dans la classe par l&rsquo;interm\u00e9diaire de la mascotte, \u00e0 celui qui voyage entre les classes, en passant par celui install\u00e9 dans le hall d&rsquo;entr\u00e9e pour \u00eatre utilis\u00e9 avec les parents ;<br \/>\nquelques initiatives en photos<\/em><a href=\"https:\/\/ageem21.fr\/wp-content\/uploads\/2015\/12\/BC6.png\" rel=\"attachment wp-att-564\" data-rel=\"lightbox-gallery-yBsxwUQk\" data-rl_title=\"la d\u00e9coration du banc\" data-rl_caption=\"\" title=\"la d\u00e9coration du banc\">\u00a0<\/a><\/p>\n<div id='gallery-1' class='gallery galleryid-512 gallery-columns-3 gallery-size-thumbnail'><figure class='gallery-item'>\n\t\t\t<div class='gallery-icon landscape'>\n\t\t\t\t<a href='https:\/\/ageem21.fr\/wp-content\/uploads\/2015\/12\/BANC.AMITIE.jpg' title=\"Avec la mascotte OTTO\" data-rl_title=\"Avec la mascotte OTTO\" class=\"rl-gallery-link\" data-rl_caption=\"\" data-rel=\"lightbox-gallery-1\"><img loading=\"lazy\" decoding=\"async\" width=\"150\" height=\"150\" src=\"https:\/\/ageem21.fr\/wp-content\/uploads\/2015\/12\/BANC.AMITIE-150x150.jpg\" class=\"attachment-thumbnail size-thumbnail\" alt=\"\" aria-describedby=\"gallery-1-558\" \/><\/a>\n\t\t\t<\/div>\n\t\t\t\t<figcaption class='wp-caption-text gallery-caption' id='gallery-1-558'>\n\t\t\t\tAvec la mascotte OTTO \n\t\t\t\t<\/figcaption><\/figure><figure class='gallery-item'>\n\t\t\t<div class='gallery-icon landscape'>\n\t\t\t\t<a href='https:\/\/ageem21.fr\/wp-content\/uploads\/2015\/12\/IMG_1068.jpg' title=\"Le faire voyager de classe en classe\" data-rl_title=\"Le faire voyager de classe en classe\" class=\"rl-gallery-link\" data-rl_caption=\"\" data-rel=\"lightbox-gallery-1\"><img loading=\"lazy\" decoding=\"async\" width=\"150\" height=\"150\" src=\"https:\/\/ageem21.fr\/wp-content\/uploads\/2015\/12\/IMG_1068-150x150.jpg\" class=\"attachment-thumbnail size-thumbnail\" alt=\"\" aria-describedby=\"gallery-1-565\" \/><\/a>\n\t\t\t<\/div>\n\t\t\t\t<figcaption class='wp-caption-text gallery-caption' id='gallery-1-565'>\n\t\t\t\tLe faire voyager de classe en classe\n\t\t\t\t<\/figcaption><\/figure><figure class='gallery-item'>\n\t\t\t<div class='gallery-icon landscape'>\n\t\t\t\t<a href='https:\/\/ageem21.fr\/wp-content\/uploads\/2015\/12\/IMG_1076.jpg' title=\"explication du fonctionnement du banc \u00e0 d&#039;autres classes\" data-rl_title=\"explication du fonctionnement du banc \u00e0 d&#039;autres classes\" class=\"rl-gallery-link\" data-rl_caption=\"\" data-rel=\"lightbox-gallery-1\"><img loading=\"lazy\" decoding=\"async\" width=\"150\" height=\"150\" src=\"https:\/\/ageem21.fr\/wp-content\/uploads\/2015\/12\/IMG_1076-150x150.jpg\" class=\"attachment-thumbnail size-thumbnail\" alt=\"\" aria-describedby=\"gallery-1-566\" \/><\/a>\n\t\t\t<\/div>\n\t\t\t\t<figcaption class='wp-caption-text gallery-caption' id='gallery-1-566'>\n\t\t\t\texplication du fonctionnement du banc \u00e0 d&rsquo;autres classes\n\t\t\t\t<\/figcaption><\/figure><figure class='gallery-item'>\n\t\t\t<div class='gallery-icon landscape'>\n\t\t\t\t<a href='https:\/\/ageem21.fr\/wp-content\/uploads\/2015\/12\/IMG_1081.jpg' title=\"inauguration avec les parents, les \u00e9lus\" data-rl_title=\"inauguration avec les parents, les \u00e9lus\" class=\"rl-gallery-link\" data-rl_caption=\"\" data-rel=\"lightbox-gallery-1\"><img loading=\"lazy\" decoding=\"async\" width=\"150\" height=\"150\" src=\"https:\/\/ageem21.fr\/wp-content\/uploads\/2015\/12\/IMG_1081-150x150.jpg\" class=\"attachment-thumbnail size-thumbnail\" alt=\"\" aria-describedby=\"gallery-1-567\" \/><\/a>\n\t\t\t<\/div>\n\t\t\t\t<figcaption class='wp-caption-text gallery-caption' id='gallery-1-567'>\n\t\t\t\tinauguration  avec les parents, les \u00e9lus\n\t\t\t\t<\/figcaption><\/figure><figure class='gallery-item'>\n\t\t\t<div class='gallery-icon landscape'>\n\t\t\t\t<a href='https:\/\/ageem21.fr\/wp-content\/uploads\/2015\/12\/IMG_1083.jpg' title=\"la po\u00e9sie de l&#039;amiti\u00e9\" data-rl_title=\"la po\u00e9sie de l&#039;amiti\u00e9\" class=\"rl-gallery-link\" data-rl_caption=\"\" data-rel=\"lightbox-gallery-1\"><img loading=\"lazy\" decoding=\"async\" width=\"150\" height=\"150\" src=\"https:\/\/ageem21.fr\/wp-content\/uploads\/2015\/12\/IMG_1083-150x150.jpg\" class=\"attachment-thumbnail size-thumbnail\" alt=\"\" aria-describedby=\"gallery-1-568\" \/><\/a>\n\t\t\t<\/div>\n\t\t\t\t<figcaption class='wp-caption-text gallery-caption' id='gallery-1-568'>\n\t\t\t\tla po\u00e9sie de l&rsquo;amiti\u00e9\n\t\t\t\t<\/figcaption><\/figure><figure class='gallery-item'>\n\t\t\t<div class='gallery-icon landscape'>\n\t\t\t\t<a href='https:\/\/ageem21.fr\/wp-content\/uploads\/2015\/12\/IMG_1089.jpg' title=\"le projet expliqu\u00e9 aux familles\" data-rl_title=\"le projet expliqu\u00e9 aux familles\" class=\"rl-gallery-link\" data-rl_caption=\"\" data-rel=\"lightbox-gallery-1\"><img loading=\"lazy\" decoding=\"async\" width=\"150\" height=\"150\" src=\"https:\/\/ageem21.fr\/wp-content\/uploads\/2015\/12\/IMG_1089-150x150.jpg\" class=\"attachment-thumbnail size-thumbnail\" alt=\"\" aria-describedby=\"gallery-1-570\" \/><\/a>\n\t\t\t<\/div>\n\t\t\t\t<figcaption class='wp-caption-text gallery-caption' id='gallery-1-570'>\n\t\t\t\tle projet expliqu\u00e9 aux familles\n\t\t\t\t<\/figcaption><\/figure><figure class='gallery-item'>\n\t\t\t<div class='gallery-icon landscape'>\n\t\t\t\t<a href='https:\/\/ageem21.fr\/wp-content\/uploads\/2015\/12\/IMG_1093.jpg' title=\"inauguration avec les familles\" data-rl_title=\"inauguration avec les familles\" class=\"rl-gallery-link\" data-rl_caption=\"\" data-rel=\"lightbox-gallery-1\"><img loading=\"lazy\" decoding=\"async\" width=\"150\" height=\"150\" src=\"https:\/\/ageem21.fr\/wp-content\/uploads\/2015\/12\/IMG_1093-150x150.jpg\" class=\"attachment-thumbnail size-thumbnail\" alt=\"\" aria-describedby=\"gallery-1-571\" \/><\/a>\n\t\t\t<\/div>\n\t\t\t\t<figcaption class='wp-caption-text gallery-caption' id='gallery-1-571'>\n\t\t\t\tinauguration avec les familles\n\t\t\t\t<\/figcaption><\/figure><figure class='gallery-item'>\n\t\t\t<div class='gallery-icon landscape'>\n\t\t\t\t<a href='https:\/\/ageem21.fr\/wp-content\/uploads\/2015\/12\/IMG_1085.jpg' title=\"veux-tu \u00eatre mon amie ?\" data-rl_title=\"veux-tu \u00eatre mon amie ?\" class=\"rl-gallery-link\" data-rl_caption=\"\" data-rel=\"lightbox-gallery-1\"><img loading=\"lazy\" decoding=\"async\" width=\"150\" height=\"150\" src=\"https:\/\/ageem21.fr\/wp-content\/uploads\/2015\/12\/IMG_1085-150x150.jpg\" class=\"attachment-thumbnail size-thumbnail\" alt=\"\" aria-describedby=\"gallery-1-569\" \/><\/a>\n\t\t\t<\/div>\n\t\t\t\t<figcaption class='wp-caption-text gallery-caption' id='gallery-1-569'>\n\t\t\t\tveux-tu \u00eatre mon amie ?\n\t\t\t\t<\/figcaption><\/figure><figure class='gallery-item'>\n\t\t\t<div class='gallery-icon landscape'>\n\t\t\t\t<a href='https:\/\/ageem21.fr\/wp-content\/uploads\/2015\/12\/BC6.png' title=\"la d\u00e9coration du banc\" data-rl_title=\"la d\u00e9coration du banc\" class=\"rl-gallery-link\" data-rl_caption=\"\" data-rel=\"lightbox-gallery-1\"><img loading=\"lazy\" decoding=\"async\" width=\"150\" height=\"150\" src=\"https:\/\/ageem21.fr\/wp-content\/uploads\/2015\/12\/BC6-150x150.png\" class=\"attachment-thumbnail size-thumbnail\" alt=\"\" aria-describedby=\"gallery-1-564\" \/><\/a>\n\t\t\t<\/div>\n\t\t\t\t<figcaption class='wp-caption-text gallery-caption' id='gallery-1-564'>\n\t\t\t\tla d\u00e9coration du banc\n\t\t\t\t<\/figcaption><\/figure><figure class='gallery-item'>\n\t\t\t<div class='gallery-icon landscape'>\n\t\t\t\t<a href='https:\/\/ageem21.fr\/wp-content\/uploads\/2015\/12\/BC5.png' title=\"la d\u00e9coration du banc\" data-rl_title=\"la d\u00e9coration du banc\" class=\"rl-gallery-link\" data-rl_caption=\"\" data-rel=\"lightbox-gallery-1\"><img loading=\"lazy\" decoding=\"async\" width=\"150\" height=\"150\" src=\"https:\/\/ageem21.fr\/wp-content\/uploads\/2015\/12\/BC5-150x150.png\" class=\"attachment-thumbnail size-thumbnail\" alt=\"\" aria-describedby=\"gallery-1-563\" \/><\/a>\n\t\t\t<\/div>\n\t\t\t\t<figcaption class='wp-caption-text gallery-caption' id='gallery-1-563'>\n\t\t\t\tla d\u00e9coration du banc\n\t\t\t\t<\/figcaption><\/figure><figure class='gallery-item'>\n\t\t\t<div class='gallery-icon portrait'>\n\t\t\t\t<a href='https:\/\/ageem21.fr\/wp-content\/uploads\/2015\/12\/BC4.png' title=\"la d\u00e9coration du banc\" data-rl_title=\"la d\u00e9coration du banc\" class=\"rl-gallery-link\" data-rl_caption=\"\" data-rel=\"lightbox-gallery-1\"><img loading=\"lazy\" decoding=\"async\" width=\"150\" height=\"150\" src=\"https:\/\/ageem21.fr\/wp-content\/uploads\/2015\/12\/BC4-150x150.png\" class=\"attachment-thumbnail size-thumbnail\" alt=\"\" aria-describedby=\"gallery-1-562\" \/><\/a>\n\t\t\t<\/div>\n\t\t\t\t<figcaption class='wp-caption-text gallery-caption' id='gallery-1-562'>\n\t\t\t\tla d\u00e9coration du banc\n\t\t\t\t<\/figcaption><\/figure><figure class='gallery-item'>\n\t\t\t<div class='gallery-icon landscape'>\n\t\t\t\t<a href='https:\/\/ageem21.fr\/wp-content\/uploads\/2015\/12\/BC3.png' title=\"la d\u00e9coration du banc\" data-rl_title=\"la d\u00e9coration du banc\" class=\"rl-gallery-link\" data-rl_caption=\"\" data-rel=\"lightbox-gallery-1\"><img loading=\"lazy\" decoding=\"async\" width=\"150\" height=\"150\" src=\"https:\/\/ageem21.fr\/wp-content\/uploads\/2015\/12\/BC3-150x150.png\" class=\"attachment-thumbnail size-thumbnail\" alt=\"\" aria-describedby=\"gallery-1-561\" \/><\/a>\n\t\t\t<\/div>\n\t\t\t\t<figcaption class='wp-caption-text gallery-caption' id='gallery-1-561'>\n\t\t\t\tla d\u00e9coration du banc\n\t\t\t\t<\/figcaption><\/figure><figure class='gallery-item'>\n\t\t\t<div class='gallery-icon landscape'>\n\t\t\t\t<a href='https:\/\/ageem21.fr\/wp-content\/uploads\/2015\/12\/BC2.png' title=\"la d\u00e9coration du banc\" data-rl_title=\"la d\u00e9coration du banc\" class=\"rl-gallery-link\" data-rl_caption=\"\" data-rel=\"lightbox-gallery-1\"><img loading=\"lazy\" decoding=\"async\" width=\"150\" height=\"150\" src=\"https:\/\/ageem21.fr\/wp-content\/uploads\/2015\/12\/BC2-150x150.png\" class=\"attachment-thumbnail size-thumbnail\" alt=\"\" aria-describedby=\"gallery-1-560\" \/><\/a>\n\t\t\t<\/div>\n\t\t\t\t<figcaption class='wp-caption-text gallery-caption' id='gallery-1-560'>\n\t\t\t\tla d\u00e9coration du banc\n\t\t\t\t<\/figcaption><\/figure><figure class='gallery-item'>\n\t\t\t<div class='gallery-icon landscape'>\n\t\t\t\t<a href='https:\/\/ageem21.fr\/wp-content\/uploads\/2015\/12\/BC.png' title=\"dans la cour\" data-rl_title=\"dans la cour\" class=\"rl-gallery-link\" data-rl_caption=\"\" data-rel=\"lightbox-gallery-1\"><img loading=\"lazy\" decoding=\"async\" width=\"150\" height=\"150\" src=\"https:\/\/ageem21.fr\/wp-content\/uploads\/2015\/12\/BC-150x150.png\" class=\"attachment-thumbnail size-thumbnail\" alt=\"\" aria-describedby=\"gallery-1-559\" \/><\/a>\n\t\t\t<\/div>\n\t\t\t\t<figcaption class='wp-caption-text gallery-caption' id='gallery-1-559'>\n\t\t\t\tdans la cour\n\t\t\t\t<\/figcaption><\/figure>\n\t\t<\/div>\n\n<p style=\"text-align: center;\"><a href=\"https:\/\/ageem21.fr\/wp-content\/uploads\/2015\/12\/BC6.png\" rel=\"attachment wp-att-564\" data-rel=\"lightbox-gallery-yBsxwUQk\" data-rl_title=\"la d\u00e9coration du banc\" data-rl_caption=\"\" title=\"la d\u00e9coration du banc\"><br \/>\n<\/a> <a href=\"https:\/\/ageem21.fr\/wp-content\/uploads\/2015\/12\/BC5.png\" rel=\"attachment wp-att-563\" data-rel=\"lightbox-gallery-yBsxwUQk\" data-rl_title=\"la d\u00e9coration du banc\" data-rl_caption=\"\" title=\"la d\u00e9coration du banc\"><br \/>\n<\/a> <a href=\"https:\/\/ageem21.fr\/wp-content\/uploads\/2015\/12\/BC4.png\" rel=\"attachment wp-att-562\" data-rel=\"lightbox-gallery-yBsxwUQk\" data-rl_title=\"la d\u00e9coration du banc\" data-rl_caption=\"\" title=\"la d\u00e9coration du banc\"><br \/>\n<\/a> <a href=\"https:\/\/ageem21.fr\/wp-content\/uploads\/2015\/12\/BC3.png\" rel=\"attachment wp-att-561\" data-rel=\"lightbox-gallery-yBsxwUQk\" data-rl_title=\"la d\u00e9coration du banc\" data-rl_caption=\"\" title=\"la d\u00e9coration du banc\"><br \/>\n<\/a><\/p>\n","protected":false},"excerpt":{"rendered":"<p>A l&rsquo;initiative de l&rsquo;AGEEM, dans le cadre de la journ\u00e9e nationale de la La\u00efcit\u00e9, ce mercredi 9 d\u00e9cembre, toutes les \u00e9coles maternelles sont invit\u00e9es \u00e0 inaugurer le banc de l&rsquo;amiti\u00e9 &hellip; <a href=\"https:\/\/ageem21.fr\/?p=512\" class=\"more-link\">Continuer la lecture de <span class=\"screen-reader-text\">Le banc de l&rsquo;amiti\u00e9 !<\/span>  <span class=\"meta-nav\">&rarr;<\/span><\/a><\/p>\n","protected":false},"author":2,"featured_media":0,"comment_status":"closed","ping_status":"closed","sticky":false,"template":"","format":"standard","meta":{"footnotes":""},"categories":[3],"tags":[30],"class_list":["post-512","post","type-post","status-publish","format-standard","hentry","category-la-section-21","tag-banc-amitie"],"_links":{"self":[{"href":"https:\/\/ageem21.fr\/index.php?rest_route=\/wp\/v2\/posts\/512","targetHints":{"allow":["GET"]}}],"collection":[{"href":"https:\/\/ageem21.fr\/index.php?rest_route=\/wp\/v2\/posts"}],"about":[{"href":"https:\/\/ageem21.fr\/index.php?rest_route=\/wp\/v2\/types\/post"}],"author":[{"embeddable":true,"href":"https:\/\/ageem21.fr\/index.php?rest_route=\/wp\/v2\/users\/2"}],"replies":[{"embeddable":true,"href":"https:\/\/ageem21.fr\/index.php?rest_route=%2Fwp%2Fv2%2Fcomments&post=512"}],"version-history":[{"count":8,"href":"https:\/\/ageem21.fr\/index.php?rest_route=\/wp\/v2\/posts\/512\/revisions"}],"predecessor-version":[{"id":573,"href":"https:\/\/ageem21.fr\/index.php?rest_route=\/wp\/v2\/posts\/512\/revisions\/573"}],"wp:attachment":[{"href":"https:\/\/ageem21.fr\/index.php?rest_route=%2Fwp%2Fv2%2Fmedia&parent=512"}],"wp:term":[{"taxonomy":"category","embeddable":true,"href":"https:\/\/ageem21.fr\/index.php?rest_route=%2Fwp%2Fv2%2Fcategories&post=512"},{"taxonomy":"post_tag","embeddable":true,"href":"https:\/\/ageem21.fr\/index.php?rest_route=%2Fwp%2Fv2%2Ftags&post=512"}],"curies":[{"name":"wp","href":"https:\/\/api.w.org\/{rel}","templated":true}]}}