{"id":5012,"date":"2026-09-02T11:38:16","date_gmt":"2026-09-02T09:38:16","guid":{"rendered":"https:\/\/ageem21.fr\/?p=5012"},"modified":"2026-09-02T11:38:17","modified_gmt":"2026-09-02T09:38:17","slug":"la-rentree-de-la-section-ageem-21","status":"publish","type":"post","link":"https:\/\/ageem21.fr\/?p=5012","title":{"rendered":"La rentr\u00e9e de la section AGEEM 21"},"content":{"rendered":"\n<p class=\"wp-block-paragraph\">Le mardi 25 ao\u00fbt, la section Ageem 21 \u00e9tait pr\u00e9sente dans l&rsquo;atrium de l&rsquo;Inspe de Dijon pour rencontrer les \u00e9l\u00e8ves fonctionnaires et les fonctionnaires stagiaires lors de leur rentr\u00e9e.<\/p>\n\n\n<div class=\"wp-block-image\">\n<figure class=\"aligncenter size-large is-resized\"><a href=\"https:\/\/ageem21.fr\/wp-content\/uploads\/2026\/09\/20260825_134124-scaled.jpg\" data-rel=\"lightbox-gallery-lHAkQAeq\" data-rl_title=\"\" data-rl_caption=\"\" title=\"\"><img loading=\"lazy\" decoding=\"async\" width=\"1024\" height=\"768\" src=\"https:\/\/ageem21.fr\/wp-content\/uploads\/2026\/09\/20260825_134124-1024x768.jpg\" alt=\"\" class=\"wp-image-5013\" style=\"width:477px;height:auto\" srcset=\"https:\/\/ageem21.fr\/wp-content\/uploads\/2026\/09\/20260825_134124-1024x768.jpg 1024w, https:\/\/ageem21.fr\/wp-content\/uploads\/2026\/09\/20260825_134124-300x225.jpg 300w, https:\/\/ageem21.fr\/wp-content\/uploads\/2026\/09\/20260825_134124-768x576.jpg 768w, https:\/\/ageem21.fr\/wp-content\/uploads\/2026\/09\/20260825_134124-600x450.jpg 600w, https:\/\/ageem21.fr\/wp-content\/uploads\/2026\/09\/20260825_134124-1536x1152.jpg 1536w, https:\/\/ageem21.fr\/wp-content\/uploads\/2026\/09\/20260825_134124-2048x1536.jpg 2048w, https:\/\/ageem21.fr\/wp-content\/uploads\/2026\/09\/20260825_134124-1320x990.jpg 1320w\" sizes=\"auto, (max-width: 1024px) 100vw, 1024px\" \/><\/a><\/figure>\n<\/div>\n\n\n<p class=\"wp-block-paragraph\">Nos coll\u00e8gues ont tenu un stand r\u00e9unissant un \u00e9chantillon de mat\u00e9riel de pr\u00eat de leur local, des publications nationales et une pr\u00e9sentation du programme d\u00e9partemental Ageem <a href=\"https:\/\/ageem21.fr\/?p=4986\" data-type=\"link\" data-id=\"https:\/\/ageem21.fr\/?p=4986\" target=\"_blank\" rel=\"noopener\">\u00ab\u00a0D\u00e9buter en maternelle\u00a0\u00bb<\/a>.<\/p>\n\n\n\n<figure class=\"wp-block-gallery has-nested-images columns-default is-cropped wp-block-gallery-1 is-layout-flex wp-block-gallery-is-layout-flex\">\n<figure class=\"wp-block-image size-large\"><a href=\"https:\/\/ageem21.fr\/wp-content\/uploads\/2026\/09\/20260825_134214-scaled.jpg\" data-rel=\"lightbox-gallery-lHAkQAeq\" data-rl_title=\"\" data-rl_caption=\"\" title=\"\"><img loading=\"lazy\" decoding=\"async\" width=\"1024\" height=\"768\" data-id=\"5014\" src=\"https:\/\/ageem21.fr\/wp-content\/uploads\/2026\/09\/20260825_134214-1024x768.jpg\" alt=\"\" class=\"wp-image-5014\" srcset=\"https:\/\/ageem21.fr\/wp-content\/uploads\/2026\/09\/20260825_134214-1024x768.jpg 1024w, https:\/\/ageem21.fr\/wp-content\/uploads\/2026\/09\/20260825_134214-300x225.jpg 300w, https:\/\/ageem21.fr\/wp-content\/uploads\/2026\/09\/20260825_134214-768x576.jpg 768w, https:\/\/ageem21.fr\/wp-content\/uploads\/2026\/09\/20260825_134214-600x450.jpg 600w, https:\/\/ageem21.fr\/wp-content\/uploads\/2026\/09\/20260825_134214-1536x1152.jpg 1536w, https:\/\/ageem21.fr\/wp-content\/uploads\/2026\/09\/20260825_134214-2048x1536.jpg 2048w, https:\/\/ageem21.fr\/wp-content\/uploads\/2026\/09\/20260825_134214-1320x990.jpg 1320w\" sizes=\"auto, (max-width: 1024px) 100vw, 1024px\" \/><\/a><\/figure>\n\n\n\n<figure class=\"wp-block-image size-large\"><a href=\"https:\/\/ageem21.fr\/wp-content\/uploads\/2026\/09\/20260825_134217-scaled.jpg\" data-rel=\"lightbox-gallery-lHAkQAeq\" data-rl_title=\"\" data-rl_caption=\"\" title=\"\"><img loading=\"lazy\" decoding=\"async\" width=\"1024\" height=\"768\" data-id=\"5015\" src=\"https:\/\/ageem21.fr\/wp-content\/uploads\/2026\/09\/20260825_134217-1024x768.jpg\" alt=\"\" class=\"wp-image-5015\" srcset=\"https:\/\/ageem21.fr\/wp-content\/uploads\/2026\/09\/20260825_134217-1024x768.jpg 1024w, https:\/\/ageem21.fr\/wp-content\/uploads\/2026\/09\/20260825_134217-300x225.jpg 300w, https:\/\/ageem21.fr\/wp-content\/uploads\/2026\/09\/20260825_134217-768x576.jpg 768w, https:\/\/ageem21.fr\/wp-content\/uploads\/2026\/09\/20260825_134217-600x450.jpg 600w, https:\/\/ageem21.fr\/wp-content\/uploads\/2026\/09\/20260825_134217-1536x1152.jpg 1536w, https:\/\/ageem21.fr\/wp-content\/uploads\/2026\/09\/20260825_134217-2048x1536.jpg 2048w, https:\/\/ageem21.fr\/wp-content\/uploads\/2026\/09\/20260825_134217-1320x990.jpg 1320w\" sizes=\"auto, (max-width: 1024px) 100vw, 1024px\" \/><\/a><\/figure>\n\n\n\n<figure class=\"wp-block-image size-large\"><a href=\"https:\/\/ageem21.fr\/wp-content\/uploads\/2026\/09\/20260825_134220-scaled.jpg\" data-rel=\"lightbox-gallery-lHAkQAeq\" data-rl_title=\"\" data-rl_caption=\"\" title=\"\"><img loading=\"lazy\" decoding=\"async\" width=\"1024\" height=\"768\" data-id=\"5016\" src=\"https:\/\/ageem21.fr\/wp-content\/uploads\/2026\/09\/20260825_134220-1024x768.jpg\" alt=\"\" class=\"wp-image-5016\" srcset=\"https:\/\/ageem21.fr\/wp-content\/uploads\/2026\/09\/20260825_134220-1024x768.jpg 1024w, https:\/\/ageem21.fr\/wp-content\/uploads\/2026\/09\/20260825_134220-300x225.jpg 300w, https:\/\/ageem21.fr\/wp-content\/uploads\/2026\/09\/20260825_134220-768x576.jpg 768w, https:\/\/ageem21.fr\/wp-content\/uploads\/2026\/09\/20260825_134220-600x450.jpg 600w, https:\/\/ageem21.fr\/wp-content\/uploads\/2026\/09\/20260825_134220-1536x1152.jpg 1536w, https:\/\/ageem21.fr\/wp-content\/uploads\/2026\/09\/20260825_134220-2048x1536.jpg 2048w, https:\/\/ageem21.fr\/wp-content\/uploads\/2026\/09\/20260825_134220-1320x990.jpg 1320w\" sizes=\"auto, (max-width: 1024px) 100vw, 1024px\" \/><\/a><\/figure>\n<\/figure>\n\n\n\n<p class=\"wp-block-paragraph\">D\u00e8s le lendemain, en parall\u00e8le de notre premier conseil d&rsquo;administration, s&rsquo;ouvrait le premier \u00ab\u00a0D\u00e9buter en maternelle\u00a0\u00bb intitul\u00e9 \u00ab\u00a0Premiers pas en Maternelle\u00a0\u00bb.  7 enseignants stagiaires sont venus consulter les ressources de notre local mat\u00e9riel et surtout \u00e9changer avec une adh\u00e9rente retrait\u00e9e qui r\u00e9pondait \u00e0 leurs questions. <\/p>\n\n\n<div class=\"wp-block-image\">\n<figure class=\"aligncenter size-large\"><a href=\"https:\/\/ageem21.fr\/wp-content\/uploads\/2026\/09\/1787804779108-scaled.jpg\" data-rel=\"lightbox-gallery-lHAkQAeq\" data-rl_title=\"\" data-rl_caption=\"\" title=\"\"><img loading=\"lazy\" decoding=\"async\" width=\"1024\" height=\"768\" src=\"https:\/\/ageem21.fr\/wp-content\/uploads\/2026\/09\/1787804779108-1024x768.jpg\" alt=\"\" class=\"wp-image-5018\" srcset=\"https:\/\/ageem21.fr\/wp-content\/uploads\/2026\/09\/1787804779108-1024x768.jpg 1024w, https:\/\/ageem21.fr\/wp-content\/uploads\/2026\/09\/1787804779108-300x225.jpg 300w, https:\/\/ageem21.fr\/wp-content\/uploads\/2026\/09\/1787804779108-768x576.jpg 768w, https:\/\/ageem21.fr\/wp-content\/uploads\/2026\/09\/1787804779108-600x450.jpg 600w, https:\/\/ageem21.fr\/wp-content\/uploads\/2026\/09\/1787804779108-1536x1152.jpg 1536w, https:\/\/ageem21.fr\/wp-content\/uploads\/2026\/09\/1787804779108-2048x1536.jpg 2048w, https:\/\/ageem21.fr\/wp-content\/uploads\/2026\/09\/1787804779108-1320x990.jpg 1320w\" sizes=\"auto, (max-width: 1024px) 100vw, 1024px\" \/><\/a><\/figure>\n<\/div>\n\n\n<p class=\"wp-block-paragraph\">Les membres du CA ont commenc\u00e9 \u00e0 planifier le programme d\u00e9partemental de l&rsquo;ann\u00e9e \u00e0 venir : D\u00e9buter en maternelle, pr\u00eat de mat\u00e9riel, D&rsquo;une classe \u00e0 l&rsquo;autre, P\u00e9davrac, Caf\u00e9 litt\u00e9raire, Ateliers de pratique (num\u00e9rique et Ecole Dehors), Expositions comment\u00e9es (cour de r\u00e9cr\u00e9ation et Erasmus), Groupe de r\u00e9flexion Raconte-tapis. <br>Un objectif : r\u00e9pondre au maximum aux besoins de nos adh\u00e9rents et permettre des rencontres riches d&rsquo;\u00e9changes au service de l&rsquo;\u00c9cole Maternelle. <\/p>\n\n\n<div class=\"wp-block-image\">\n<figure class=\"aligncenter size-large\"><a href=\"https:\/\/ageem21.fr\/wp-content\/uploads\/2026\/09\/signal-2026-09-01-08-49-00-268.jpg\" data-rel=\"lightbox-gallery-lHAkQAeq\" data-rl_title=\"\" data-rl_caption=\"\" title=\"\"><img loading=\"lazy\" decoding=\"async\" width=\"1024\" height=\"569\" src=\"https:\/\/ageem21.fr\/wp-content\/uploads\/2026\/09\/signal-2026-09-01-08-49-00-268-1024x569.jpg\" alt=\"\" class=\"wp-image-5019\" style=\"aspect-ratio:1.7996401049314081\" srcset=\"https:\/\/ageem21.fr\/wp-content\/uploads\/2026\/09\/signal-2026-09-01-08-49-00-268-1024x569.jpg 1024w, https:\/\/ageem21.fr\/wp-content\/uploads\/2026\/09\/signal-2026-09-01-08-49-00-268-300x167.jpg 300w, https:\/\/ageem21.fr\/wp-content\/uploads\/2026\/09\/signal-2026-09-01-08-49-00-268-768x427.jpg 768w, https:\/\/ageem21.fr\/wp-content\/uploads\/2026\/09\/signal-2026-09-01-08-49-00-268-600x333.jpg 600w, https:\/\/ageem21.fr\/wp-content\/uploads\/2026\/09\/signal-2026-09-01-08-49-00-268-1536x854.jpg 1536w, https:\/\/ageem21.fr\/wp-content\/uploads\/2026\/09\/signal-2026-09-01-08-49-00-268-672x372.jpg 672w, https:\/\/ageem21.fr\/wp-content\/uploads\/2026\/09\/signal-2026-09-01-08-49-00-268-1038x576.jpg 1038w, https:\/\/ageem21.fr\/wp-content\/uploads\/2026\/09\/signal-2026-09-01-08-49-00-268-1320x734.jpg 1320w, https:\/\/ageem21.fr\/wp-content\/uploads\/2026\/09\/signal-2026-09-01-08-49-00-268.jpg 1652w\" sizes=\"auto, (max-width: 1024px) 100vw, 1024px\" \/><\/a><\/figure>\n<\/div>\n\n\n<p class=\"wp-block-paragraph\">Gr\u00e2ce \u00e0 nos retrait\u00e9es adh\u00e9rentes, nous avons pu \u00e9galement \u00eatre pr\u00e9sents lors de la rentr\u00e9e des \u00e9tudiants de l&rsquo;INSPE afin de faire conna\u00eetre notre association d\u00e8s les premiers pas dans le m\u00e9tier. Merci \u00e0 elles!<\/p>\n\n\n\n<h5 class=\"wp-block-heading\">Vous appr\u00e9ciez nos actions, vous souhaitez promouvoir l&rsquo;\u00e9cole maternelle? Alors n\u2019h\u00e9sitez-plus, rejoignez-nous et soutenez notre association en prenant votre <a href=\"https:\/\/ageem.org\" target=\"_blank\" rel=\"noopener\">adh\u00e9sion<\/a>.<\/h5>\n","protected":false},"excerpt":{"rendered":"<p>Le mardi 25 ao\u00fbt, la section Ageem 21 \u00e9tait pr\u00e9sente dans l&rsquo;atrium de l&rsquo;Inspe de Dijon pour rencontrer les \u00e9l\u00e8ves fonctionnaires et les fonctionnaires stagiaires lors de leur rentr\u00e9e. Nos &hellip; <a href=\"https:\/\/ageem21.fr\/?p=5012\" class=\"more-link\">Continuer la lecture de <span class=\"screen-reader-text\">La rentr\u00e9e de la section AGEEM 21<\/span>  <span class=\"meta-nav\">&rarr;<\/span><\/a><\/p>\n","protected":false},"author":3,"featured_media":0,"comment_status":"closed","ping_status":"closed","sticky":false,"template":"","format":"standard","meta":{"footnotes":""},"categories":[3],"tags":[59,85],"class_list":["post-5012","post","type-post","status-publish","format-standard","hentry","category-la-section-21","tag-debuter-en-maternelle","tag-partenariat"],"_links":{"self":[{"href":"https:\/\/ageem21.fr\/index.php?rest_route=\/wp\/v2\/posts\/5012","targetHints":{"allow":["GET"]}}],"collection":[{"href":"https:\/\/ageem21.fr\/index.php?rest_route=\/wp\/v2\/posts"}],"about":[{"href":"https:\/\/ageem21.fr\/index.php?rest_route=\/wp\/v2\/types\/post"}],"author":[{"embeddable":true,"href":"https:\/\/ageem21.fr\/index.php?rest_route=\/wp\/v2\/users\/3"}],"replies":[{"embeddable":true,"href":"https:\/\/ageem21.fr\/index.php?rest_route=%2Fwp%2Fv2%2Fcomments&post=5012"}],"version-history":[{"count":2,"href":"https:\/\/ageem21.fr\/index.php?rest_route=\/wp\/v2\/posts\/5012\/revisions"}],"predecessor-version":[{"id":5021,"href":"https:\/\/ageem21.fr\/index.php?rest_route=\/wp\/v2\/posts\/5012\/revisions\/5021"}],"wp:attachment":[{"href":"https:\/\/ageem21.fr\/index.php?rest_route=%2Fwp%2Fv2%2Fmedia&parent=5012"}],"wp:term":[{"taxonomy":"category","embeddable":true,"href":"https:\/\/ageem21.fr\/index.php?rest_route=%2Fwp%2Fv2%2Fcategories&post=5012"},{"taxonomy":"post_tag","embeddable":true,"href":"https:\/\/ageem21.fr\/index.php?rest_route=%2Fwp%2Fv2%2Ftags&post=5012"}],"curies":[{"name":"wp","href":"https:\/\/api.w.org\/{rel}","templated":true}]}}