{"id":462,"date":"2015-11-20T00:11:00","date_gmt":"2015-11-19T23:11:00","guid":{"rendered":"http:\/\/ageem21.fr\/?p=462"},"modified":"2015-11-20T00:17:51","modified_gmt":"2015-11-19T23:17:51","slug":"assemblee-generale-du-181115","status":"publish","type":"post","link":"https:\/\/ageem21.fr\/?p=462","title":{"rendered":"Assembl\u00e9e g\u00e9n\u00e9rale du 18\/11\/15"},"content":{"rendered":"<p style=\"text-align: justify;\">L&rsquo;assembl\u00e9e g\u00e9n\u00e9rale annuelle de la section AGEEM21 s&rsquo;est tenue le mercredi 17 novembre 2015, \u00e0 l&rsquo;\u00e9cole maternelle York de Dijon. Plus d&rsquo;une trentaine d&rsquo;adh\u00e9rents \u00e9taient pr\u00e9sents.<\/p>\n<p style=\"text-align: center;\"><a href=\"https:\/\/ageem21.fr\/wp-content\/uploads\/2015\/11\/20151118_151051.jpg\" data-rel=\"lightbox-gallery-Jfb4TfVn\" data-rl_title=\"\" data-rl_caption=\"\" title=\"\"><img loading=\"lazy\" decoding=\"async\" class=\"alignnone size-medium wp-image-465\" src=\"https:\/\/ageem21.fr\/wp-content\/uploads\/2015\/11\/20151118_151051-300x169.jpg\" alt=\"20151118_151051\" width=\"300\" height=\"169\" srcset=\"https:\/\/ageem21.fr\/wp-content\/uploads\/2015\/11\/20151118_151051-300x169.jpg 300w, https:\/\/ageem21.fr\/wp-content\/uploads\/2015\/11\/20151118_151051.jpg 600w\" sizes=\"auto, (max-width: 300px) 100vw, 300px\" \/><\/a><\/p>\n<p style=\"text-align: justify;\">Avant de commencer les travaux de l&rsquo;assembl\u00e9e, un hommage a \u00e9t\u00e9 rendu aux victimes des attentats du 13 novembre. Il a \u00e9t\u00e9 rappel\u00e9 le r\u00f4le important de l&rsquo;\u00e9cole maternelle sur le plan du vivre ensemble et de \u00ab\u00a0l&rsquo;estime de soi\u00a0\u00bb, th\u00e8me du congr\u00e8s de Dijon.<br \/>\nLa pr\u00e9sidente nationale de l\u2019association a d\u2019ailleurs publi\u00e9 une lettre dans laquelle elle propose aux adh\u00e9rents des pistes pour l\u2019accompagnement de jeunes enfants choqu\u00e9s ou marqu\u00e9s par les derniers \u00e9v\u00e9nements (<a href=\"http:\/\/www.ageem.fr\/files\/429\/mots-pour-les-adhe-rents-ageem-16-11-15.pdf\" target=\"_blank\">http:\/\/www.ageem.fr\/files\/429\/mots-pour-les-adhe-rents-ageem-16-11-15.pdf<\/a>).<\/p>\n<p>Les rapports et bilans ont tous \u00e9t\u00e9 adopt\u00e9s par l\u2019assembl\u00e9e.<\/p>\n<p style=\"text-align: center;\"><a href=\"https:\/\/ageem21.fr\/wp-content\/uploads\/2015\/11\/20151118_151157.jpg\" data-rel=\"lightbox-gallery-Jfb4TfVn\" data-rl_title=\"\" data-rl_caption=\"\" title=\"\"><img loading=\"lazy\" decoding=\"async\" class=\"alignnone size-medium wp-image-466\" src=\"https:\/\/ageem21.fr\/wp-content\/uploads\/2015\/11\/20151118_151157-300x169.jpg\" alt=\"20151118_151157\" width=\"300\" height=\"169\" srcset=\"https:\/\/ageem21.fr\/wp-content\/uploads\/2015\/11\/20151118_151157-300x169.jpg 300w, https:\/\/ageem21.fr\/wp-content\/uploads\/2015\/11\/20151118_151157.jpg 600w\" sizes=\"auto, (max-width: 300px) 100vw, 300px\" \/><\/a><\/p>\n<p style=\"text-align: justify;\">Les projets pour l\u2019ann\u00e9e 2015\/2016 concernent essentiellement l\u2019organisation du congr\u00e8s de Dijon. Un point d\u2019\u00e9tape sera adress\u00e9 aux adh\u00e9rents.<\/p>\n<p style=\"text-align: justify;\">Une participation nombreuse est attendue pour :<br \/>\n&#8211; les travaux de d\u00e9coration des diff\u00e9rents lieux du congr\u00e8s<br \/>\n&#8211; la mise en \u0153uvre du catalogue des expositions<br \/>\n&#8211; l\u2019\u00e9laboration des ateliers de pratiques<\/p>\n<p style=\"text-align: justify;\">On rappelle que la moiti\u00e9 du CA doit \u00eatre renouvel\u00e9 en 2016. Les candidat(e)s peuvent se faire conna\u00eetre aupr\u00e8s de la pr\u00e9sidente.<\/p>\n<p><span style=\"color: #f20fd0;\"><strong><em>PS<\/em> : Chacun doit penser \u00e0 s\u2019abonner \u00e0 la News Letter<\/strong><\/span><\/p>\n","protected":false},"excerpt":{"rendered":"<p>L&rsquo;assembl\u00e9e g\u00e9n\u00e9rale annuelle de la section AGEEM21 s&rsquo;est tenue le mercredi 17 novembre 2015, \u00e0 l&rsquo;\u00e9cole maternelle York de Dijon. Plus d&rsquo;une trentaine d&rsquo;adh\u00e9rents \u00e9taient pr\u00e9sents&#8230;.<\/p>\n","protected":false},"author":3,"featured_media":0,"comment_status":"closed","ping_status":"closed","sticky":false,"template":"","format":"standard","meta":{"footnotes":""},"categories":[3],"tags":[24,27],"class_list":["post-462","post","type-post","status-publish","format-standard","hentry","category-la-section-21","tag-articles","tag-section-21"],"_links":{"self":[{"href":"https:\/\/ageem21.fr\/index.php?rest_route=\/wp\/v2\/posts\/462","targetHints":{"allow":["GET"]}}],"collection":[{"href":"https:\/\/ageem21.fr\/index.php?rest_route=\/wp\/v2\/posts"}],"about":[{"href":"https:\/\/ageem21.fr\/index.php?rest_route=\/wp\/v2\/types\/post"}],"author":[{"embeddable":true,"href":"https:\/\/ageem21.fr\/index.php?rest_route=\/wp\/v2\/users\/3"}],"replies":[{"embeddable":true,"href":"https:\/\/ageem21.fr\/index.php?rest_route=%2Fwp%2Fv2%2Fcomments&post=462"}],"version-history":[{"count":8,"href":"https:\/\/ageem21.fr\/index.php?rest_route=\/wp\/v2\/posts\/462\/revisions"}],"predecessor-version":[{"id":474,"href":"https:\/\/ageem21.fr\/index.php?rest_route=\/wp\/v2\/posts\/462\/revisions\/474"}],"wp:attachment":[{"href":"https:\/\/ageem21.fr\/index.php?rest_route=%2Fwp%2Fv2%2Fmedia&parent=462"}],"wp:term":[{"taxonomy":"category","embeddable":true,"href":"https:\/\/ageem21.fr\/index.php?rest_route=%2Fwp%2Fv2%2Fcategories&post=462"},{"taxonomy":"post_tag","embeddable":true,"href":"https:\/\/ageem21.fr\/index.php?rest_route=%2Fwp%2Fv2%2Ftags&post=462"}],"curies":[{"name":"wp","href":"https:\/\/api.w.org\/{rel}","templated":true}]}}