{"id":4432,"date":"2026-04-26T17:14:49","date_gmt":"2026-04-26T15:14:49","guid":{"rendered":"https:\/\/ageem21.fr\/?p=4432"},"modified":"2026-04-26T18:20:03","modified_gmt":"2026-04-26T16:20:03","slug":"lancement-du-100eme-congres-en-route-pour-cusset-en-2027","status":"publish","type":"post","link":"https:\/\/ageem21.fr\/?p=4432","title":{"rendered":"Lancement du 100\u00e8me congr\u00e8s : en route pour Cusset en 2027"},"content":{"rendered":"\n<div class=\"wp-block-media-text has-media-on-the-right is-stacked-on-mobile\"><div class=\"wp-block-media-text__content\">\n<p>Notre d\u00e9l\u00e9gu\u00e9e de section s&rsquo;est rendue mercredi 22 avril au lancement du 100eme congr\u00e8s de 2027 qui se tiendra \u00e0 Cusset, ville qui a vu na\u00eetre notre association le 5 novembre 1921 pr\u00e8s de Vichy.<\/p>\n<\/div><figure class=\"wp-block-media-text__media\"><img loading=\"lazy\" decoding=\"async\" width=\"768\" height=\"1024\" src=\"https:\/\/ageem21.fr\/wp-content\/uploads\/2026\/04\/nsmail-1-768x1024.jpg\" alt=\"\" class=\"wp-image-4455 size-full\" srcset=\"https:\/\/ageem21.fr\/wp-content\/uploads\/2026\/04\/nsmail-1-768x1024.jpg 768w, https:\/\/ageem21.fr\/wp-content\/uploads\/2026\/04\/nsmail-1-225x300.jpg 225w, https:\/\/ageem21.fr\/wp-content\/uploads\/2026\/04\/nsmail-1-600x800.jpg 600w, https:\/\/ageem21.fr\/wp-content\/uploads\/2026\/04\/nsmail-1-1152x1536.jpg 1152w, https:\/\/ageem21.fr\/wp-content\/uploads\/2026\/04\/nsmail-1-1320x1760.jpg 1320w, https:\/\/ageem21.fr\/wp-content\/uploads\/2026\/04\/nsmail-1.jpg 1536w\" sizes=\"auto, (max-width: 768px) 100vw, 768px\" \/><\/figure><\/div>\n\n\n\n<div class=\"wp-block-media-text is-stacked-on-mobile\"><figure class=\"wp-block-media-text__media\"><img loading=\"lazy\" decoding=\"async\" width=\"768\" height=\"1024\" src=\"https:\/\/ageem21.fr\/wp-content\/uploads\/2026\/04\/image-1-768x1024.png\" alt=\"\" class=\"wp-image-4436 size-full\" srcset=\"https:\/\/ageem21.fr\/wp-content\/uploads\/2026\/04\/image-1-768x1024.png 768w, https:\/\/ageem21.fr\/wp-content\/uploads\/2026\/04\/image-1-225x300.png 225w, https:\/\/ageem21.fr\/wp-content\/uploads\/2026\/04\/image-1.png 1152w\" sizes=\"auto, (max-width: 768px) 100vw, 768px\" \/><\/figure><div class=\"wp-block-media-text__content\">\n<p>Mme Bouysse, inspectrice g\u00e9n\u00e9rale honoraire, nous a fait l&rsquo;honneur de sa pr\u00e9sence. <br>Lors de sa conf\u00e9rence d&rsquo;ouverture des travaux du 100\u00e8me congr\u00e8s  <em>\u00abAujourd\u2019hui pour demain : L\u2019\u00e9cole maternelle. Histoire, enjeux et perspectives\u00bb<\/em>, elle a balay\u00e9 cinquante ann\u00e9es d\u2019instructions p\u00e9dagogiques et de programmes pour l\u2019\u00e9cole maternelle. <\/p>\n<\/div><\/div>\n\n\n\n<p>A travers son analyse, elle a constat\u00e9 des conceptions de l\u2019enfant et de l\u2019\u00e9cole maternelle diff\u00e9rentes et contrast\u00e9es. <br>Elle nous a propos\u00e9 <em>\u00ab d\u2019ouvrir les yeux sur le pass\u00e9 pour nous \u00e9clairer \u00bb <\/em>et de projeter l\u2019association vers l\u2019avenir. Elle a ainsi \u00e9voqu\u00e9 les enjeux d&rsquo;avenir pour notre association : <br>&#8211; <strong>dans l&rsquo;accompagnement de la formation des coll\u00e8gues<\/strong> tant en participant \u00e0 la formation continue, qu&rsquo;en continuant de proposer un carrefour innovant lors des congr\u00e8s<br>&#8211; <strong>dans l&rsquo;aide aux \u00e9coles<\/strong> pour toute la diversit\u00e9 des \u00e9l\u00e8ves qui la fr\u00e9quentent.&nbsp;<br>&#8211; <strong>dans l&rsquo;organisation du temps des diff\u00e9rents apprentissages pour tous <\/strong>: <em>\u00ab\u00a0avoir l&rsquo;ambition de la ma\u00eetrise de l&rsquo;apprentissage \u00a0\u00bb&nbsp;<\/em><\/p>\n\n\n\n<p>Au c\u0153ur de ces enjeux, Mme Bouysse a cit\u00e9 Annette Lareau, sociologue, qui d\u00e9crit deux cat\u00e9gories d\u2019\u00e9l\u00e8ves<br>&nbsp;&#8211; ceux pour qui les apprentissages scolaires seront relay\u00e9s \u00e0 la maison<br>&#8211; ceux qui sont des apprenants \u00e0 temps partiel<\/p>\n\n\n\n<blockquote class=\"wp-block-quote is-layout-flow wp-block-quote-is-layout-flow\">\n<p class=\"has-green-color has-text-color has-link-color has-medium-font-size wp-elements-b2f4a572647c74b116934477f8ff4cc0\">\u00ab&nbsp;Une mise en culture concert\u00e9e&nbsp;\u00bb oppos\u00e9e \u00e0 une \u00ab&nbsp;pousse naturelle&nbsp;\u00bb.<\/p>\n<\/blockquote>\n\n\n\n<p>Comme perspectives, elle a mis en avant l\u2019ambition de la ma\u00eetrise de l\u2019apprentissage gr\u00e2ce \u00e0 des modalit\u00e9s adapt\u00e9es, des programmes applicables et faisables dans une classe,&nbsp;de la r\u00e9activation r\u00e9guli\u00e8re, et d\u2019un n\u00e9cessaire temps long pour que chacun avance \u00e0 son rythme pendant les 3 ann\u00e9es de l\u2019\u00e9cole maternelle. <br>L&rsquo;\u00e9cole maternelle est la chance des moins favoris\u00e9s, ceux pour qui les difficult\u00e9s de l\u2019institution se rajoutent \u00e0 leurs probl\u00e8mes : qu\u2019ils soient physiques, sensoriels, psychologiques, ou que l\u2019on parle de grande difficult\u00e9 ou de pr\u00e9vention de la maltraitance. <br>L\u2019association peut \u00eatre un appui pour aider l\u2019\u00c9cole Maternelle \u00e0 ne pas g\u00e9rer toute seule toutes les difficult\u00e9s rencontr\u00e9es au quotidien sur le terrain.<\/p>\n\n\n\n<p>Mme Bouysse a relev\u00e9 les avanc\u00e9es de l\u2019association pour se connecter aux travaux des chercheurs. <br>L\u2019association a pris sa place dans la formation continue gr\u00e2ce aux partenariats avec les IEN maternelle. <br>Elle a rappel\u00e9 \u00e9galement \u00e0 Maryse Chr\u00e9tien, notre pr\u00e9sidente nationale, toute l\u2019importance des expositions p\u00e9dagogiques lors des congr\u00e8s. Ces travaux de praticiens r\u00e9fl\u00e9chis, partant du quotidien des classes,&nbsp;peuvent <em>\u00ab&nbsp;rendre compte d\u2019un cheminement: les \u00e9tapes, les objectifs, les propositions&nbsp;\u00bb<\/em> comme autant de t\u00e9moignages de la <em>\u00ab&nbsp;solidarit\u00e9 professionnelle&nbsp;\u00bb<\/em> .<\/p>\n\n\n\n<p>L\u2019association devra poursuivre, selon elle, sa bataille entam\u00e9e il y a plus d\u2019un si\u00e8cle, pour la <strong>d\u00e9fense de la sp\u00e9cificit\u00e9 de l\u2019\u00c9cole Maternelle<\/strong> qui doit rester <strong>accueillante, bienveillante, efficace et \u00e9quitable<\/strong>.<\/p>\n\n\n\n<p>Des allocutions officielles ont suivi ce discours f\u00e9d\u00e9rateur pour les ann\u00e9es \u00e0 venir et pour les \u00e9quipes locales et nationales.&nbsp;<\/p>\n\n\n\n<div class=\"wp-block-media-text is-stacked-on-mobile\"><figure class=\"wp-block-media-text__media\"><img loading=\"lazy\" decoding=\"async\" width=\"1024\" height=\"768\" src=\"https:\/\/ageem21.fr\/wp-content\/uploads\/2026\/04\/nsmail-1024x768.jpg\" alt=\"\" class=\"wp-image-4453 size-full\" srcset=\"https:\/\/ageem21.fr\/wp-content\/uploads\/2026\/04\/nsmail-1024x768.jpg 1024w, https:\/\/ageem21.fr\/wp-content\/uploads\/2026\/04\/nsmail-300x225.jpg 300w, https:\/\/ageem21.fr\/wp-content\/uploads\/2026\/04\/nsmail-768x576.jpg 768w, https:\/\/ageem21.fr\/wp-content\/uploads\/2026\/04\/nsmail-600x450.jpg 600w, https:\/\/ageem21.fr\/wp-content\/uploads\/2026\/04\/nsmail-1536x1152.jpg 1536w, https:\/\/ageem21.fr\/wp-content\/uploads\/2026\/04\/nsmail-1320x990.jpg 1320w, https:\/\/ageem21.fr\/wp-content\/uploads\/2026\/04\/nsmail.jpg 2048w\" sizes=\"auto, (max-width: 1024px) 100vw, 1024px\" \/><\/figure><div class=\"wp-block-media-text__content\">\n<p>Le ministre de l&rsquo;\u00e9ducation nationale s&rsquo;est exprim\u00e9 par le biais d&rsquo;une vid\u00e9o adress\u00e9e aux personnes pr\u00e9sentes et a conclu que l\u2019\u00e9cole maternelle \u00e9tait une priorit\u00e9 p\u00e9dagogique absolue.<\/p>\n<\/div><\/div>\n\n\n<div class=\"wp-block-image\">\n<figure class=\"aligncenter size-large\"><a href=\"https:\/\/ageem21.fr\/wp-content\/uploads\/2026\/04\/1777217657142-scaled.jpg\" data-rel=\"lightbox-gallery-krcBe8TR\" data-rl_title=\"\" data-rl_caption=\"\" title=\"\"><img loading=\"lazy\" decoding=\"async\" width=\"1024\" height=\"459\" src=\"https:\/\/ageem21.fr\/wp-content\/uploads\/2026\/04\/1777217657142-1024x459.jpg\" alt=\"\" class=\"wp-image-4450\" style=\"aspect-ratio:2.230897898448633\" srcset=\"https:\/\/ageem21.fr\/wp-content\/uploads\/2026\/04\/1777217657142-1024x459.jpg 1024w, https:\/\/ageem21.fr\/wp-content\/uploads\/2026\/04\/1777217657142-300x134.jpg 300w, https:\/\/ageem21.fr\/wp-content\/uploads\/2026\/04\/1777217657142-768x344.jpg 768w, https:\/\/ageem21.fr\/wp-content\/uploads\/2026\/04\/1777217657142-600x269.jpg 600w, https:\/\/ageem21.fr\/wp-content\/uploads\/2026\/04\/1777217657142-1536x688.jpg 1536w, https:\/\/ageem21.fr\/wp-content\/uploads\/2026\/04\/1777217657142-2048x918.jpg 2048w, https:\/\/ageem21.fr\/wp-content\/uploads\/2026\/04\/1777217657142-1320x591.jpg 1320w\" sizes=\"auto, (max-width: 1024px) 100vw, 1024px\" \/><\/a><\/figure>\n<\/div>\n\n\n<p><em>\u00ab\u00a0D&rsquo;un congr\u00e8s \u00e0 l&rsquo;autre\u00a0\u00bb<\/em>, telle est la dynamique de l&rsquo;association repr\u00e9sent\u00e9e par notre pr\u00e9sidente nationale Maryse Chr\u00e9tien : cette ann\u00e9e, nous nous retrouverons \u00e0 Poitiers, l&rsquo;ann\u00e9e prochaine \u00e0 Cusset. Notre pr\u00e9sidente a rappel\u00e9 les apports de l\u2019\u00e9cole maternelle pour la suite de la scolarit\u00e9. <br>Le futur congr\u00e8s, 100\u00e8me de notre association va bousculer les formats habituels, il va oser, cr\u00e9er, se renouveler, relever des d\u00e9fis pour une AGEEM laboratoire de l\u2019avenir. <br>Les formations AGEEM, c&rsquo;est outiller, rassurer et ancrer les gestes professionnels.<\/p>\n\n\n\n<div class=\"wp-block-media-text is-stacked-on-mobile\"><figure class=\"wp-block-media-text__media\"><img loading=\"lazy\" decoding=\"async\" width=\"640\" height=\"480\" src=\"https:\/\/ageem21.fr\/wp-content\/uploads\/2026\/04\/9-Ce\u00b4line.jpeg\" alt=\"\" class=\"wp-image-4435 size-full\" srcset=\"https:\/\/ageem21.fr\/wp-content\/uploads\/2026\/04\/9-Ce\u00b4line.jpeg 640w, https:\/\/ageem21.fr\/wp-content\/uploads\/2026\/04\/9-Ce\u00b4line-300x225.jpeg 300w, https:\/\/ageem21.fr\/wp-content\/uploads\/2026\/04\/9-Ce\u00b4line-600x450.jpeg 600w\" sizes=\"auto, (max-width: 640px) 100vw, 640px\" \/><\/figure><div class=\"wp-block-media-text__content\">\n<p>C\u00e9line Larpin, repr\u00e9sentante acad\u00e9mique de Clermont-Ferrand et vice-pr\u00e9sidente de l&rsquo;AGEEM, a pr\u00e9sent\u00e9 les premi\u00e8res r\u00e9flexions sur le 100\u00e8me congr\u00e8s \u00ab\u00a0L&rsquo;\u00e9cole maternelle, tout un univers pour apprendre ! \u00a0\u00bb et les d\u00e9l\u00e9gu\u00e9es des sections locales. <\/p>\n<\/div><\/div>\n\n\n<div class=\"wp-block-image\">\n<figure class=\"aligncenter size-large is-resized\"><a href=\"https:\/\/ageem21.fr\/wp-content\/uploads\/2026\/04\/nsmail-2-1.jpg\" data-rel=\"lightbox-gallery-krcBe8TR\" data-rl_title=\"\" data-rl_caption=\"\" title=\"\"><img loading=\"lazy\" decoding=\"async\" width=\"1024\" height=\"768\" src=\"https:\/\/ageem21.fr\/wp-content\/uploads\/2026\/04\/nsmail-2-1-1024x768.jpg\" alt=\"\" class=\"wp-image-4457\" style=\"width:464px;height:auto\" srcset=\"https:\/\/ageem21.fr\/wp-content\/uploads\/2026\/04\/nsmail-2-1-1024x768.jpg 1024w, https:\/\/ageem21.fr\/wp-content\/uploads\/2026\/04\/nsmail-2-1-300x225.jpg 300w, https:\/\/ageem21.fr\/wp-content\/uploads\/2026\/04\/nsmail-2-1-768x576.jpg 768w, https:\/\/ageem21.fr\/wp-content\/uploads\/2026\/04\/nsmail-2-1-600x450.jpg 600w, https:\/\/ageem21.fr\/wp-content\/uploads\/2026\/04\/nsmail-2-1-1536x1152.jpg 1536w, https:\/\/ageem21.fr\/wp-content\/uploads\/2026\/04\/nsmail-2-1-1320x990.jpg 1320w, https:\/\/ageem21.fr\/wp-content\/uploads\/2026\/04\/nsmail-2-1.jpg 2048w\" sizes=\"auto, (max-width: 1024px) 100vw, 1024px\" \/><\/a><\/figure>\n<\/div>\n\n<div class=\"wp-block-image\">\n<figure class=\"aligncenter is-resized\"><img loading=\"lazy\" decoding=\"async\" width=\"1024\" height=\"459\" src=\"https:\/\/ageem21.fr\/wp-content\/uploads\/2026\/04\/1777217657100-1024x459.jpg\" alt=\"\" class=\"wp-image-4449\" style=\"aspect-ratio:2.230897898448633;width:464px;height:auto\" srcset=\"https:\/\/ageem21.fr\/wp-content\/uploads\/2026\/04\/1777217657100-1024x459.jpg 1024w, https:\/\/ageem21.fr\/wp-content\/uploads\/2026\/04\/1777217657100-300x134.jpg 300w, https:\/\/ageem21.fr\/wp-content\/uploads\/2026\/04\/1777217657100-768x344.jpg 768w, https:\/\/ageem21.fr\/wp-content\/uploads\/2026\/04\/1777217657100-600x269.jpg 600w, https:\/\/ageem21.fr\/wp-content\/uploads\/2026\/04\/1777217657100-1536x688.jpg 1536w, https:\/\/ageem21.fr\/wp-content\/uploads\/2026\/04\/1777217657100-2048x918.jpg 2048w, https:\/\/ageem21.fr\/wp-content\/uploads\/2026\/04\/1777217657100-1320x591.jpg 1320w\" sizes=\"auto, (max-width: 1024px) 100vw, 1024px\" \/><figcaption class=\"wp-element-caption\">La repr\u00e9sentante acad\u00e9mique et les d\u00e9l\u00e9gu\u00e9es de section de l&rsquo;Allier et du Puy de D\u00f4me<\/figcaption><\/figure>\n<\/div>\n\n\n<pre class=\"wp-block-preformatted has-medium-font-size\">Le 100\u00e8me congr\u00e8s va donc voir son format se renouveler. <br>Le d\u00e9fi est lanc\u00e9 ! On a 18 mois pour le relever ! Ensemble on va plus loin!<br><br>Et pour cette ann\u00e9e 2026, rejoignez-nous \u00e0 <a href=\"https:\/\/ageem.org\/ressources\/lancement-congre-poitiers\/\" data-type=\"link\" data-id=\"https:\/\/ageem.org\/ressources\/lancement-congre-poitiers\/\" target=\"_blank\" rel=\"noreferrer noopener\">Poitiers<\/a> du 1er juillet au 3 juillet ! <\/pre>\n","protected":false},"excerpt":{"rendered":"<p>Notre d\u00e9l\u00e9gu\u00e9e de section s&rsquo;est rendue mercredi 22 avril au lancement du 100eme congr\u00e8s de 2027 qui se tiendra \u00e0 Cusset, ville qui a vu na\u00eetre notre association le 5 &hellip; <a href=\"https:\/\/ageem21.fr\/?p=4432\" class=\"more-link\">Continuer la lecture de <span class=\"screen-reader-text\">Lancement du 100\u00e8me congr\u00e8s : en route pour Cusset en 2027<\/span>  <span class=\"meta-nav\">&rarr;<\/span><\/a><\/p>\n","protected":false},"author":3,"featured_media":4434,"comment_status":"closed","ping_status":"closed","sticky":false,"template":"","format":"standard","meta":{"footnotes":""},"categories":[91],"tags":[106],"class_list":["post-4432","post","type-post","status-publish","format-standard","has-post-thumbnail","hentry","category-congres","tag-congres-cusset-2027"],"_links":{"self":[{"href":"https:\/\/ageem21.fr\/index.php?rest_route=\/wp\/v2\/posts\/4432","targetHints":{"allow":["GET"]}}],"collection":[{"href":"https:\/\/ageem21.fr\/index.php?rest_route=\/wp\/v2\/posts"}],"about":[{"href":"https:\/\/ageem21.fr\/index.php?rest_route=\/wp\/v2\/types\/post"}],"author":[{"embeddable":true,"href":"https:\/\/ageem21.fr\/index.php?rest_route=\/wp\/v2\/users\/3"}],"replies":[{"embeddable":true,"href":"https:\/\/ageem21.fr\/index.php?rest_route=%2Fwp%2Fv2%2Fcomments&post=4432"}],"version-history":[{"count":12,"href":"https:\/\/ageem21.fr\/index.php?rest_route=\/wp\/v2\/posts\/4432\/revisions"}],"predecessor-version":[{"id":4464,"href":"https:\/\/ageem21.fr\/index.php?rest_route=\/wp\/v2\/posts\/4432\/revisions\/4464"}],"wp:featuredmedia":[{"embeddable":true,"href":"https:\/\/ageem21.fr\/index.php?rest_route=\/wp\/v2\/media\/4434"}],"wp:attachment":[{"href":"https:\/\/ageem21.fr\/index.php?rest_route=%2Fwp%2Fv2%2Fmedia&parent=4432"}],"wp:term":[{"taxonomy":"category","embeddable":true,"href":"https:\/\/ageem21.fr\/index.php?rest_route=%2Fwp%2Fv2%2Fcategories&post=4432"},{"taxonomy":"post_tag","embeddable":true,"href":"https:\/\/ageem21.fr\/index.php?rest_route=%2Fwp%2Fv2%2Ftags&post=4432"}],"curies":[{"name":"wp","href":"https:\/\/api.w.org\/{rel}","templated":true}]}}