{"id":4416,"date":"2026-04-26T16:02:16","date_gmt":"2026-04-26T14:02:16","guid":{"rendered":"https:\/\/ageem21.fr\/?p=4416"},"modified":"2026-04-26T17:22:30","modified_gmt":"2026-04-26T15:22:30","slug":"jaf-2026-et-apres","status":"publish","type":"post","link":"https:\/\/ageem21.fr\/?p=4416","title":{"rendered":"JAF 2026 : et apr\u00e8s ?"},"content":{"rendered":"\n<pre class=\"wp-block-preformatted\"><em>Et apr\u00e8s notre Journ\u00e9e Acad\u00e9mique de Formation avec Jo\u00eblle Gonthier, que se passe-t-il dans nos classes? Comment modifie-t-elle nos pratiques?<\/em> <br><strong>Notre coll\u00e8gue \u00c9dith t\u00e9moigne ici. Un grand merci \u00e0 elle pour son partage. <\/strong><\/pre>\n\n\n\n<p>Habitu\u00e9e \u00e0 participer \u00e0 la <a href=\"https:\/\/ageem21.fr\/?p=3431\" target=\"_blank\" rel=\"noreferrer noopener\">Grande Lessive depuis plus de 10 ans<\/a>, j\u2019ai profit\u00e9 des 6 heures de la <a href=\"https:\/\/ageem21.fr\/?p=4069\" target=\"_blank\" rel=\"noreferrer noopener\">Journ\u00e9e Acad\u00e9mique de Formation organis\u00e9e par l\u2019AGEEM, en pr\u00e9sence de Mme Joelle Gonthier, le 31 janvier<\/a>, pour vivre et faire vivre une autre organisation autour de cet \u00e9v\u00e9nement attendu en classe et dans les familles.\u00a0<\/p>\n\n\n\n<h2 class=\"wp-block-heading\"><strong>Apports de la JAF<\/strong><\/h2>\n\n\n\n<p>La conf\u00e9rence <em>\u00ab&nbsp;L\u2019enseignement des Arts est-il autre chose qu\u2019une situation probl\u00e8me?&nbsp;\u00bb <\/em>m\u2019a amen\u00e9 \u00e0 mieux d\u00e9finir par o\u00f9 commencer avec des jeunes enfants: <br>&#8211; leur apprendre \u00e0 regarder, <br>&#8211; leur donner les mots, <br>&#8211; partir de leurs perceptions du monde r\u00e9el, <br>&#8211; leur permettre d\u2019explorer et d\u2019exp\u00e9rimenter <br>&#8211; leur proposer des situations pour voir les objets autrement,<br>&#8211; inventer, interagir pour commencer \u00e0 faire bouger les apparences, les formes.&nbsp;<\/p>\n\n\n\n<p>L\u2019invitation <em>\u00ab&nbsp;Le jeu du JE-NOUS&nbsp;\u00bb<\/em> est une porte d\u2019entr\u00e9e, une zone de contact avec \u00ab&nbsp;quelque chose de l\u2019art&nbsp;\u00bb. La rubrique <em>\u00ab&nbsp;S\u2019outiller&nbsp;\u00bb<\/em> du site de la Grande Lessive permet une confrontation avec&nbsp; des images surprenantes, balayant diff\u00e9rents champs plastiques. Je ne l\u2019ai pas utilis\u00e9 directement avec les enfants.&nbsp;<\/p>\n\n\n\n<p><a href=\"https:\/\/ageem21.fr\/?p=4109\" data-type=\"link\" data-id=\"https:\/\/ageem21.fr\/?p=4109\" target=\"_blank\" rel=\"noreferrer noopener\">L\u2019atelier de pratique qui a suivi la conf\u00e9rence<\/a>, nous a fait vivre, en groupe de trois, la transformation d\u2019un v\u00eatement, la cr\u00e9ation d\u2019un texte et d\u2019une image.&nbsp;<\/p>\n\n\n\n<h2 class=\"wp-block-heading\"><strong>Ce que j\u2019ai test\u00e9 dans ma classe, <\/strong><br>M<strong>es intentions p\u00e9dagogiques<\/strong><\/h2>\n\n\n\n<h5 class=\"wp-block-heading\">Exp\u00e9rimenter pour cr\u00e9er:&nbsp;<\/h5>\n\n\n\n<ul class=\"wp-block-list\">\n<li>proposer un temps long depuis la rentr\u00e9e jusqu\u2019\u00e0 la veille de l\u2019\u00e9tendage (3 semaines et demi)<\/li>\n\n\n\n<li>programmer des&nbsp; demi-journ\u00e9es banalis\u00e9es : lancement ou avancement des projets individuels ou collectifs<\/li>\n\n\n\n<li>proposer des situations ouvertes dont se sont empar\u00e9s les \u00e9l\u00e8ves les plus cr\u00e9atifs. J\u2019ai accompagn\u00e9 leurs propositions et leur autonomie pour qu\u2019ils m\u00e8nent leurs projets individuels.<\/li>\n\n\n\n<li>proposer des situations plus guid\u00e9es pour les autres : des projets collectifs ont avanc\u00e9 et ont \u00e9t\u00e9 rythm\u00e9s par des s\u00e9ances de groupe.&nbsp;<\/li>\n<\/ul>\n\n\n\n<h5 class=\"wp-block-heading\">Apprendre et r\u00e9fl\u00e9chir ensemble: des interactions, des points r\u00e9guliers<\/h5>\n\n\n\n<ul class=\"wp-block-list\">\n<li>pour suivre l\u2019avancement des diff\u00e9rents projets individuels ou collectifs<\/li>\n\n\n\n<li>pour se r\u00e9partir les t\u00e2ches<\/li>\n\n\n\n<li>pour faire \u00e9merger les besoins et tenter de trouver comment solutionner les probl\u00e8mes rencontr\u00e9s.<\/li>\n<\/ul>\n\n\n\n<h5 class=\"wp-block-heading\">Cr\u00e9er des liens entre les diff\u00e9rents domaines d\u2019apprentissages:&nbsp;<\/h5>\n\n\n\n<ul class=\"wp-block-list\">\n<li>choisir les albums, les chants et comptines<\/li>\n\n\n\n<li>programmer les s\u00e9ances de lexique sur la th\u00e9matique des v\u00eatements<\/li>\n\n\n\n<li>organiser des espace de jeux : habillage des mascottes, d\u00e9guisements.<\/li>\n<\/ul>\n\n\n\n<h6 class=\"wp-block-heading\">Pour commencer le travail de d\u00e9tournement, d\u2019imagination, de r\u00e9solution de probl\u00e8me et de cr\u00e9ation, j\u2019ai organis\u00e9 pour ma classe, d\u00e9s la rentr\u00e9e de la p\u00e9riode 4,&nbsp; un premier \u00e9tendage de v\u00eatements et d\u00e9guisements pr\u00eat\u00e9s par l\u2019AGEEM 21.&nbsp;<\/h6>\n\n\n\n<p><em><strong>Consigne<\/strong>: pour participer une nouvelle fois \u00e0 la Grande Lessive, nous allons transformer ou fabriquer des v\u00eatements.<\/em><\/p>\n\n\n\n<p>J\u2019ai annonc\u00e9 le th\u00e8me aux familles qui sont nombreuses \u00e0 participer \u00e0 chaque \u00e9dition. Je n\u2019ai pas respect\u00e9 la r\u00e8gle du travail par 3, mais on a jou\u00e9 tant\u00f4t seul ou tant\u00f4t \u00e0 plusieurs.&nbsp;Nous avons re\u00e7u de l\u2019aide d\u2019enfants plus \u00e2g\u00e9s ou d\u2019adultes suite au pr\u00e9-\u00e9tendage. Cette id\u00e9e nous avait \u00e9t\u00e9 sugg\u00e9r\u00e9e lors de la JAF, je ne l\u2019avais jamais exp\u00e9riment\u00e9e.<\/p>\n\n\n\n<p><strong>PRE-ETENDAGE :&nbsp;<\/strong><\/p>\n\n\n\n<p>Lors de la manifestation du Carnaval de l\u2019\u00e9cole, j\u2019ai tenu un stand<\/p>\n\n\n\n<ul class=\"wp-block-list\">\n<li>explicatif pour embarquer les familles : affichage de la d\u00e9marche du jeu du \u00ab&nbsp;Je-nous&nbsp;\u00bb<\/li>\n\n\n\n<li>cr\u00e9atif pour inviter des enfants plus \u00e2g\u00e9s ou des adultes, \u00e0 participer \u00e0 la r\u00e9solution des probl\u00e8mes qui se posaient aux enfants de la classe maternelle pour cr\u00e9er ou transformer des v\u00eatements.&nbsp;<\/li>\n<\/ul>\n\n\n\n<p>J\u2019avais pr\u00e9vu un grand stock de mat\u00e9riel et apport\u00e9 les projets en cours avec diff\u00e9rentes demandes d\u2019aide \u00e9pingl\u00e9es sur chaque projet.&nbsp;<\/p>\n\n\n\n<figure class=\"wp-block-gallery has-nested-images columns-2 is-cropped wp-block-gallery-1 is-layout-flex wp-block-gallery-is-layout-flex\">\n<figure class=\"wp-block-image size-full\"><a href=\"https:\/\/ageem21.fr\/wp-content\/uploads\/2026\/04\/Projet-individuel-2.jpeg\" data-rel=\"lightbox-gallery-E4PF213p\" data-rl_title=\"\" data-rl_caption=\"\" title=\"\"><img loading=\"lazy\" decoding=\"async\" width=\"480\" height=\"546\" data-id=\"4425\" src=\"https:\/\/ageem21.fr\/wp-content\/uploads\/2026\/04\/Projet-individuel-2.jpeg\" alt=\"\" class=\"wp-image-4425\" srcset=\"https:\/\/ageem21.fr\/wp-content\/uploads\/2026\/04\/Projet-individuel-2.jpeg 480w, https:\/\/ageem21.fr\/wp-content\/uploads\/2026\/04\/Projet-individuel-2-264x300.jpeg 264w\" sizes=\"auto, (max-width: 480px) 100vw, 480px\" \/><\/a><\/figure>\n\n\n\n<figure class=\"wp-block-image size-full\"><a href=\"https:\/\/ageem21.fr\/wp-content\/uploads\/2026\/04\/Projet-individuel-1.jpeg\" data-rel=\"lightbox-gallery-E4PF213p\" data-rl_title=\"\" data-rl_caption=\"\" title=\"\"><img loading=\"lazy\" decoding=\"async\" width=\"481\" height=\"499\" data-id=\"4424\" src=\"https:\/\/ageem21.fr\/wp-content\/uploads\/2026\/04\/Projet-individuel-1.jpeg\" alt=\"\" class=\"wp-image-4424\" srcset=\"https:\/\/ageem21.fr\/wp-content\/uploads\/2026\/04\/Projet-individuel-1.jpeg 481w, https:\/\/ageem21.fr\/wp-content\/uploads\/2026\/04\/Projet-individuel-1-289x300.jpeg 289w\" sizes=\"auto, (max-width: 481px) 100vw, 481px\" \/><\/a><\/figure>\n\n\n\n<figure class=\"wp-block-image size-full\"><a href=\"https:\/\/ageem21.fr\/wp-content\/uploads\/2026\/04\/Projet-collectif-1.jpeg\" data-rel=\"lightbox-gallery-E4PF213p\" data-rl_title=\"\" data-rl_caption=\"\" title=\"\"><img loading=\"lazy\" decoding=\"async\" width=\"480\" height=\"515\" data-id=\"4417\" src=\"https:\/\/ageem21.fr\/wp-content\/uploads\/2026\/04\/Projet-collectif-1.jpeg\" alt=\"\" class=\"wp-image-4417\" srcset=\"https:\/\/ageem21.fr\/wp-content\/uploads\/2026\/04\/Projet-collectif-1.jpeg 480w, https:\/\/ageem21.fr\/wp-content\/uploads\/2026\/04\/Projet-collectif-1-280x300.jpeg 280w\" sizes=\"auto, (max-width: 480px) 100vw, 480px\" \/><\/a><\/figure>\n\n\n\n<figure class=\"wp-block-image size-full\"><a href=\"https:\/\/ageem21.fr\/wp-content\/uploads\/2026\/04\/Projet-collectif-2.jpeg\" data-rel=\"lightbox-gallery-E4PF213p\" data-rl_title=\"\" data-rl_caption=\"\" title=\"\"><img loading=\"lazy\" decoding=\"async\" width=\"480\" height=\"596\" data-id=\"4418\" src=\"https:\/\/ageem21.fr\/wp-content\/uploads\/2026\/04\/Projet-collectif-2.jpeg\" alt=\"\" class=\"wp-image-4418\" srcset=\"https:\/\/ageem21.fr\/wp-content\/uploads\/2026\/04\/Projet-collectif-2.jpeg 480w, https:\/\/ageem21.fr\/wp-content\/uploads\/2026\/04\/Projet-collectif-2-242x300.jpeg 242w\" sizes=\"auto, (max-width: 480px) 100vw, 480px\" \/><\/a><\/figure>\n\n\n\n<figure class=\"wp-block-image size-full\"><a href=\"https:\/\/ageem21.fr\/wp-content\/uploads\/2026\/04\/Projet-collectif-3.jpeg\" data-rel=\"lightbox-gallery-E4PF213p\" data-rl_title=\"\" data-rl_caption=\"\" title=\"\"><img loading=\"lazy\" decoding=\"async\" width=\"563\" height=\"480\" data-id=\"4419\" src=\"https:\/\/ageem21.fr\/wp-content\/uploads\/2026\/04\/Projet-collectif-3.jpeg\" alt=\"\" class=\"wp-image-4419\" srcset=\"https:\/\/ageem21.fr\/wp-content\/uploads\/2026\/04\/Projet-collectif-3.jpeg 563w, https:\/\/ageem21.fr\/wp-content\/uploads\/2026\/04\/Projet-collectif-3-300x256.jpeg 300w\" sizes=\"auto, (max-width: 563px) 100vw, 563px\" \/><\/a><\/figure>\n\n\n\n<figure class=\"wp-block-image size-full\"><a href=\"https:\/\/ageem21.fr\/wp-content\/uploads\/2026\/04\/Projet-individuel-3.jpeg\" data-rel=\"lightbox-gallery-E4PF213p\" data-rl_title=\"\" data-rl_caption=\"\" title=\"\"><img loading=\"lazy\" decoding=\"async\" width=\"480\" height=\"500\" data-id=\"4426\" src=\"https:\/\/ageem21.fr\/wp-content\/uploads\/2026\/04\/Projet-individuel-3.jpeg\" alt=\"\" class=\"wp-image-4426\" srcset=\"https:\/\/ageem21.fr\/wp-content\/uploads\/2026\/04\/Projet-individuel-3.jpeg 480w, https:\/\/ageem21.fr\/wp-content\/uploads\/2026\/04\/Projet-individuel-3-288x300.jpeg 288w\" sizes=\"auto, (max-width: 480px) 100vw, 480px\" \/><\/a><\/figure>\n<\/figure>\n\n\n\n<h5 class=\"wp-block-heading\"><em>Exemples de probl\u00e8mes qu\u2019il nous fallait r\u00e9soudre:&nbsp;<\/em><\/h5>\n\n\n\n<ul class=\"wp-block-list\">\n<li>qui saurait d\u00e9couper le tissu pour fabriquer le manteau du hibou ? (en r\u00e9f\u00e9rence \u00e0 notre comptine)<\/li>\n\n\n\n<li>qui peut nous aider \u00e0 \u00e9crire les \u00e9tiquettes des noms d\u2019oiseaux pour le costume \u00e0 plumes?<\/li>\n\n\n\n<li>comment peut-on ajouter des manches au sac en papier qui nous sert \u00e0 cr\u00e9er la veste de Carnaval de Bob? (en r\u00e9f\u00e9rence \u00e0 l\u2019album \u00ab&nbsp;Bulle et Bob se d\u00e9guisent&nbsp;\u00bb)<\/li>\n<\/ul>\n\n\n\n<h2 class=\"wp-block-heading\"><strong>BILAN<\/strong><\/h2>\n\n\n\n<ul class=\"wp-block-list\">\n<li>des projets \u00e0 \u00e9tendre tous diff\u00e9rents, reflets de toutes les sensibilit\u00e9s: celle de chaque enfant a pu s\u2019exprimer plus librement.&nbsp;<\/li>\n\n\n\n<li>beaucoup de participation des familles: le pr\u00e9-\u00e9tendage a lev\u00e9 des blocages<\/li>\n\n\n\n<li>des enfants impliqu\u00e9s et fiers de leur cr\u00e9ation personnelle expos\u00e9e parmi les autres.&nbsp;<\/li>\n\n\n\n<li>beaucoup de visites et d\u2019\u00e9changes avec moi lors de l\u2019exposition sur la cr\u00e9ativit\u00e9, sur la joie de participer<\/li>\n<\/ul>\n\n\n\n<figure class=\"wp-block-gallery has-nested-images columns-2 is-cropped wp-block-gallery-2 is-layout-flex wp-block-gallery-is-layout-flex\">\n<figure class=\"wp-block-image size-full\"><a href=\"https:\/\/ageem21.fr\/wp-content\/uploads\/2026\/04\/Projet-collectif-4.jpeg\" data-rel=\"lightbox-gallery-E4PF213p\" data-rl_title=\"\" data-rl_caption=\"\" title=\"\"><img loading=\"lazy\" decoding=\"async\" width=\"640\" height=\"392\" data-id=\"4420\" src=\"https:\/\/ageem21.fr\/wp-content\/uploads\/2026\/04\/Projet-collectif-4.jpeg\" alt=\"\" class=\"wp-image-4420\" srcset=\"https:\/\/ageem21.fr\/wp-content\/uploads\/2026\/04\/Projet-collectif-4.jpeg 640w, https:\/\/ageem21.fr\/wp-content\/uploads\/2026\/04\/Projet-collectif-4-300x184.jpeg 300w, https:\/\/ageem21.fr\/wp-content\/uploads\/2026\/04\/Projet-collectif-4-600x368.jpeg 600w\" sizes=\"auto, (max-width: 640px) 100vw, 640px\" \/><\/a><\/figure>\n\n\n\n<figure class=\"wp-block-image size-full\"><a href=\"https:\/\/ageem21.fr\/wp-content\/uploads\/2026\/04\/Projet-famille-1.jpeg\" data-rel=\"lightbox-gallery-E4PF213p\" data-rl_title=\"\" data-rl_caption=\"\" title=\"\"><img loading=\"lazy\" decoding=\"async\" width=\"640\" height=\"480\" data-id=\"4421\" src=\"https:\/\/ageem21.fr\/wp-content\/uploads\/2026\/04\/Projet-famille-1.jpeg\" alt=\"\" class=\"wp-image-4421\" srcset=\"https:\/\/ageem21.fr\/wp-content\/uploads\/2026\/04\/Projet-famille-1.jpeg 640w, https:\/\/ageem21.fr\/wp-content\/uploads\/2026\/04\/Projet-famille-1-300x225.jpeg 300w, https:\/\/ageem21.fr\/wp-content\/uploads\/2026\/04\/Projet-famille-1-600x450.jpeg 600w\" sizes=\"auto, (max-width: 640px) 100vw, 640px\" \/><\/a><\/figure>\n\n\n\n<figure class=\"wp-block-image size-full\"><a href=\"https:\/\/ageem21.fr\/wp-content\/uploads\/2026\/04\/Projet-famille-2.jpeg\" data-rel=\"lightbox-gallery-E4PF213p\" data-rl_title=\"\" data-rl_caption=\"\" title=\"\"><img loading=\"lazy\" decoding=\"async\" width=\"480\" height=\"532\" data-id=\"4422\" src=\"https:\/\/ageem21.fr\/wp-content\/uploads\/2026\/04\/Projet-famille-2.jpeg\" alt=\"\" class=\"wp-image-4422\" srcset=\"https:\/\/ageem21.fr\/wp-content\/uploads\/2026\/04\/Projet-famille-2.jpeg 480w, https:\/\/ageem21.fr\/wp-content\/uploads\/2026\/04\/Projet-famille-2-271x300.jpeg 271w\" sizes=\"auto, (max-width: 480px) 100vw, 480px\" \/><\/a><\/figure>\n\n\n\n<figure class=\"wp-block-image size-full\"><a href=\"https:\/\/ageem21.fr\/wp-content\/uploads\/2026\/04\/Projet-famille-3-1.jpeg\" data-rel=\"lightbox-gallery-E4PF213p\" data-rl_title=\"\" data-rl_caption=\"\" title=\"\"><img loading=\"lazy\" decoding=\"async\" width=\"588\" height=\"480\" data-id=\"4423\" src=\"https:\/\/ageem21.fr\/wp-content\/uploads\/2026\/04\/Projet-famille-3-1.jpeg\" alt=\"\" class=\"wp-image-4423\" srcset=\"https:\/\/ageem21.fr\/wp-content\/uploads\/2026\/04\/Projet-famille-3-1.jpeg 588w, https:\/\/ageem21.fr\/wp-content\/uploads\/2026\/04\/Projet-famille-3-1-300x245.jpeg 300w\" sizes=\"auto, (max-width: 588px) 100vw, 588px\" \/><\/a><\/figure>\n\n\n\n<figure class=\"wp-block-image size-full\"><a href=\"https:\/\/ageem21.fr\/wp-content\/uploads\/2026\/04\/Vue-ge\u00b4ne\u00b4rale-1.jpeg\" data-rel=\"lightbox-gallery-E4PF213p\" data-rl_title=\"\" data-rl_caption=\"\" title=\"\"><img loading=\"lazy\" decoding=\"async\" width=\"640\" height=\"480\" data-id=\"4427\" src=\"https:\/\/ageem21.fr\/wp-content\/uploads\/2026\/04\/Vue-ge\u00b4ne\u00b4rale-1.jpeg\" alt=\"\" class=\"wp-image-4427\" srcset=\"https:\/\/ageem21.fr\/wp-content\/uploads\/2026\/04\/Vue-ge\u00b4ne\u00b4rale-1.jpeg 640w, https:\/\/ageem21.fr\/wp-content\/uploads\/2026\/04\/Vue-ge\u00b4ne\u00b4rale-1-300x225.jpeg 300w, https:\/\/ageem21.fr\/wp-content\/uploads\/2026\/04\/Vue-ge\u00b4ne\u00b4rale-1-600x450.jpeg 600w\" sizes=\"auto, (max-width: 640px) 100vw, 640px\" \/><\/a><\/figure>\n<\/figure>\n\n\n\n<blockquote class=\"wp-block-quote has-black-color has-text-color has-link-color wp-elements-2b21c81006cb3b439798b27168eb37e5 is-layout-flow wp-block-quote-is-layout-flow\">\n<p class=\"has-medium-font-size\"><em>Je pense poursuivre cette approche de l\u2019enseignement des activit\u00e9s artistiques en p\u00e9riode 5 avec un autre projet: <br><\/em><strong>\u00ab&nbsp;Comment transformer des morceaux de tissu blanc pour en faire chacun un drapeau pour la danse de la f\u00eate de l\u2019\u00e9cole?&nbsp;\u00bb<\/strong><\/p>\n<\/blockquote>\n\n\n\n<p><\/p>\n","protected":false},"excerpt":{"rendered":"<p>Et apr\u00e8s notre Journ\u00e9e Acad\u00e9mique de Formation avec Jo\u00eblle Gonthier, que se passe-t-il dans nos classes? Comment modifie-t-elle nos pratiques?<br \/>\nNotre coll\u00e8gue \u00c9dith t\u00e9moigne ici. Un grand merci \u00e0 elle pour son partage. <\/p>\n","protected":false},"author":3,"featured_media":0,"comment_status":"closed","ping_status":"closed","sticky":false,"template":"","format":"standard","meta":{"footnotes":""},"categories":[77,72],"tags":[103,73],"class_list":["post-4416","post","type-post","status-publish","format-standard","hentry","category-jaf","category-partage-dadherents","tag-jaf-2026","tag-partage"],"_links":{"self":[{"href":"https:\/\/ageem21.fr\/index.php?rest_route=\/wp\/v2\/posts\/4416","targetHints":{"allow":["GET"]}}],"collection":[{"href":"https:\/\/ageem21.fr\/index.php?rest_route=\/wp\/v2\/posts"}],"about":[{"href":"https:\/\/ageem21.fr\/index.php?rest_route=\/wp\/v2\/types\/post"}],"author":[{"embeddable":true,"href":"https:\/\/ageem21.fr\/index.php?rest_route=\/wp\/v2\/users\/3"}],"replies":[{"embeddable":true,"href":"https:\/\/ageem21.fr\/index.php?rest_route=%2Fwp%2Fv2%2Fcomments&post=4416"}],"version-history":[{"count":5,"href":"https:\/\/ageem21.fr\/index.php?rest_route=\/wp\/v2\/posts\/4416\/revisions"}],"predecessor-version":[{"id":4443,"href":"https:\/\/ageem21.fr\/index.php?rest_route=\/wp\/v2\/posts\/4416\/revisions\/4443"}],"wp:attachment":[{"href":"https:\/\/ageem21.fr\/index.php?rest_route=%2Fwp%2Fv2%2Fmedia&parent=4416"}],"wp:term":[{"taxonomy":"category","embeddable":true,"href":"https:\/\/ageem21.fr\/index.php?rest_route=%2Fwp%2Fv2%2Fcategories&post=4416"},{"taxonomy":"post_tag","embeddable":true,"href":"https:\/\/ageem21.fr\/index.php?rest_route=%2Fwp%2Fv2%2Ftags&post=4416"}],"curies":[{"name":"wp","href":"https:\/\/api.w.org\/{rel}","templated":true}]}}