{"id":4280,"date":"2026-03-18T15:07:38","date_gmt":"2026-03-18T14:07:38","guid":{"rendered":"https:\/\/ageem21.fr\/?p=4280"},"modified":"2026-04-04T12:56:22","modified_gmt":"2026-04-04T10:56:22","slug":"conference-sur-le-sommeil-mercredi-6-mai","status":"publish","type":"post","link":"https:\/\/ageem21.fr\/?p=4280","title":{"rendered":"Conf\u00e9rence sur le sommeil Mercredi 6 mai"},"content":{"rendered":"<div class=\"wp-block-image\">\n<figure class=\"aligncenter size-large is-resized\"><a href=\"https:\/\/ageem21.fr\/wp-content\/uploads\/2026\/03\/2_Affiches_Sommeil_Mazza_6mai_1-scaled.png\" data-rel=\"lightbox-gallery-Nv2zC4Zb\" data-rl_title=\"\" data-rl_caption=\"\" title=\"\"><img loading=\"lazy\" decoding=\"async\" width=\"725\" height=\"1024\" src=\"https:\/\/ageem21.fr\/wp-content\/uploads\/2026\/03\/2_Affiches_Sommeil_Mazza_6mai_1-725x1024.png\" alt=\"\" class=\"wp-image-4282\" style=\"aspect-ratio:0.7080242605480879;width:443px;height:auto\" srcset=\"https:\/\/ageem21.fr\/wp-content\/uploads\/2026\/03\/2_Affiches_Sommeil_Mazza_6mai_1-725x1024.png 725w, https:\/\/ageem21.fr\/wp-content\/uploads\/2026\/03\/2_Affiches_Sommeil_Mazza_6mai_1-212x300.png 212w, https:\/\/ageem21.fr\/wp-content\/uploads\/2026\/03\/2_Affiches_Sommeil_Mazza_6mai_1-768x1085.png 768w, https:\/\/ageem21.fr\/wp-content\/uploads\/2026\/03\/2_Affiches_Sommeil_Mazza_6mai_1-600x848.png 600w, https:\/\/ageem21.fr\/wp-content\/uploads\/2026\/03\/2_Affiches_Sommeil_Mazza_6mai_1-1087x1536.png 1087w, https:\/\/ageem21.fr\/wp-content\/uploads\/2026\/03\/2_Affiches_Sommeil_Mazza_6mai_1-1449x2048.png 1449w, https:\/\/ageem21.fr\/wp-content\/uploads\/2026\/03\/2_Affiches_Sommeil_Mazza_6mai_1-1320x1865.png 1320w, https:\/\/ageem21.fr\/wp-content\/uploads\/2026\/03\/2_Affiches_Sommeil_Mazza_6mai_1-scaled.png 1811w\" sizes=\"auto, (max-width: 725px) 100vw, 725px\" \/><\/a><\/figure>\n<\/div>\n\n\n<p>Dans le cadre de notre partenariat AGEEM \/ Acad\u00e9mie de Dijon, Mme Pascual, IEN en charge de la Mission maternelle 21, ouvre la journ\u00e9e d\u00e9partementale Maternelle-Petite Enfance aux adh\u00e9rents AGEEM de l&rsquo;acad\u00e9mie.<\/p>\n\n\n\n<h4 class=\"wp-block-heading\">Cette communication se d\u00e9roulera <strong>\u00e0 l&rsquo;Auditorium de Dijon, le mercredi 6 mai 2026.<\/strong><br>Ouverture des portes <strong><u>d\u00e8s 13h15.<\/u><\/strong><\/h4>\n\n\n\n<p>Soutenue par la CAF 21, l&rsquo;AGEEM, la Ville de Dijon et les services de la DSDEN 21, elle est \u00e9galement ouverte \u00e0 l&rsquo;ensemble des acteurs de la Petite enfance\/\u00e9ducation du d\u00e9partement de C\u00f4te d\u2019Or : agents des collectivit\u00e9s territoriales (ATSEM, EJE, agents d&rsquo;animation) , aux professionnels de la Petite enfance (cr\u00e8ches, relais Petite enfance, multi-accueil, PMI, r\u00e9f\u00e9rents CAF etc&#8230;) ainsi qu&rsquo;aux familles.<\/p>\n\n\n\n<p>Voici le lien pour vous inscrire :&nbsp;<br><a href=\"https:\/\/track.pstmrk.it\/3s\/enquetes.education.gouv.fr%2FSE%2F%3Fst%3D9AGiUY21XgV4O2bA%252FVxGFqqwref6FjhO8VRw4hlymdk%253D\/lvid\/LhnEAQ\/AQ\/06881360-4a72-4ccd-af4f-dff1f2fb50a6\/2\/6jMDebUviF\" target=\"_blank\" rel=\"noreferrer noopener\">https:\/\/enquetes.education.gouv.fr\/SE\/?st=9AGiUY21XgV4O2bA%2FVxGFqqwref6FjhO8VRw4hlymdk%3D<\/a>&nbsp;<\/p>\n\n\n\n<p>La th\u00e9matique retenue cette ann\u00e9e est le Sommeil : \u00ab\u00a0Pour bien grandir et bien apprendre, veille \u00e0 ton sommeil\u00a0\u00bb.<br>St\u00e9phanie Mazza, professeur des Universit\u00e9s, sp\u00e9cialiste du sommeil, membre du CSEN (Conseil Scientifique de l&rsquo;\u00e9ducation nationale), abordera les fondements th\u00e9oriques\u00a0ainsi que les conditions de mise en \u0153uvre de mani\u00e8re accessible \u00e0 tous.\u00a0<br>Les ressources <a href=\"https:\/\/ageem21.fr\/?p=3305\">\u00ab\u00a0OKAZOU\u00a0\u00bb<\/a> seront \u00e9galement pr\u00e9sent\u00e9es. <\/p>\n\n\n\n<p>Retrouvez sur le site de l&rsquo;AGEEM <a href=\"https:\/\/ageem.org\/ressources\/le-sommeil\/\">la page sur le sommeil<\/a> avec notamment un livret de 4 pages et l&rsquo;histoire d&rsquo;Okazou. <\/p>\n\n\n\n<p><\/p>\n","protected":false},"excerpt":{"rendered":"<p>Dans le cadre de notre partenariat AGEEM \/ Acad\u00e9mie de Dijon, Mme Pascual, IEN en charge de la Mission maternelle 21, ouvre la journ\u00e9e d\u00e9partementale Maternelle-Petite Enfance aux adh\u00e9rents AGEEM &hellip; <a href=\"https:\/\/ageem21.fr\/?p=4280\" class=\"more-link\">Continuer la lecture de <span class=\"screen-reader-text\">Conf\u00e9rence sur le sommeil Mercredi 6 mai<\/span>  <span class=\"meta-nav\">&rarr;<\/span><\/a><\/p>\n","protected":false},"author":3,"featured_media":0,"comment_status":"closed","ping_status":"closed","sticky":false,"template":"","format":"standard","meta":{"footnotes":""},"categories":[102],"tags":[85],"class_list":["post-4280","post","type-post","status-publish","format-standard","hentry","category-partenariat-dsden-21","tag-partenariat"],"_links":{"self":[{"href":"https:\/\/ageem21.fr\/index.php?rest_route=\/wp\/v2\/posts\/4280","targetHints":{"allow":["GET"]}}],"collection":[{"href":"https:\/\/ageem21.fr\/index.php?rest_route=\/wp\/v2\/posts"}],"about":[{"href":"https:\/\/ageem21.fr\/index.php?rest_route=\/wp\/v2\/types\/post"}],"author":[{"embeddable":true,"href":"https:\/\/ageem21.fr\/index.php?rest_route=\/wp\/v2\/users\/3"}],"replies":[{"embeddable":true,"href":"https:\/\/ageem21.fr\/index.php?rest_route=%2Fwp%2Fv2%2Fcomments&post=4280"}],"version-history":[{"count":1,"href":"https:\/\/ageem21.fr\/index.php?rest_route=\/wp\/v2\/posts\/4280\/revisions"}],"predecessor-version":[{"id":4283,"href":"https:\/\/ageem21.fr\/index.php?rest_route=\/wp\/v2\/posts\/4280\/revisions\/4283"}],"wp:attachment":[{"href":"https:\/\/ageem21.fr\/index.php?rest_route=%2Fwp%2Fv2%2Fmedia&parent=4280"}],"wp:term":[{"taxonomy":"category","embeddable":true,"href":"https:\/\/ageem21.fr\/index.php?rest_route=%2Fwp%2Fv2%2Fcategories&post=4280"},{"taxonomy":"post_tag","embeddable":true,"href":"https:\/\/ageem21.fr\/index.php?rest_route=%2Fwp%2Fv2%2Ftags&post=4280"}],"curies":[{"name":"wp","href":"https:\/\/api.w.org\/{rel}","templated":true}]}}