{"id":4069,"date":"2026-02-01T17:37:30","date_gmt":"2026-02-01T16:37:30","guid":{"rendered":"https:\/\/ageem21.fr\/?p=4069"},"modified":"2026-02-13T16:46:17","modified_gmt":"2026-02-13T15:46:17","slug":"journee-academique-de-formation-2026","status":"publish","type":"post","link":"https:\/\/ageem21.fr\/?p=4069","title":{"rendered":"Journ\u00e9e Acad\u00e9mique de Formation 2026"},"content":{"rendered":"\n<h2 class=\"wp-block-heading\">\u00ab\u00a0Enseigner (quelque chose des arts) est-il autre chose qu&rsquo;une situation probl\u00e8me?\u00a0\u00bb<\/h2>\n\n\n\n<p>Notre journ\u00e9e acad\u00e9mique de formation du samedi 31 janvier 2026 s&rsquo;inscrivait dans la lign\u00e9e du <a href=\"https:\/\/ageem.org\/ressources\/lancement-congre-poitiers\/\">congr\u00e8s AGEEM \u00e0 Poitiers<\/a> <em>\u00ab\u00a0Apprendre \u00e0 l\u2019\u00e9cole maternelle, o\u00f9 est le probl\u00e8me ?\u00a0\u00bb<\/em><\/p>\n\n\n<div class=\"wp-block-image\">\n<figure class=\"aligncenter size-full\"><a href=\"https:\/\/ageem21.fr\/wp-content\/uploads\/2026\/02\/1769955096578.jpg\" data-rel=\"lightbox-gallery-Y3W3SNJt\" data-rl_title=\"\" data-rl_caption=\"\" title=\"\"><img loading=\"lazy\" decoding=\"async\" width=\"800\" height=\"600\" src=\"https:\/\/ageem21.fr\/wp-content\/uploads\/2026\/02\/1769955096578.jpg\" alt=\"\" class=\"wp-image-4072\" srcset=\"https:\/\/ageem21.fr\/wp-content\/uploads\/2026\/02\/1769955096578.jpg 800w, https:\/\/ageem21.fr\/wp-content\/uploads\/2026\/02\/1769955096578-300x225.jpg 300w, https:\/\/ageem21.fr\/wp-content\/uploads\/2026\/02\/1769955096578-768x576.jpg 768w, https:\/\/ageem21.fr\/wp-content\/uploads\/2026\/02\/1769955096578-600x450.jpg 600w\" sizes=\"auto, (max-width: 800px) 100vw, 800px\" \/><\/a><\/figure>\n<\/div>\n\n\n<p>Premi\u00e8re journ\u00e9e acad\u00e9mique depuis la signature de<a href=\"https:\/\/ageem21.fr\/?p=3995\"> la convention AGEEM\/acad\u00e9mie de Dijon,<\/a> des formateurs des 4 d\u00e9partements ont particip\u00e9 gr\u00e2ce au soutien de l&rsquo;EAFC (\u00c9cole Acad\u00e9mique de la Formation Continue) .<\/p>\n\n\n\n<figure class=\"wp-block-gallery has-nested-images columns-default is-cropped wp-block-gallery-1 is-layout-flex wp-block-gallery-is-layout-flex\">\n<figure class=\"wp-block-image size-large\"><a href=\"https:\/\/ageem21.fr\/wp-content\/uploads\/2026\/02\/redim-20260131_082934.jpg\" data-rel=\"lightbox-gallery-Y3W3SNJt\" data-rl_title=\"\" data-rl_caption=\"\" title=\"\"><img loading=\"lazy\" decoding=\"async\" width=\"800\" height=\"600\" data-id=\"4076\" src=\"https:\/\/ageem21.fr\/wp-content\/uploads\/2026\/02\/redim-20260131_082934.jpg\" alt=\"\" class=\"wp-image-4076\" srcset=\"https:\/\/ageem21.fr\/wp-content\/uploads\/2026\/02\/redim-20260131_082934.jpg 800w, https:\/\/ageem21.fr\/wp-content\/uploads\/2026\/02\/redim-20260131_082934-300x225.jpg 300w, https:\/\/ageem21.fr\/wp-content\/uploads\/2026\/02\/redim-20260131_082934-768x576.jpg 768w, https:\/\/ageem21.fr\/wp-content\/uploads\/2026\/02\/redim-20260131_082934-600x450.jpg 600w\" sizes=\"auto, (max-width: 800px) 100vw, 800px\" \/><\/a><\/figure>\n\n\n\n<figure class=\"wp-block-image size-large\"><a href=\"https:\/\/ageem21.fr\/wp-content\/uploads\/2026\/02\/redim-20260131_082931.jpg\" data-rel=\"lightbox-gallery-Y3W3SNJt\" data-rl_title=\"\" data-rl_caption=\"\" title=\"\"><img loading=\"lazy\" decoding=\"async\" width=\"800\" height=\"600\" data-id=\"4077\" src=\"https:\/\/ageem21.fr\/wp-content\/uploads\/2026\/02\/redim-20260131_082931.jpg\" alt=\"\" class=\"wp-image-4077\" srcset=\"https:\/\/ageem21.fr\/wp-content\/uploads\/2026\/02\/redim-20260131_082931.jpg 800w, https:\/\/ageem21.fr\/wp-content\/uploads\/2026\/02\/redim-20260131_082931-300x225.jpg 300w, https:\/\/ageem21.fr\/wp-content\/uploads\/2026\/02\/redim-20260131_082931-768x576.jpg 768w, https:\/\/ageem21.fr\/wp-content\/uploads\/2026\/02\/redim-20260131_082931-600x450.jpg 600w\" sizes=\"auto, (max-width: 800px) 100vw, 800px\" \/><\/a><\/figure>\n<\/figure>\n\n\n\n<p>Dans le cadre d&rsquo;un partenariat avec les Maisons Pop Rouge de Chen\u00f4ve, nous avons accueilli, dans leurs locaux, une soixantaine d&rsquo;enseignants et formateurs pour une formation men\u00e9e par Mme Gonthier, plasticienne, performeuse, cr\u00e9atrice de <a href=\"https:\/\/www.lagrandelessive.net\/\"><em>La Grande Lessive<\/em>\u00ae<\/a>, agr\u00e9g\u00e9e d\u2019arts plastiques, docteure en esth\u00e9tique et membre du conseil scientifique de l&rsquo;AGEEM. <\/p>\n\n\n\n<figure class=\"wp-block-embed is-type-wp-embed is-provider-ageem-21 wp-block-embed-ageem-21\"><div class=\"wp-block-embed__wrapper\">\n<blockquote class=\"wp-embedded-content\" data-secret=\"CGbH6jJotW\"><a href=\"https:\/\/ageem21.fr\/?p=3431\">JAF 2026 : Qui est Jo\u00eblle Gonthier?<\/a><\/blockquote><iframe loading=\"lazy\" class=\"wp-embedded-content\" sandbox=\"allow-scripts\" security=\"restricted\" style=\"position: absolute; visibility: hidden;\" title=\"\u00ab\u00a0JAF 2026 : Qui est Jo\u00eblle Gonthier?\u00a0\u00bb &#8212; AGEEM 21\" src=\"https:\/\/ageem21.fr\/?p=3431&#038;embed=true#?secret=bVkYivJ9Gu#?secret=CGbH6jJotW\" data-secret=\"CGbH6jJotW\" width=\"474\" height=\"267\" frameborder=\"0\" marginwidth=\"0\" marginheight=\"0\" scrolling=\"no\"><\/iframe>\n<\/div><\/figure>\n\n\n\n<figure class=\"wp-block-image size-large\"><a href=\"https:\/\/ageem21.fr\/wp-content\/uploads\/2026\/02\/signal-2026-01-31-09-20-27-209.jpg\" data-rel=\"lightbox-gallery-Y3W3SNJt\" data-rl_title=\"\" data-rl_caption=\"\" title=\"\"><img loading=\"lazy\" decoding=\"async\" width=\"1024\" height=\"768\" src=\"https:\/\/ageem21.fr\/wp-content\/uploads\/2026\/02\/signal-2026-01-31-09-20-27-209-1024x768.jpg\" alt=\"\" class=\"wp-image-4086\" srcset=\"https:\/\/ageem21.fr\/wp-content\/uploads\/2026\/02\/signal-2026-01-31-09-20-27-209-1024x768.jpg 1024w, https:\/\/ageem21.fr\/wp-content\/uploads\/2026\/02\/signal-2026-01-31-09-20-27-209-300x225.jpg 300w, https:\/\/ageem21.fr\/wp-content\/uploads\/2026\/02\/signal-2026-01-31-09-20-27-209-768x576.jpg 768w, https:\/\/ageem21.fr\/wp-content\/uploads\/2026\/02\/signal-2026-01-31-09-20-27-209-600x450.jpg 600w, https:\/\/ageem21.fr\/wp-content\/uploads\/2026\/02\/signal-2026-01-31-09-20-27-209-1536x1152.jpg 1536w, https:\/\/ageem21.fr\/wp-content\/uploads\/2026\/02\/signal-2026-01-31-09-20-27-209-1320x990.jpg 1320w, https:\/\/ageem21.fr\/wp-content\/uploads\/2026\/02\/signal-2026-01-31-09-20-27-209.jpg 2048w\" sizes=\"auto, (max-width: 1024px) 100vw, 1024px\" \/><\/a><\/figure>\n\n\n\n<p>En pr\u00e9sence de notre pr\u00e9sidente nationale Maryse Chr\u00e9tien, Mme Gonthier a conduit le matin une intervention perform\u00e9e avec des temps interactifs o\u00f9 chacun \u00e9crivait ou dessinait pour r\u00e9pondre \u00e0 ses consignes, engageant ainsi sa r\u00e9flexion et interrogeant ses propres conceptions.<br>Elle a interrog\u00e9 entre autres les mots ART, \u0152UVRE, PRODUCTION&#8230; insistant sur l&rsquo;incidence des mots employ\u00e9s.<br>Avec une touche de po\u00e9sie et d&rsquo;humour, elle a captiv\u00e9 l&rsquo;assembl\u00e9e et a engag\u00e9 un questionnement sur les pratiques artistiques avec des \u00e9l\u00e8ves de maternelle.<\/p>\n\n\n\n<figure class=\"wp-block-gallery has-nested-images columns-default is-cropped wp-block-gallery-2 is-layout-flex wp-block-gallery-is-layout-flex\">\n<figure class=\"wp-block-image size-large\"><a href=\"https:\/\/ageem21.fr\/wp-content\/uploads\/2026\/02\/1769955095716.jpg\" data-rel=\"lightbox-gallery-Y3W3SNJt\" data-rl_title=\"\" data-rl_caption=\"\" title=\"\"><img loading=\"lazy\" decoding=\"async\" width=\"800\" height=\"600\" data-id=\"4074\" src=\"https:\/\/ageem21.fr\/wp-content\/uploads\/2026\/02\/1769955095716.jpg\" alt=\"\" class=\"wp-image-4074\" srcset=\"https:\/\/ageem21.fr\/wp-content\/uploads\/2026\/02\/1769955095716.jpg 800w, https:\/\/ageem21.fr\/wp-content\/uploads\/2026\/02\/1769955095716-300x225.jpg 300w, https:\/\/ageem21.fr\/wp-content\/uploads\/2026\/02\/1769955095716-768x576.jpg 768w, https:\/\/ageem21.fr\/wp-content\/uploads\/2026\/02\/1769955095716-600x450.jpg 600w\" sizes=\"auto, (max-width: 800px) 100vw, 800px\" \/><\/a><\/figure>\n\n\n\n<figure class=\"wp-block-image size-large\"><a href=\"https:\/\/ageem21.fr\/wp-content\/uploads\/2026\/02\/1769955088955.jpg\" data-rel=\"lightbox-gallery-Y3W3SNJt\" data-rl_title=\"\" data-rl_caption=\"\" title=\"\"><img loading=\"lazy\" decoding=\"async\" width=\"800\" height=\"358\" data-id=\"4073\" src=\"https:\/\/ageem21.fr\/wp-content\/uploads\/2026\/02\/1769955088955.jpg\" alt=\"\" class=\"wp-image-4073\" srcset=\"https:\/\/ageem21.fr\/wp-content\/uploads\/2026\/02\/1769955088955.jpg 800w, https:\/\/ageem21.fr\/wp-content\/uploads\/2026\/02\/1769955088955-300x134.jpg 300w, https:\/\/ageem21.fr\/wp-content\/uploads\/2026\/02\/1769955088955-768x344.jpg 768w, https:\/\/ageem21.fr\/wp-content\/uploads\/2026\/02\/1769955088955-600x269.jpg 600w\" sizes=\"auto, (max-width: 800px) 100vw, 800px\" \/><\/a><\/figure>\n\n\n\n<figure class=\"wp-block-image size-large\"><a href=\"https:\/\/ageem21.fr\/wp-content\/uploads\/2026\/02\/1769955093350.jpg\" data-rel=\"lightbox-gallery-Y3W3SNJt\" data-rl_title=\"\" data-rl_caption=\"\" title=\"\"><img loading=\"lazy\" decoding=\"async\" width=\"800\" height=\"450\" data-id=\"4075\" src=\"https:\/\/ageem21.fr\/wp-content\/uploads\/2026\/02\/1769955093350.jpg\" alt=\"\" class=\"wp-image-4075\" srcset=\"https:\/\/ageem21.fr\/wp-content\/uploads\/2026\/02\/1769955093350.jpg 800w, https:\/\/ageem21.fr\/wp-content\/uploads\/2026\/02\/1769955093350-300x169.jpg 300w, https:\/\/ageem21.fr\/wp-content\/uploads\/2026\/02\/1769955093350-768x432.jpg 768w, https:\/\/ageem21.fr\/wp-content\/uploads\/2026\/02\/1769955093350-600x338.jpg 600w\" sizes=\"auto, (max-width: 800px) 100vw, 800px\" \/><\/a><\/figure>\n\n\n\n<figure class=\"wp-block-image size-large\"><a href=\"https:\/\/ageem21.fr\/wp-content\/uploads\/2026\/02\/20260131_110258-scaled.jpg\" data-rel=\"lightbox-gallery-Y3W3SNJt\" data-rl_title=\"\" data-rl_caption=\"\" title=\"\"><img loading=\"lazy\" decoding=\"async\" width=\"1024\" height=\"768\" data-id=\"4079\" src=\"https:\/\/ageem21.fr\/wp-content\/uploads\/2026\/02\/20260131_110258-1024x768.jpg\" alt=\"\" class=\"wp-image-4079\" srcset=\"https:\/\/ageem21.fr\/wp-content\/uploads\/2026\/02\/20260131_110258-1024x768.jpg 1024w, https:\/\/ageem21.fr\/wp-content\/uploads\/2026\/02\/20260131_110258-300x225.jpg 300w, https:\/\/ageem21.fr\/wp-content\/uploads\/2026\/02\/20260131_110258-768x576.jpg 768w, https:\/\/ageem21.fr\/wp-content\/uploads\/2026\/02\/20260131_110258-600x450.jpg 600w, https:\/\/ageem21.fr\/wp-content\/uploads\/2026\/02\/20260131_110258-1536x1152.jpg 1536w, https:\/\/ageem21.fr\/wp-content\/uploads\/2026\/02\/20260131_110258-2048x1536.jpg 2048w\" sizes=\"auto, (max-width: 1024px) 100vw, 1024px\" \/><\/a><\/figure>\n\n\n\n<figure class=\"wp-block-image size-large\"><a href=\"https:\/\/ageem21.fr\/wp-content\/uploads\/2026\/02\/signal-2026-02-01-11-43-31-780-3.jpg\" data-rel=\"lightbox-gallery-Y3W3SNJt\" data-rl_title=\"\" data-rl_caption=\"\" title=\"\"><img loading=\"lazy\" decoding=\"async\" width=\"459\" height=\"1024\" data-id=\"4087\" src=\"https:\/\/ageem21.fr\/wp-content\/uploads\/2026\/02\/signal-2026-02-01-11-43-31-780-3-459x1024.jpg\" alt=\"\" class=\"wp-image-4087\" srcset=\"https:\/\/ageem21.fr\/wp-content\/uploads\/2026\/02\/signal-2026-02-01-11-43-31-780-3-459x1024.jpg 459w, https:\/\/ageem21.fr\/wp-content\/uploads\/2026\/02\/signal-2026-02-01-11-43-31-780-3-134x300.jpg 134w, https:\/\/ageem21.fr\/wp-content\/uploads\/2026\/02\/signal-2026-02-01-11-43-31-780-3-768x1713.jpg 768w, https:\/\/ageem21.fr\/wp-content\/uploads\/2026\/02\/signal-2026-02-01-11-43-31-780-3-600x1339.jpg 600w, https:\/\/ageem21.fr\/wp-content\/uploads\/2026\/02\/signal-2026-02-01-11-43-31-780-3-689x1536.jpg 689w, https:\/\/ageem21.fr\/wp-content\/uploads\/2026\/02\/signal-2026-02-01-11-43-31-780-3.jpg 918w\" sizes=\"auto, (max-width: 459px) 100vw, 459px\" \/><\/a><\/figure>\n<\/figure>\n\n\n<div class=\"wp-block-image\">\n<figure class=\"aligncenter size-large\"><a href=\"https:\/\/ageem21.fr\/wp-content\/uploads\/2026\/02\/redim-20260131_1141061.jpg\" data-rel=\"lightbox-gallery-Y3W3SNJt\" data-rl_title=\"\" data-rl_caption=\"\" title=\"\"><img loading=\"lazy\" decoding=\"async\" width=\"1024\" height=\"768\" src=\"https:\/\/ageem21.fr\/wp-content\/uploads\/2026\/02\/redim-20260131_1141061-1024x768.jpg\" alt=\"\" class=\"wp-image-4080\" srcset=\"https:\/\/ageem21.fr\/wp-content\/uploads\/2026\/02\/redim-20260131_1141061-1024x768.jpg 1024w, https:\/\/ageem21.fr\/wp-content\/uploads\/2026\/02\/redim-20260131_1141061-300x225.jpg 300w, https:\/\/ageem21.fr\/wp-content\/uploads\/2026\/02\/redim-20260131_1141061-768x576.jpg 768w, https:\/\/ageem21.fr\/wp-content\/uploads\/2026\/02\/redim-20260131_1141061-600x450.jpg 600w, https:\/\/ageem21.fr\/wp-content\/uploads\/2026\/02\/redim-20260131_1141061-1536x1152.jpg 1536w, https:\/\/ageem21.fr\/wp-content\/uploads\/2026\/02\/redim-20260131_1141061-1320x990.jpg 1320w, https:\/\/ageem21.fr\/wp-content\/uploads\/2026\/02\/redim-20260131_1141061.jpg 2000w\" sizes=\"auto, (max-width: 1024px) 100vw, 1024px\" \/><\/a><figcaption class=\"wp-element-caption\">\u00ab\u00a0un vrai cheminement&#8230; pour repartir avec des id\u00e9es renouvel\u00e9es, avec de l&rsquo;audace toujours\u00a0\u00bb <br>Catherine Pascual, IEN mission maternelle de C\u00f4te d&rsquo;Or<\/figcaption><\/figure>\n<\/div>\n\n\n<figure class=\"wp-block-gallery has-nested-images columns-default is-cropped wp-block-gallery-3 is-layout-flex wp-block-gallery-is-layout-flex\">\n<figure class=\"wp-block-image size-large\"><a href=\"https:\/\/ageem21.fr\/wp-content\/uploads\/2026\/02\/IMG_85141.jpg\" data-rel=\"lightbox-gallery-Y3W3SNJt\" data-rl_title=\"\" data-rl_caption=\"\" title=\"\"><img loading=\"lazy\" decoding=\"async\" width=\"665\" height=\"499\" data-id=\"4084\" src=\"https:\/\/ageem21.fr\/wp-content\/uploads\/2026\/02\/IMG_85141-edited-1.jpg\" alt=\"\" class=\"wp-image-4084\" srcset=\"https:\/\/ageem21.fr\/wp-content\/uploads\/2026\/02\/IMG_85141-edited-1.jpg 665w, https:\/\/ageem21.fr\/wp-content\/uploads\/2026\/02\/IMG_85141-edited-1-300x225.jpg 300w, https:\/\/ageem21.fr\/wp-content\/uploads\/2026\/02\/IMG_85141-edited-1-600x450.jpg 600w\" sizes=\"auto, (max-width: 665px) 100vw, 665px\" \/><\/a><\/figure>\n\n\n\n<figure class=\"wp-block-image size-large\"><a href=\"https:\/\/ageem21.fr\/wp-content\/uploads\/2026\/02\/signal-2026-01-31-09-11-12-305.jpg\" data-rel=\"lightbox-gallery-Y3W3SNJt\" data-rl_title=\"\" data-rl_caption=\"\" title=\"\"><img loading=\"lazy\" decoding=\"async\" width=\"600\" height=\"1067\" data-id=\"4096\" src=\"https:\/\/ageem21.fr\/wp-content\/uploads\/2026\/02\/signal-2026-01-31-09-11-12-305-edited.jpg\" alt=\"\" class=\"wp-image-4096\" srcset=\"https:\/\/ageem21.fr\/wp-content\/uploads\/2026\/02\/signal-2026-01-31-09-11-12-305-edited.jpg 600w, https:\/\/ageem21.fr\/wp-content\/uploads\/2026\/02\/signal-2026-01-31-09-11-12-305-edited-169x300.jpg 169w, https:\/\/ageem21.fr\/wp-content\/uploads\/2026\/02\/signal-2026-01-31-09-11-12-305-edited-576x1024.jpg 576w\" sizes=\"auto, (max-width: 600px) 100vw, 600px\" \/><\/a><\/figure>\n\n\n\n<figure class=\"wp-block-image size-large\"><a href=\"https:\/\/ageem21.fr\/wp-content\/uploads\/2026\/02\/Internet_20260201_105218_5.jpeg\" data-rel=\"lightbox-gallery-Y3W3SNJt\" data-rl_title=\"\" data-rl_caption=\"\" title=\"\"><img loading=\"lazy\" decoding=\"async\" width=\"800\" height=\"944\" data-id=\"4082\" src=\"https:\/\/ageem21.fr\/wp-content\/uploads\/2026\/02\/Internet_20260201_105218_5.jpeg\" alt=\"\" class=\"wp-image-4082\" srcset=\"https:\/\/ageem21.fr\/wp-content\/uploads\/2026\/02\/Internet_20260201_105218_5.jpeg 800w, https:\/\/ageem21.fr\/wp-content\/uploads\/2026\/02\/Internet_20260201_105218_5-254x300.jpeg 254w, https:\/\/ageem21.fr\/wp-content\/uploads\/2026\/02\/Internet_20260201_105218_5-768x906.jpeg 768w, https:\/\/ageem21.fr\/wp-content\/uploads\/2026\/02\/Internet_20260201_105218_5-600x708.jpeg 600w\" sizes=\"auto, (max-width: 800px) 100vw, 800px\" \/><\/a><\/figure>\n<\/figure>\n\n\n\n<blockquote class=\"wp-block-quote is-layout-flow wp-block-quote-is-layout-flow\">\n<blockquote class=\"wp-block-quote is-layout-flow wp-block-quote-is-layout-flow\">\n<p><\/p>\n<\/blockquote>\n<\/blockquote>\n\n\n\n<p>Nous remercions M. le maire de Chen\u00f4ve, Thierry Falconnet, pour sa pr\u00e9sence et son soutien pour notre association depuis de nombreuses ann\u00e9es.  <br>Nous remercions les Maisons Pop pour leur accueil et leur accompagnement dans leurs locaux. <br>Nous remercions \u00e9galement Mme la rectrice, Mathilde Gollety, pour sa pr\u00e9sence et l&rsquo;attention qu&rsquo;elle porte aux travaux de notre association en lien avec la recherche.<\/p>\n\n\n\n<p>En marge de cette conf\u00e9rence, nous avions organis\u00e9 un salon \u00e9ducatif avec partenaires, \u00e9diteurs et expositions p\u00e9dagogiques. <em>(un article sp\u00e9cifique para\u00eetra prochainement)<\/em><\/p>\n\n\n\n<p>L&rsquo;apr\u00e8s-midi, Mme Gonthier a conduit un atelier de cr\u00e9ation <a href=\"https:\/\/www.lagrandelessive.net\/le-jeu-du-je-nous\/\">\u00ab\u00a0le Jeu du Je-Nous\u00a0\u00bb<\/a>, prochaine invitation de <a href=\"https:\/\/www.lagrandelessive.net\/\">la Grande Lessive<\/a>, \u00e9v\u00e9nement d&rsquo;art participatif qu&rsquo;elle a cr\u00e9\u00e9 il y a 20 ans. <br>Chacun avait pr\u00e9par\u00e9 puis apport\u00e9 sa valise de mat\u00e9riel suite \u00e0 la lecture d&rsquo;un texte qu&rsquo;elle avait envoy\u00e9 en amont de la journ\u00e9e. <br><strong>Un premier pas dans son univers, une invitation \u00e0 la r\u00e9flexion&nbsp;&nbsp;!<\/strong><\/p>\n\n\n\n<figure class=\"wp-block-gallery aligncenter has-nested-images columns-default is-cropped wp-block-gallery-4 is-layout-flex wp-block-gallery-is-layout-flex\">\n<figure class=\"wp-block-image size-large\"><a href=\"https:\/\/ageem21.fr\/wp-content\/uploads\/2026\/02\/20260131_143357-scaled.jpg\" data-rel=\"lightbox-gallery-Y3W3SNJt\" data-rl_title=\"\" data-rl_caption=\"\" title=\"\"><img loading=\"lazy\" decoding=\"async\" width=\"1024\" height=\"768\" data-id=\"4091\" src=\"https:\/\/ageem21.fr\/wp-content\/uploads\/2026\/02\/20260131_143357-1024x768.jpg\" alt=\"\" class=\"wp-image-4091\" srcset=\"https:\/\/ageem21.fr\/wp-content\/uploads\/2026\/02\/20260131_143357-1024x768.jpg 1024w, https:\/\/ageem21.fr\/wp-content\/uploads\/2026\/02\/20260131_143357-300x225.jpg 300w, https:\/\/ageem21.fr\/wp-content\/uploads\/2026\/02\/20260131_143357-768x576.jpg 768w, https:\/\/ageem21.fr\/wp-content\/uploads\/2026\/02\/20260131_143357-600x450.jpg 600w, https:\/\/ageem21.fr\/wp-content\/uploads\/2026\/02\/20260131_143357-1536x1152.jpg 1536w, https:\/\/ageem21.fr\/wp-content\/uploads\/2026\/02\/20260131_143357-2048x1536.jpg 2048w, https:\/\/ageem21.fr\/wp-content\/uploads\/2026\/02\/20260131_143357-1320x990.jpg 1320w\" sizes=\"auto, (max-width: 1024px) 100vw, 1024px\" \/><\/a><\/figure>\n<\/figure>\n\n\n\n<p>Par des pauses r\u00e9flexives, cet atelier a permis de prolonger le propos du matin, d&rsquo;affiner la probl\u00e9matique.  <em>(un article sp\u00e9cifique para\u00eetra prochainement)<\/em><br>L&rsquo;occasion de vivre une situation probl\u00e8me, la conscientiser et apprendre en cr\u00e9ant. <\/p>\n\n\n<div class=\"wp-block-image\">\n<figure class=\"aligncenter size-large is-resized\"><a href=\"https:\/\/ageem21.fr\/wp-content\/uploads\/2026\/02\/20260131_154950-scaled.jpg\" data-rel=\"lightbox-gallery-Y3W3SNJt\" data-rl_title=\"\" data-rl_caption=\"\" title=\"\"><img loading=\"lazy\" decoding=\"async\" width=\"768\" height=\"1024\" src=\"https:\/\/ageem21.fr\/wp-content\/uploads\/2026\/02\/20260131_154950-768x1024.jpg\" alt=\"\" class=\"wp-image-4089\" style=\"aspect-ratio:0.7500000281874193;width:440px;height:auto\" srcset=\"https:\/\/ageem21.fr\/wp-content\/uploads\/2026\/02\/20260131_154950-768x1024.jpg 768w, https:\/\/ageem21.fr\/wp-content\/uploads\/2026\/02\/20260131_154950-225x300.jpg 225w, https:\/\/ageem21.fr\/wp-content\/uploads\/2026\/02\/20260131_154950-600x800.jpg 600w, https:\/\/ageem21.fr\/wp-content\/uploads\/2026\/02\/20260131_154950-1152x1536.jpg 1152w, https:\/\/ageem21.fr\/wp-content\/uploads\/2026\/02\/20260131_154950-1536x2048.jpg 1536w, https:\/\/ageem21.fr\/wp-content\/uploads\/2026\/02\/20260131_154950-1320x1760.jpg 1320w, https:\/\/ageem21.fr\/wp-content\/uploads\/2026\/02\/20260131_154950-scaled.jpg 1920w\" sizes=\"auto, (max-width: 768px) 100vw, 768px\" \/><\/a><\/figure>\n<\/div>\n\n\n<p>Cette journ\u00e9e acad\u00e9mique de formation \u00e9tait l\u2019occasion <strong>unique de rencontrer Jo\u00eblle Gonthier, d&rsquo;\u00e9changer avec elle, d&rsquo;exp\u00e9rimenter pour questionner nos postures d&rsquo;enseignement.&nbsp;<\/strong><br>Nous avons v\u00e9cu un moment privil\u00e9gi\u00e9 avec cette grande artiste, cr\u00e9atrice de l\u2019\u00e9v\u00e8nement d\u2019art participatif \u00ab&nbsp;La Grande Lessive&nbsp;\u00bb et nous la remercions pour la r\u00e9flexion qu\u2019elle a nous permis d\u2019engager.<\/p>\n\n\n\n<pre class=\"wp-block-preformatted\">Retrouvez sur le compte LinkedIn de Maryse Chr\u00e9tien l'analyse de notre journ\u00e9e : <mark style=\"background-color:#fff799\" class=\"has-inline-color\">\"Continuons \u00e0 faire de l'art un levier d'apprentissage et de sens pour nos \u00e9l\u00e8ves\"<\/mark><br><a href=\"https:\/\/fr.linkedin.com\/posts\/maryse-chretien-0b262b307_educationmaternelle-formationenseignants-activity-7423385018279899139-vwWd\">https:\/\/fr.linkedin.com\/posts\/maryse-chretien-0b262b307_educationmaternelle-formationenseignants-activity-7423385018279899139-vwWd<\/a><\/pre>\n\n\n\n<p><\/p>\n","protected":false},"excerpt":{"rendered":"<p>Retour sur notre journ\u00e9e acad\u00e9mique de formation avec Jo\u00eblle Gonthier<\/p>\n","protected":false},"author":3,"featured_media":3421,"comment_status":"closed","ping_status":"closed","sticky":false,"template":"","format":"standard","meta":{"footnotes":""},"categories":[77],"tags":[103,71],"class_list":["post-4069","post","type-post","status-publish","format-standard","has-post-thumbnail","hentry","category-jaf","tag-jaf-2026","tag-journee-academique-de-formation"],"_links":{"self":[{"href":"https:\/\/ageem21.fr\/index.php?rest_route=\/wp\/v2\/posts\/4069","targetHints":{"allow":["GET"]}}],"collection":[{"href":"https:\/\/ageem21.fr\/index.php?rest_route=\/wp\/v2\/posts"}],"about":[{"href":"https:\/\/ageem21.fr\/index.php?rest_route=\/wp\/v2\/types\/post"}],"author":[{"embeddable":true,"href":"https:\/\/ageem21.fr\/index.php?rest_route=\/wp\/v2\/users\/3"}],"replies":[{"embeddable":true,"href":"https:\/\/ageem21.fr\/index.php?rest_route=%2Fwp%2Fv2%2Fcomments&post=4069"}],"version-history":[{"count":11,"href":"https:\/\/ageem21.fr\/index.php?rest_route=\/wp\/v2\/posts\/4069\/revisions"}],"predecessor-version":[{"id":4239,"href":"https:\/\/ageem21.fr\/index.php?rest_route=\/wp\/v2\/posts\/4069\/revisions\/4239"}],"wp:featuredmedia":[{"embeddable":true,"href":"https:\/\/ageem21.fr\/index.php?rest_route=\/wp\/v2\/media\/3421"}],"wp:attachment":[{"href":"https:\/\/ageem21.fr\/index.php?rest_route=%2Fwp%2Fv2%2Fmedia&parent=4069"}],"wp:term":[{"taxonomy":"category","embeddable":true,"href":"https:\/\/ageem21.fr\/index.php?rest_route=%2Fwp%2Fv2%2Fcategories&post=4069"},{"taxonomy":"post_tag","embeddable":true,"href":"https:\/\/ageem21.fr\/index.php?rest_route=%2Fwp%2Fv2%2Ftags&post=4069"}],"curies":[{"name":"wp","href":"https:\/\/api.w.org\/{rel}","templated":true}]}}