{"id":3903,"date":"2025-12-14T15:20:57","date_gmt":"2025-12-14T14:20:57","guid":{"rendered":"https:\/\/ageem21.fr\/?p=3903"},"modified":"2025-12-14T15:23:49","modified_gmt":"2025-12-14T14:23:49","slug":"la-quinzaine-de-lecole-maternelle-a-puligny","status":"publish","type":"post","link":"https:\/\/ageem21.fr\/?p=3903","title":{"rendered":"La Quinzaine de l&rsquo;\u00e9cole maternelle \u00e0 Puligny"},"content":{"rendered":"\n<pre class=\"wp-block-preformatted\">Voici l'article d\u2019\u00c9dith. Merci \u00e0 elle! <\/pre>\n\n\n\n<p>Ma classe a particip\u00e9 de plusieurs fa\u00e7ons \u00e0 la Quinzaine de l&rsquo;\u00e9cole maternelle. <\/p>\n\n\n\n<h3 class=\"wp-block-heading\"><mark style=\"background-color:rgba(0, 0, 0, 0);color:#3436f4\" class=\"has-inline-color\">Sur le temps scolaire<\/mark><\/h3>\n\n\n\n<p><strong>1\/ Ouverture de la classe aux parents et, nouveau, aux \u00e9lus : <\/strong><br>Assister aux diff\u00e9rents temps pour apprendre et vivre ensemble.<br><strong>2\/ Rallye lecture \u00e0 deux voix:<\/strong><br>D\u00e9couvrir des albums ou chansons dans deux langues<\/p>\n\n\n\n<figure class=\"wp-block-gallery aligncenter has-nested-images columns-1 is-cropped wp-block-gallery-1 is-layout-flex wp-block-gallery-is-layout-flex\">\n<figure class=\"wp-block-image size-full\"><a href=\"https:\/\/ageem21.fr\/wp-content\/uploads\/2025\/12\/image-1.png\" data-rel=\"lightbox-gallery-Fo1GppFm\" data-rl_title=\"\" data-rl_caption=\"\" title=\"\"><img loading=\"lazy\" decoding=\"async\" width=\"609\" height=\"371\" data-id=\"3905\" src=\"https:\/\/ageem21.fr\/wp-content\/uploads\/2025\/12\/image-1.png\" alt=\"\" class=\"wp-image-3905\" srcset=\"https:\/\/ageem21.fr\/wp-content\/uploads\/2025\/12\/image-1.png 609w, https:\/\/ageem21.fr\/wp-content\/uploads\/2025\/12\/image-1-300x183.png 300w, https:\/\/ageem21.fr\/wp-content\/uploads\/2025\/12\/image-1-600x366.png 600w\" sizes=\"auto, (max-width: 609px) 100vw, 609px\" \/><\/a><\/figure>\n\n\n\n<figure class=\"wp-block-image size-full\"><a href=\"https:\/\/ageem21.fr\/wp-content\/uploads\/2025\/12\/image-2.png\" data-rel=\"lightbox-gallery-Fo1GppFm\" data-rl_title=\"\" data-rl_caption=\"\" title=\"\"><img loading=\"lazy\" decoding=\"async\" width=\"561\" height=\"421\" data-id=\"3906\" src=\"https:\/\/ageem21.fr\/wp-content\/uploads\/2025\/12\/image-2.png\" alt=\"\" class=\"wp-image-3906\" srcset=\"https:\/\/ageem21.fr\/wp-content\/uploads\/2025\/12\/image-2.png 561w, https:\/\/ageem21.fr\/wp-content\/uploads\/2025\/12\/image-2-300x225.png 300w\" sizes=\"auto, (max-width: 561px) 100vw, 561px\" \/><\/a><\/figure>\n<\/figure>\n\n\n\n<p>3\/ <strong>Participer et aider aux cr\u00e9ations artistiques pour les d\u00e9cors de la f\u00eate de l\u2019automne<\/strong> (invitations et affiches) <strong>assister aux pr\u00e9parations du spectacle <\/strong>(temps musical, temps chant\u00e9, temps dans\u00e9)<\/p>\n\n\n\n<h3 class=\"wp-block-heading\"><mark style=\"background-color:rgba(0, 0, 0, 0);color:#3436f4\" class=\"has-inline-color\">Hors temps scolaire: <br>Rencontres pour parents et municipalit\u00e9s et autres coll\u00e8gues du Rpi et de la circo<\/mark><\/h3>\n\n\n\n<h5 class=\"wp-block-heading\">17 novembre (sans les enfants): r\u00e9union sur l\u2019\u00e9cole dehors \u00abQuelles conditions pour apprendre en \u00e9cole dehors? \u00bb en pr\u00e9sence d\u2019une animatrice de l\u2019OCCE <\/h5>\n\n\n\n<p>10 familles sur 17 dont certains sont venus en couple (et parfois avec enfants) J\u2019ai imagin\u00e9 deux temps d\u2019immersion pour les parents:<\/p>\n\n\n\n<div class=\"wp-block-media-text is-stacked-on-mobile\"><figure class=\"wp-block-media-text__media\"><img loading=\"lazy\" decoding=\"async\" width=\"440\" height=\"330\" src=\"https:\/\/ageem21.fr\/wp-content\/uploads\/2025\/12\/image-3.png\" alt=\"\" class=\"wp-image-3907 size-full\" srcset=\"https:\/\/ageem21.fr\/wp-content\/uploads\/2025\/12\/image-3.png 440w, https:\/\/ageem21.fr\/wp-content\/uploads\/2025\/12\/image-3-300x225.png 300w\" sizes=\"auto, (max-width: 440px) 100vw, 440px\" \/><\/figure><div class=\"wp-block-media-text__content\">\n<p><strong>15 minutes dehors le soir dans les rues autour de l\u2019\u00e9cole: <\/strong><br>\u00e9voquer les lieux fr\u00e9quent\u00e9s par les enfants, chercher et rapporter un \u00e9l\u00e9ment v\u00e9g\u00e9tal (la bourse \u00e0 pasteur)<\/p>\n<\/div><\/div>\n\n\n\n<div class=\"wp-block-media-text has-media-on-the-right is-stacked-on-mobile\"><div class=\"wp-block-media-text__content\">\n<p><strong>15 minutes \u00e0 l\u2019int\u00e9rieur: <br>cr\u00e9er avec des \u00e9l\u00e9ments naturels<\/strong><br>Marrons et Posca blanc: d\u00e9cors pour une pani\u00e8re de la f\u00eate d\u2019\u00e9cole dehors.<\/p>\n<\/div><figure class=\"wp-block-media-text__media\"><img loading=\"lazy\" decoding=\"async\" width=\"313\" height=\"417\" src=\"https:\/\/ageem21.fr\/wp-content\/uploads\/2025\/12\/image-6.png\" alt=\"\" class=\"wp-image-3911 size-full\" srcset=\"https:\/\/ageem21.fr\/wp-content\/uploads\/2025\/12\/image-6.png 313w, https:\/\/ageem21.fr\/wp-content\/uploads\/2025\/12\/image-6-225x300.png 225w\" sizes=\"auto, (max-width: 313px) 100vw, 313px\" \/><\/figure><\/div>\n\n\n\n<ul class=\"wp-block-list\">\n<li><strong>Un temps d\u2019\u00e9changes <\/strong>pour faire \u00e9merger leurs ressentis, leurs<br>questionnements sur ces temps propos\u00e9s (surprenant, inqui\u00e9tant, motivant\u2026..ou pas) <br>Mon id\u00e9e \u00e9tait de faire \u00e9merger ensuite leurs craintes ou leurs questionnements par rapport aux sorties de leurs enfants, notamment concernant les conditions m\u00e9t\u00e9orologiques<\/li>\n\n\n\n<li><strong>Un diaporama<\/strong> des diff\u00e9rentes sorties proches ou plus lointaines en P1 et P2<\/li>\n<\/ul>\n\n\n\n<h5 class=\"wp-block-heading\"> 27 novembre ( enfants et familles) pour terminer la quinzaine : \u00ab la f\u00eate d\u2019automne de l\u2019\u00e9cole dehors \u00bb<\/h5>\n\n\n\n<figure class=\"wp-block-gallery has-nested-images columns-default is-cropped wp-block-gallery-2 is-layout-flex wp-block-gallery-is-layout-flex\">\n<figure class=\"wp-block-image size-large\"><a href=\"https:\/\/ageem21.fr\/wp-content\/uploads\/2025\/12\/signal-2025-11-27-22-19-24-682.jpg\" data-rel=\"lightbox-gallery-Fo1GppFm\" data-rl_title=\"\" data-rl_caption=\"\" title=\"\"><img loading=\"lazy\" decoding=\"async\" width=\"2048\" height=\"2048\" data-id=\"3928\" src=\"https:\/\/ageem21.fr\/wp-content\/uploads\/2025\/12\/signal-2025-11-27-22-19-24-682.jpg\" alt=\"\" class=\"wp-image-3928\"\/><\/a><\/figure>\n\n\n\n<figure class=\"wp-block-image size-large\"><a href=\"https:\/\/ageem21.fr\/wp-content\/uploads\/2025\/12\/signal-2025-11-27-22-19-24-682-1.jpg\" data-rel=\"lightbox-gallery-Fo1GppFm\" data-rl_title=\"\" data-rl_caption=\"\" title=\"\"><img loading=\"lazy\" decoding=\"async\" width=\"1024\" height=\"1024\" data-id=\"3930\" src=\"https:\/\/ageem21.fr\/wp-content\/uploads\/2025\/12\/signal-2025-11-27-22-19-24-682-1-1024x1024.jpg\" alt=\"\" class=\"wp-image-3930\" srcset=\"https:\/\/ageem21.fr\/wp-content\/uploads\/2025\/12\/signal-2025-11-27-22-19-24-682-1-1024x1024.jpg 1024w, https:\/\/ageem21.fr\/wp-content\/uploads\/2025\/12\/signal-2025-11-27-22-19-24-682-1-300x300.jpg 300w, https:\/\/ageem21.fr\/wp-content\/uploads\/2025\/12\/signal-2025-11-27-22-19-24-682-1-150x150.jpg 150w, https:\/\/ageem21.fr\/wp-content\/uploads\/2025\/12\/signal-2025-11-27-22-19-24-682-1-768x768.jpg 768w, https:\/\/ageem21.fr\/wp-content\/uploads\/2025\/12\/signal-2025-11-27-22-19-24-682-1-600x600.jpg 600w, https:\/\/ageem21.fr\/wp-content\/uploads\/2025\/12\/signal-2025-11-27-22-19-24-682-1-1536x1536.jpg 1536w, https:\/\/ageem21.fr\/wp-content\/uploads\/2025\/12\/signal-2025-11-27-22-19-24-682-1-1320x1320.jpg 1320w, https:\/\/ageem21.fr\/wp-content\/uploads\/2025\/12\/signal-2025-11-27-22-19-24-682-1.jpg 2048w\" sizes=\"auto, (max-width: 1024px) 100vw, 1024px\" \/><\/a><\/figure>\n\n\n\n<figure class=\"wp-block-image size-large\"><a href=\"https:\/\/ageem21.fr\/wp-content\/uploads\/2025\/12\/signal-2025-11-27-22-19-24-682-2.jpg\" data-rel=\"lightbox-gallery-Fo1GppFm\" data-rl_title=\"\" data-rl_caption=\"\" title=\"\"><img loading=\"lazy\" decoding=\"async\" width=\"1024\" height=\"1024\" data-id=\"3929\" src=\"https:\/\/ageem21.fr\/wp-content\/uploads\/2025\/12\/signal-2025-11-27-22-19-24-682-2-1024x1024.jpg\" alt=\"\" class=\"wp-image-3929\" srcset=\"https:\/\/ageem21.fr\/wp-content\/uploads\/2025\/12\/signal-2025-11-27-22-19-24-682-2-1024x1024.jpg 1024w, https:\/\/ageem21.fr\/wp-content\/uploads\/2025\/12\/signal-2025-11-27-22-19-24-682-2-300x300.jpg 300w, https:\/\/ageem21.fr\/wp-content\/uploads\/2025\/12\/signal-2025-11-27-22-19-24-682-2-150x150.jpg 150w, https:\/\/ageem21.fr\/wp-content\/uploads\/2025\/12\/signal-2025-11-27-22-19-24-682-2-768x768.jpg 768w, https:\/\/ageem21.fr\/wp-content\/uploads\/2025\/12\/signal-2025-11-27-22-19-24-682-2-600x600.jpg 600w, https:\/\/ageem21.fr\/wp-content\/uploads\/2025\/12\/signal-2025-11-27-22-19-24-682-2-1536x1536.jpg 1536w, https:\/\/ageem21.fr\/wp-content\/uploads\/2025\/12\/signal-2025-11-27-22-19-24-682-2-1320x1320.jpg 1320w, https:\/\/ageem21.fr\/wp-content\/uploads\/2025\/12\/signal-2025-11-27-22-19-24-682-2.jpg 2048w\" sizes=\"auto, (max-width: 1024px) 100vw, 1024px\" \/><\/a><\/figure>\n\n\n\n<figure class=\"wp-block-image size-large\"><a href=\"https:\/\/ageem21.fr\/wp-content\/uploads\/2025\/12\/signal-2025-11-27-22-19-24-682-3.jpg\" data-rel=\"lightbox-gallery-Fo1GppFm\" data-rl_title=\"\" data-rl_caption=\"\" title=\"\"><img loading=\"lazy\" decoding=\"async\" width=\"1024\" height=\"1024\" data-id=\"3931\" src=\"https:\/\/ageem21.fr\/wp-content\/uploads\/2025\/12\/signal-2025-11-27-22-19-24-682-3-1024x1024.jpg\" alt=\"\" class=\"wp-image-3931\" srcset=\"https:\/\/ageem21.fr\/wp-content\/uploads\/2025\/12\/signal-2025-11-27-22-19-24-682-3-1024x1024.jpg 1024w, https:\/\/ageem21.fr\/wp-content\/uploads\/2025\/12\/signal-2025-11-27-22-19-24-682-3-300x300.jpg 300w, https:\/\/ageem21.fr\/wp-content\/uploads\/2025\/12\/signal-2025-11-27-22-19-24-682-3-150x150.jpg 150w, https:\/\/ageem21.fr\/wp-content\/uploads\/2025\/12\/signal-2025-11-27-22-19-24-682-3-768x768.jpg 768w, https:\/\/ageem21.fr\/wp-content\/uploads\/2025\/12\/signal-2025-11-27-22-19-24-682-3.jpg 2048w\" sizes=\"auto, (max-width: 1024px) 100vw, 1024px\" \/><\/a><\/figure>\n\n\n\n<figure class=\"wp-block-image size-large\"><a href=\"https:\/\/ageem21.fr\/wp-content\/uploads\/2025\/12\/signal-2025-11-27-22-19-24-682-4.jpg\" data-rel=\"lightbox-gallery-Fo1GppFm\" data-rl_title=\"\" data-rl_caption=\"\" title=\"\"><img loading=\"lazy\" decoding=\"async\" width=\"1024\" height=\"1024\" data-id=\"3932\" src=\"https:\/\/ageem21.fr\/wp-content\/uploads\/2025\/12\/signal-2025-11-27-22-19-24-682-4-1024x1024.jpg\" alt=\"\" class=\"wp-image-3932\" srcset=\"https:\/\/ageem21.fr\/wp-content\/uploads\/2025\/12\/signal-2025-11-27-22-19-24-682-4-1024x1024.jpg 1024w, https:\/\/ageem21.fr\/wp-content\/uploads\/2025\/12\/signal-2025-11-27-22-19-24-682-4-300x300.jpg 300w, https:\/\/ageem21.fr\/wp-content\/uploads\/2025\/12\/signal-2025-11-27-22-19-24-682-4-150x150.jpg 150w, https:\/\/ageem21.fr\/wp-content\/uploads\/2025\/12\/signal-2025-11-27-22-19-24-682-4-768x768.jpg 768w, https:\/\/ageem21.fr\/wp-content\/uploads\/2025\/12\/signal-2025-11-27-22-19-24-682-4-600x600.jpg 600w, https:\/\/ageem21.fr\/wp-content\/uploads\/2025\/12\/signal-2025-11-27-22-19-24-682-4-1536x1536.jpg 1536w, https:\/\/ageem21.fr\/wp-content\/uploads\/2025\/12\/signal-2025-11-27-22-19-24-682-4-1320x1320.jpg 1320w, https:\/\/ageem21.fr\/wp-content\/uploads\/2025\/12\/signal-2025-11-27-22-19-24-682-4.jpg 2048w\" sizes=\"auto, (max-width: 1024px) 100vw, 1024px\" \/><\/a><\/figure>\n<\/figure>\n\n\n\n<p>16 familles sur 17, avec les deux parents le plus souvent, les petits fr\u00e8res et s\u0153urs, les grand-parents ou proche de la famille.<br>Retrouvez le descriptif de cette f\u00eate d&rsquo;automne <a href=\"https:\/\/ageem21.fr\/?p=3916\">dans cet article.<\/a><\/p>\n\n\n<div class=\"wp-block-image\">\n<figure class=\"aligncenter size-full\"><a href=\"https:\/\/ageem21.fr\/wp-content\/uploads\/2025\/12\/cour-de-jour.jpeg\" data-rel=\"lightbox-gallery-Fo1GppFm\" data-rl_title=\"\" data-rl_caption=\"\" title=\"\"><img loading=\"lazy\" decoding=\"async\" width=\"480\" height=\"571\" src=\"https:\/\/ageem21.fr\/wp-content\/uploads\/2025\/12\/cour-de-jour.jpeg\" alt=\"\" class=\"wp-image-3942\" srcset=\"https:\/\/ageem21.fr\/wp-content\/uploads\/2025\/12\/cour-de-jour.jpeg 480w, https:\/\/ageem21.fr\/wp-content\/uploads\/2025\/12\/cour-de-jour-252x300.jpeg 252w\" sizes=\"auto, (max-width: 480px) 100vw, 480px\" \/><\/a><\/figure>\n<\/div>\n\n\n<p>F\u00eater les 4 saisons de la classe dehors est une proposition innov\u00e9e l\u2019ann\u00e9e derni\u00e8re, par la Fabrique des Communs P\u00e9dagogiques. <br>Elle vise \u00e0 : <br>&#8211; encourager \u00e0 sortir avec les \u00e9l\u00e8ves<br>&#8211; inciter de nouveaux coll\u00e8gues \u00e0 se lancer<br>&#8211; soutenir le d\u00e9ploiement de ces pratiques<\/p>\n","protected":false},"excerpt":{"rendered":"<p>Voici l&rsquo;article d\u2019\u00c9dith. Merci \u00e0 elle! Ma classe a particip\u00e9 de plusieurs fa\u00e7ons \u00e0 la Quinzaine de l&rsquo;\u00e9cole maternelle. Sur le temps scolaire 1\/ Ouverture de la classe aux parents &hellip; <a href=\"https:\/\/ageem21.fr\/?p=3903\" class=\"more-link\">Continuer la lecture de <span class=\"screen-reader-text\">La Quinzaine de l&rsquo;\u00e9cole maternelle \u00e0 Puligny<\/span>  <span class=\"meta-nav\">&rarr;<\/span><\/a><\/p>\n","protected":false},"author":3,"featured_media":0,"comment_status":"closed","ping_status":"closed","sticky":false,"template":"","format":"standard","meta":{"footnotes":""},"categories":[69],"tags":[86,73,68],"class_list":["post-3903","post","type-post","status-publish","format-standard","hentry","category-quinzaine-de-lecole-maternelle","tag-ecole-dehors","tag-partage","tag-quinzaine-de-lecole-maternelle"],"_links":{"self":[{"href":"https:\/\/ageem21.fr\/index.php?rest_route=\/wp\/v2\/posts\/3903","targetHints":{"allow":["GET"]}}],"collection":[{"href":"https:\/\/ageem21.fr\/index.php?rest_route=\/wp\/v2\/posts"}],"about":[{"href":"https:\/\/ageem21.fr\/index.php?rest_route=\/wp\/v2\/types\/post"}],"author":[{"embeddable":true,"href":"https:\/\/ageem21.fr\/index.php?rest_route=\/wp\/v2\/users\/3"}],"replies":[{"embeddable":true,"href":"https:\/\/ageem21.fr\/index.php?rest_route=%2Fwp%2Fv2%2Fcomments&post=3903"}],"version-history":[{"count":4,"href":"https:\/\/ageem21.fr\/index.php?rest_route=\/wp\/v2\/posts\/3903\/revisions"}],"predecessor-version":[{"id":3948,"href":"https:\/\/ageem21.fr\/index.php?rest_route=\/wp\/v2\/posts\/3903\/revisions\/3948"}],"wp:attachment":[{"href":"https:\/\/ageem21.fr\/index.php?rest_route=%2Fwp%2Fv2%2Fmedia&parent=3903"}],"wp:term":[{"taxonomy":"category","embeddable":true,"href":"https:\/\/ageem21.fr\/index.php?rest_route=%2Fwp%2Fv2%2Fcategories&post=3903"},{"taxonomy":"post_tag","embeddable":true,"href":"https:\/\/ageem21.fr\/index.php?rest_route=%2Fwp%2Fv2%2Ftags&post=3903"}],"curies":[{"name":"wp","href":"https:\/\/api.w.org\/{rel}","templated":true}]}}