{"id":3881,"date":"2025-12-14T12:45:08","date_gmt":"2025-12-14T11:45:08","guid":{"rendered":"https:\/\/ageem21.fr\/?p=3881"},"modified":"2025-12-14T12:55:30","modified_gmt":"2025-12-14T11:55:30","slug":"partage-dadherent-un-defi-pour-les-familles-avec-la-mascotte","status":"publish","type":"post","link":"https:\/\/ageem21.fr\/?p=3881","title":{"rendered":"Partage d&rsquo;adh\u00e9rent : un d\u00e9fi pour les familles avec la mascotte"},"content":{"rendered":"\n<pre class=\"wp-block-preformatted\">Merci \u00e0 Johane pour ce retour d'exp\u00e9rience. <\/pre>\n\n\n\n<p>Dans le cadre des 10 jours sans trop d&rsquo;\u00e9cran de son \u00e9cole et pendant la quinzaine de la maternelle, Johane et l&rsquo;\u00e9quipe de l&rsquo;\u00e9cole ont propos\u00e9 aux familles d&#8217;emmener Pipouette (la mascotte du dispositif Moins de Trois Ans mais que les autres enfants connaissent) visiter le quartier en photos.<\/p>\n\n\n<div class=\"wp-block-image\">\n<figure class=\"aligncenter size-large\"><a href=\"https:\/\/ageem21.fr\/wp-content\/uploads\/2025\/12\/1.jpg\" data-rel=\"lightbox-gallery-EF63ehYj\" data-rl_title=\"\" data-rl_caption=\"\" title=\"\"><img loading=\"lazy\" decoding=\"async\" width=\"724\" height=\"1024\" src=\"https:\/\/ageem21.fr\/wp-content\/uploads\/2025\/12\/1-724x1024.jpg\" alt=\"\" class=\"wp-image-3882\" srcset=\"https:\/\/ageem21.fr\/wp-content\/uploads\/2025\/12\/1-724x1024.jpg 724w, https:\/\/ageem21.fr\/wp-content\/uploads\/2025\/12\/1-212x300.jpg 212w, https:\/\/ageem21.fr\/wp-content\/uploads\/2025\/12\/1-768x1086.jpg 768w, https:\/\/ageem21.fr\/wp-content\/uploads\/2025\/12\/1-600x849.jpg 600w, https:\/\/ageem21.fr\/wp-content\/uploads\/2025\/12\/1-1086x1536.jpg 1086w, https:\/\/ageem21.fr\/wp-content\/uploads\/2025\/12\/1-1320x1867.jpg 1320w, https:\/\/ageem21.fr\/wp-content\/uploads\/2025\/12\/1.jpg 1414w\" sizes=\"auto, (max-width: 724px) 100vw, 724px\" \/><\/a><\/figure>\n<\/div>\n\n\n<p>Le QR code de l&rsquo;affiche renvoie vers une <a href=\"https:\/\/www.canva.com\/design\/DAG49i38Orc\/t5RLWL29reHz7SNMk5cSwQ\/edit?ui=e30\">mise en sc\u00e8ne audiovisuelle<\/a>. <\/p>\n\n\n<div class=\"wp-block-image\">\n<figure class=\"aligncenter size-large\"><a href=\"https:\/\/ageem21.fr\/wp-content\/uploads\/2025\/12\/4-1.jpg\" data-rel=\"lightbox-gallery-EF63ehYj\" data-rl_title=\"MAJ \u00e9fi famille Pipouette - 4\" data-rl_caption=\"\" title=\"MAJ \u00e9fi famille Pipouette - 4\"><img loading=\"lazy\" decoding=\"async\" width=\"724\" height=\"1024\" src=\"https:\/\/ageem21.fr\/wp-content\/uploads\/2025\/12\/4-1-724x1024.jpg\" alt=\"\" class=\"wp-image-3884\" srcset=\"https:\/\/ageem21.fr\/wp-content\/uploads\/2025\/12\/4-1-724x1024.jpg 724w, https:\/\/ageem21.fr\/wp-content\/uploads\/2025\/12\/4-1-212x300.jpg 212w, https:\/\/ageem21.fr\/wp-content\/uploads\/2025\/12\/4-1-768x1086.jpg 768w, https:\/\/ageem21.fr\/wp-content\/uploads\/2025\/12\/4-1-600x849.jpg 600w, https:\/\/ageem21.fr\/wp-content\/uploads\/2025\/12\/4-1-1086x1536.jpg 1086w, https:\/\/ageem21.fr\/wp-content\/uploads\/2025\/12\/4-1-1320x1867.jpg 1320w, https:\/\/ageem21.fr\/wp-content\/uploads\/2025\/12\/4-1.jpg 1414w\" sizes=\"auto, (max-width: 724px) 100vw, 724px\" \/><\/a><\/figure>\n<\/div>\n\n\n<h6 class=\"wp-block-heading\">L&rsquo;objectif \u00e9tait de proposer aux familles de sortir avec leurs enfants dehors (lutte contre la s\u00e9dentarit\u00e9), de valoriser le quartier en mettant en avant diff\u00e9rents lieux adapt\u00e9s aux enfants et aussi de renforcer le lien \u00e9cole\/ familles. <\/h6>\n\n\n\n<p>Pipouette a \u00e9t\u00e9 d\u00e9cor\u00e9e par les enfants dans les classes de Moyens\/Grands.  Elle est partie dans les familles accompagn\u00e9e de son livret explicatif. <\/p>\n\n\n\n<figure class=\"wp-block-gallery has-nested-images columns-default is-cropped wp-block-gallery-1 is-layout-flex wp-block-gallery-is-layout-flex\">\n<figure class=\"wp-block-image size-large\"><a href=\"https:\/\/ageem21.fr\/wp-content\/uploads\/2025\/12\/2.jpg\" data-rel=\"lightbox-gallery-EF63ehYj\" data-rl_title=\"\" data-rl_caption=\"\" title=\"\"><img loading=\"lazy\" decoding=\"async\" width=\"724\" height=\"1024\" data-id=\"3885\" src=\"https:\/\/ageem21.fr\/wp-content\/uploads\/2025\/12\/2-724x1024.jpg\" alt=\"\" class=\"wp-image-3885\" srcset=\"https:\/\/ageem21.fr\/wp-content\/uploads\/2025\/12\/2-724x1024.jpg 724w, https:\/\/ageem21.fr\/wp-content\/uploads\/2025\/12\/2-212x300.jpg 212w, https:\/\/ageem21.fr\/wp-content\/uploads\/2025\/12\/2-768x1086.jpg 768w, https:\/\/ageem21.fr\/wp-content\/uploads\/2025\/12\/2-600x849.jpg 600w, https:\/\/ageem21.fr\/wp-content\/uploads\/2025\/12\/2-1086x1536.jpg 1086w, https:\/\/ageem21.fr\/wp-content\/uploads\/2025\/12\/2-1320x1867.jpg 1320w, https:\/\/ageem21.fr\/wp-content\/uploads\/2025\/12\/2.jpg 1414w\" sizes=\"auto, (max-width: 724px) 100vw, 724px\" \/><\/a><\/figure>\n\n\n\n<figure class=\"wp-block-image size-large\"><a href=\"https:\/\/ageem21.fr\/wp-content\/uploads\/2025\/12\/3.jpg\" data-rel=\"lightbox-gallery-EF63ehYj\" data-rl_title=\"\" data-rl_caption=\"\" title=\"\"><img loading=\"lazy\" decoding=\"async\" width=\"724\" height=\"1024\" data-id=\"3886\" src=\"https:\/\/ageem21.fr\/wp-content\/uploads\/2025\/12\/3-724x1024.jpg\" alt=\"\" class=\"wp-image-3886\" srcset=\"https:\/\/ageem21.fr\/wp-content\/uploads\/2025\/12\/3-724x1024.jpg 724w, https:\/\/ageem21.fr\/wp-content\/uploads\/2025\/12\/3-212x300.jpg 212w, https:\/\/ageem21.fr\/wp-content\/uploads\/2025\/12\/3-768x1086.jpg 768w, https:\/\/ageem21.fr\/wp-content\/uploads\/2025\/12\/3-600x849.jpg 600w, https:\/\/ageem21.fr\/wp-content\/uploads\/2025\/12\/3-1086x1536.jpg 1086w, https:\/\/ageem21.fr\/wp-content\/uploads\/2025\/12\/3-1320x1867.jpg 1320w, https:\/\/ageem21.fr\/wp-content\/uploads\/2025\/12\/3.jpg 1414w\" sizes=\"auto, (max-width: 724px) 100vw, 724px\" \/><\/a><\/figure>\n<\/figure>\n\n\n\n<p>Toutes les photos envoy\u00e9es de Pipouette dans les diff\u00e9rents lieux du quartier \u00e9taient affich\u00e9es dans l&rsquo;\u00e9cole au fur et \u00e0 mesure de leur arriv\u00e9e.<\/p>\n\n\n<div class=\"wp-block-image\">\n<figure class=\"aligncenter size-large\"><a href=\"https:\/\/ageem21.fr\/wp-content\/uploads\/2025\/12\/WhatsApp-Image-2025-12-08-at-12.49.35b-1.jpeg\" data-rel=\"lightbox-gallery-EF63ehYj\" data-rl_title=\"\" data-rl_caption=\"\" title=\"\"><img loading=\"lazy\" decoding=\"async\" width=\"1024\" height=\"228\" src=\"https:\/\/ageem21.fr\/wp-content\/uploads\/2025\/12\/WhatsApp-Image-2025-12-08-at-12.49.35b-1-1024x228.jpeg\" alt=\"\" class=\"wp-image-3888\" srcset=\"https:\/\/ageem21.fr\/wp-content\/uploads\/2025\/12\/WhatsApp-Image-2025-12-08-at-12.49.35b-1-1024x228.jpeg 1024w, https:\/\/ageem21.fr\/wp-content\/uploads\/2025\/12\/WhatsApp-Image-2025-12-08-at-12.49.35b-1-300x67.jpeg 300w, https:\/\/ageem21.fr\/wp-content\/uploads\/2025\/12\/WhatsApp-Image-2025-12-08-at-12.49.35b-1-768x171.jpeg 768w, https:\/\/ageem21.fr\/wp-content\/uploads\/2025\/12\/WhatsApp-Image-2025-12-08-at-12.49.35b-1-600x134.jpeg 600w, https:\/\/ageem21.fr\/wp-content\/uploads\/2025\/12\/WhatsApp-Image-2025-12-08-at-12.49.35b-1-1536x342.jpeg 1536w, https:\/\/ageem21.fr\/wp-content\/uploads\/2025\/12\/WhatsApp-Image-2025-12-08-at-12.49.35b-1-1320x294.jpeg 1320w, https:\/\/ageem21.fr\/wp-content\/uploads\/2025\/12\/WhatsApp-Image-2025-12-08-at-12.49.35b-1.jpeg 1866w\" sizes=\"auto, (max-width: 1024px) 100vw, 1024px\" \/><\/a><\/figure>\n<\/div>\n\n\n<blockquote class=\"wp-block-quote is-layout-flow wp-block-quote-is-layout-flow\">\n<p>Partagez \u00e0 votre tour vos projets avec nous! <br>Ensemble, faisons briller l&rsquo;\u00e9cole maternelle! <br>Envoyez \u00e0 <a href=\"mailto:ageem21@gmail.com\">ageem21@gmail.com<\/a> vos photos et descriptif, nous mettrons en ligne votre article. <br><\/p>\n<\/blockquote>\n","protected":false},"excerpt":{"rendered":"<p>Merci \u00e0 Johane pour ce retour d&rsquo;exp\u00e9rience. Dans le cadre des 10 jours sans trop d&rsquo;\u00e9cran de son \u00e9cole et pendant la quinzaine de la maternelle, Johane et l&rsquo;\u00e9quipe de &hellip; <a href=\"https:\/\/ageem21.fr\/?p=3881\" class=\"more-link\">Continuer la lecture de <span class=\"screen-reader-text\">Partage d&rsquo;adh\u00e9rent : un d\u00e9fi pour les familles avec la mascotte<\/span>  <span class=\"meta-nav\">&rarr;<\/span><\/a><\/p>\n","protected":false},"author":3,"featured_media":3888,"comment_status":"closed","ping_status":"closed","sticky":false,"template":"","format":"standard","meta":{"footnotes":""},"categories":[72,69],"tags":[73,68],"class_list":["post-3881","post","type-post","status-publish","format-standard","has-post-thumbnail","hentry","category-partage-dadherents","category-quinzaine-de-lecole-maternelle","tag-partage","tag-quinzaine-de-lecole-maternelle"],"_links":{"self":[{"href":"https:\/\/ageem21.fr\/index.php?rest_route=\/wp\/v2\/posts\/3881","targetHints":{"allow":["GET"]}}],"collection":[{"href":"https:\/\/ageem21.fr\/index.php?rest_route=\/wp\/v2\/posts"}],"about":[{"href":"https:\/\/ageem21.fr\/index.php?rest_route=\/wp\/v2\/types\/post"}],"author":[{"embeddable":true,"href":"https:\/\/ageem21.fr\/index.php?rest_route=\/wp\/v2\/users\/3"}],"replies":[{"embeddable":true,"href":"https:\/\/ageem21.fr\/index.php?rest_route=%2Fwp%2Fv2%2Fcomments&post=3881"}],"version-history":[{"count":3,"href":"https:\/\/ageem21.fr\/index.php?rest_route=\/wp\/v2\/posts\/3881\/revisions"}],"predecessor-version":[{"id":3910,"href":"https:\/\/ageem21.fr\/index.php?rest_route=\/wp\/v2\/posts\/3881\/revisions\/3910"}],"wp:featuredmedia":[{"embeddable":true,"href":"https:\/\/ageem21.fr\/index.php?rest_route=\/wp\/v2\/media\/3888"}],"wp:attachment":[{"href":"https:\/\/ageem21.fr\/index.php?rest_route=%2Fwp%2Fv2%2Fmedia&parent=3881"}],"wp:term":[{"taxonomy":"category","embeddable":true,"href":"https:\/\/ageem21.fr\/index.php?rest_route=%2Fwp%2Fv2%2Fcategories&post=3881"},{"taxonomy":"post_tag","embeddable":true,"href":"https:\/\/ageem21.fr\/index.php?rest_route=%2Fwp%2Fv2%2Ftags&post=3881"}],"curies":[{"name":"wp","href":"https:\/\/api.w.org\/{rel}","templated":true}]}}