{"id":3874,"date":"2025-12-14T12:43:50","date_gmt":"2025-12-14T11:43:50","guid":{"rendered":"https:\/\/ageem21.fr\/?p=3874"},"modified":"2025-12-14T12:43:51","modified_gmt":"2025-12-14T11:43:51","slug":"retours-sur-la-quinzaine-de-lecole-maternelle","status":"publish","type":"post","link":"https:\/\/ageem21.fr\/?p=3874","title":{"rendered":"Retours sur la Quinzaine de l&rsquo;\u00e9cole maternelle"},"content":{"rendered":"\n<pre class=\"wp-block-preformatted\">Nos coll\u00e8gues Isabelle et Justine nous partagent leurs actions de Quinzaine. <br>Encore de belles id\u00e9es de valorisation de l'\u00e9cole maternelle! Merci \u00e0 elles!<\/pre>\n\n\n\n<h3 class=\"wp-block-heading\">Dans l&rsquo;\u00e9cole d&rsquo;Isabelle : une soir\u00e9e d&rsquo;ateliers de d\u00e9coration de No\u00ebl avec les familles <\/h3>\n\n\n\n<figure class=\"wp-block-gallery has-nested-images columns-default is-cropped wp-block-gallery-1 is-layout-flex wp-block-gallery-is-layout-flex\">\n<figure class=\"wp-block-image size-large\"><a href=\"https:\/\/ageem21.fr\/wp-content\/uploads\/2025\/12\/PHOTO-2025-11-24-17-59-35_blur.jpg\" data-rel=\"lightbox-gallery-l5ocAVV8\" data-rl_title=\"\" data-rl_caption=\"\" title=\"\"><img loading=\"lazy\" decoding=\"async\" width=\"768\" height=\"1024\" data-id=\"3876\" src=\"https:\/\/ageem21.fr\/wp-content\/uploads\/2025\/12\/PHOTO-2025-11-24-17-59-35_blur-768x1024.jpg\" alt=\"\" class=\"wp-image-3876\" srcset=\"https:\/\/ageem21.fr\/wp-content\/uploads\/2025\/12\/PHOTO-2025-11-24-17-59-35_blur-768x1024.jpg 768w, https:\/\/ageem21.fr\/wp-content\/uploads\/2025\/12\/PHOTO-2025-11-24-17-59-35_blur-225x300.jpg 225w, https:\/\/ageem21.fr\/wp-content\/uploads\/2025\/12\/PHOTO-2025-11-24-17-59-35_blur-600x800.jpg 600w, https:\/\/ageem21.fr\/wp-content\/uploads\/2025\/12\/PHOTO-2025-11-24-17-59-35_blur-1152x1536.jpg 1152w, https:\/\/ageem21.fr\/wp-content\/uploads\/2025\/12\/PHOTO-2025-11-24-17-59-35_blur.jpg 1200w\" sizes=\"auto, (max-width: 768px) 100vw, 768px\" \/><\/a><\/figure>\n\n\n\n<figure class=\"wp-block-image size-large\"><a href=\"https:\/\/ageem21.fr\/wp-content\/uploads\/2025\/12\/PHOTO-2025-11-24-17-59-36_blur.jpg\" data-rel=\"lightbox-gallery-l5ocAVV8\" data-rl_title=\"\" data-rl_caption=\"\" title=\"\"><img loading=\"lazy\" decoding=\"async\" width=\"1024\" height=\"768\" data-id=\"3875\" src=\"https:\/\/ageem21.fr\/wp-content\/uploads\/2025\/12\/PHOTO-2025-11-24-17-59-36_blur-1024x768.jpg\" alt=\"\" class=\"wp-image-3875\" srcset=\"https:\/\/ageem21.fr\/wp-content\/uploads\/2025\/12\/PHOTO-2025-11-24-17-59-36_blur-1024x768.jpg 1024w, https:\/\/ageem21.fr\/wp-content\/uploads\/2025\/12\/PHOTO-2025-11-24-17-59-36_blur-300x225.jpg 300w, https:\/\/ageem21.fr\/wp-content\/uploads\/2025\/12\/PHOTO-2025-11-24-17-59-36_blur-768x576.jpg 768w, https:\/\/ageem21.fr\/wp-content\/uploads\/2025\/12\/PHOTO-2025-11-24-17-59-36_blur-600x450.jpg 600w, https:\/\/ageem21.fr\/wp-content\/uploads\/2025\/12\/PHOTO-2025-11-24-17-59-36_blur-1536x1152.jpg 1536w, https:\/\/ageem21.fr\/wp-content\/uploads\/2025\/12\/PHOTO-2025-11-24-17-59-36_blur-1320x990.jpg 1320w, https:\/\/ageem21.fr\/wp-content\/uploads\/2025\/12\/PHOTO-2025-11-24-17-59-36_blur.jpg 1600w\" sizes=\"auto, (max-width: 1024px) 100vw, 1024px\" \/><\/a><\/figure>\n\n\n\n<figure class=\"wp-block-image size-large\"><a href=\"https:\/\/ageem21.fr\/wp-content\/uploads\/2025\/12\/PHOTO-2025-11-24-17-59-37_blur.jpg\" data-rel=\"lightbox-gallery-l5ocAVV8\" data-rl_title=\"\" data-rl_caption=\"\" title=\"\"><img loading=\"lazy\" decoding=\"async\" width=\"1024\" height=\"768\" data-id=\"3877\" src=\"https:\/\/ageem21.fr\/wp-content\/uploads\/2025\/12\/PHOTO-2025-11-24-17-59-37_blur-1024x768.jpg\" alt=\"\" class=\"wp-image-3877\" srcset=\"https:\/\/ageem21.fr\/wp-content\/uploads\/2025\/12\/PHOTO-2025-11-24-17-59-37_blur-1024x768.jpg 1024w, https:\/\/ageem21.fr\/wp-content\/uploads\/2025\/12\/PHOTO-2025-11-24-17-59-37_blur-300x225.jpg 300w, https:\/\/ageem21.fr\/wp-content\/uploads\/2025\/12\/PHOTO-2025-11-24-17-59-37_blur-768x576.jpg 768w, https:\/\/ageem21.fr\/wp-content\/uploads\/2025\/12\/PHOTO-2025-11-24-17-59-37_blur-600x450.jpg 600w, https:\/\/ageem21.fr\/wp-content\/uploads\/2025\/12\/PHOTO-2025-11-24-17-59-37_blur-1536x1152.jpg 1536w, https:\/\/ageem21.fr\/wp-content\/uploads\/2025\/12\/PHOTO-2025-11-24-17-59-37_blur-1320x990.jpg 1320w, https:\/\/ageem21.fr\/wp-content\/uploads\/2025\/12\/PHOTO-2025-11-24-17-59-37_blur.jpg 1600w\" sizes=\"auto, (max-width: 1024px) 100vw, 1024px\" \/><\/a><\/figure>\n\n\n\n<figure class=\"wp-block-image size-large\"><a href=\"https:\/\/ageem21.fr\/wp-content\/uploads\/2025\/12\/PHOTO-2025-11-24-17-59-39_blur.jpg\" data-rel=\"lightbox-gallery-l5ocAVV8\" data-rl_title=\"\" data-rl_caption=\"\" title=\"\"><img loading=\"lazy\" decoding=\"async\" width=\"1024\" height=\"768\" data-id=\"3878\" src=\"https:\/\/ageem21.fr\/wp-content\/uploads\/2025\/12\/PHOTO-2025-11-24-17-59-39_blur-1024x768.jpg\" alt=\"\" class=\"wp-image-3878\" srcset=\"https:\/\/ageem21.fr\/wp-content\/uploads\/2025\/12\/PHOTO-2025-11-24-17-59-39_blur-1024x768.jpg 1024w, https:\/\/ageem21.fr\/wp-content\/uploads\/2025\/12\/PHOTO-2025-11-24-17-59-39_blur-300x225.jpg 300w, https:\/\/ageem21.fr\/wp-content\/uploads\/2025\/12\/PHOTO-2025-11-24-17-59-39_blur-768x576.jpg 768w, https:\/\/ageem21.fr\/wp-content\/uploads\/2025\/12\/PHOTO-2025-11-24-17-59-39_blur-600x450.jpg 600w, https:\/\/ageem21.fr\/wp-content\/uploads\/2025\/12\/PHOTO-2025-11-24-17-59-39_blur-1536x1152.jpg 1536w, https:\/\/ageem21.fr\/wp-content\/uploads\/2025\/12\/PHOTO-2025-11-24-17-59-39_blur-1320x990.jpg 1320w, https:\/\/ageem21.fr\/wp-content\/uploads\/2025\/12\/PHOTO-2025-11-24-17-59-39_blur.jpg 1600w\" sizes=\"auto, (max-width: 1024px) 100vw, 1024px\" \/><\/a><\/figure>\n\n\n\n<figure class=\"wp-block-image size-large\"><a href=\"https:\/\/ageem21.fr\/wp-content\/uploads\/2025\/12\/PHOTO-2025-11-24-17-59-40_blur.jpg\" data-rel=\"lightbox-gallery-l5ocAVV8\" data-rl_title=\"\" data-rl_caption=\"\" title=\"\"><img loading=\"lazy\" decoding=\"async\" width=\"1024\" height=\"768\" data-id=\"3879\" src=\"https:\/\/ageem21.fr\/wp-content\/uploads\/2025\/12\/PHOTO-2025-11-24-17-59-40_blur-1024x768.jpg\" alt=\"\" class=\"wp-image-3879\" srcset=\"https:\/\/ageem21.fr\/wp-content\/uploads\/2025\/12\/PHOTO-2025-11-24-17-59-40_blur-1024x768.jpg 1024w, https:\/\/ageem21.fr\/wp-content\/uploads\/2025\/12\/PHOTO-2025-11-24-17-59-40_blur-300x225.jpg 300w, https:\/\/ageem21.fr\/wp-content\/uploads\/2025\/12\/PHOTO-2025-11-24-17-59-40_blur-768x576.jpg 768w, https:\/\/ageem21.fr\/wp-content\/uploads\/2025\/12\/PHOTO-2025-11-24-17-59-40_blur-600x450.jpg 600w, https:\/\/ageem21.fr\/wp-content\/uploads\/2025\/12\/PHOTO-2025-11-24-17-59-40_blur-1536x1152.jpg 1536w, https:\/\/ageem21.fr\/wp-content\/uploads\/2025\/12\/PHOTO-2025-11-24-17-59-40_blur-1320x990.jpg 1320w, https:\/\/ageem21.fr\/wp-content\/uploads\/2025\/12\/PHOTO-2025-11-24-17-59-40_blur.jpg 1600w\" sizes=\"auto, (max-width: 1024px) 100vw, 1024px\" \/><\/a><\/figure>\n<\/figure>\n\n\n\n<h3 class=\"wp-block-heading\">Dans l&rsquo;\u00e9cole de Justine: une exposition dans le hall de l&rsquo;\u00e9cole sur les activit\u00e9s d&rsquo;\u00e9cole dehors<\/h3>\n\n\n\n<figure class=\"wp-block-gallery has-nested-images columns-2 is-cropped wp-block-gallery-2 is-layout-flex wp-block-gallery-is-layout-flex\">\n<figure class=\"wp-block-image size-large\"><a href=\"https:\/\/ageem21.fr\/wp-content\/uploads\/2025\/12\/IMG-20251203-WA0001.jpg\" data-rel=\"lightbox-gallery-l5ocAVV8\" data-rl_title=\"\" data-rl_caption=\"\" title=\"\"><img loading=\"lazy\" decoding=\"async\" width=\"1024\" height=\"515\" data-id=\"3892\" src=\"https:\/\/ageem21.fr\/wp-content\/uploads\/2025\/12\/IMG-20251203-WA0001-1024x515.jpg\" alt=\"\" class=\"wp-image-3892\" srcset=\"https:\/\/ageem21.fr\/wp-content\/uploads\/2025\/12\/IMG-20251203-WA0001-1024x515.jpg 1024w, https:\/\/ageem21.fr\/wp-content\/uploads\/2025\/12\/IMG-20251203-WA0001-300x151.jpg 300w, https:\/\/ageem21.fr\/wp-content\/uploads\/2025\/12\/IMG-20251203-WA0001-768x386.jpg 768w, https:\/\/ageem21.fr\/wp-content\/uploads\/2025\/12\/IMG-20251203-WA0001-600x302.jpg 600w, https:\/\/ageem21.fr\/wp-content\/uploads\/2025\/12\/IMG-20251203-WA0001-1536x773.jpg 1536w, https:\/\/ageem21.fr\/wp-content\/uploads\/2025\/12\/IMG-20251203-WA0001-1320x664.jpg 1320w, https:\/\/ageem21.fr\/wp-content\/uploads\/2025\/12\/IMG-20251203-WA0001.jpg 2048w\" sizes=\"auto, (max-width: 1024px) 100vw, 1024px\" \/><\/a><\/figure>\n\n\n\n<figure class=\"wp-block-image size-large\"><a href=\"https:\/\/ageem21.fr\/wp-content\/uploads\/2025\/12\/IMG-20251203-WA0010.jpg\" data-rel=\"lightbox-gallery-l5ocAVV8\" data-rl_title=\"\" data-rl_caption=\"\" title=\"\"><img loading=\"lazy\" decoding=\"async\" width=\"1024\" height=\"685\" data-id=\"3893\" src=\"https:\/\/ageem21.fr\/wp-content\/uploads\/2025\/12\/IMG-20251203-WA0010-1024x685.jpg\" alt=\"\" class=\"wp-image-3893\" srcset=\"https:\/\/ageem21.fr\/wp-content\/uploads\/2025\/12\/IMG-20251203-WA0010-1024x685.jpg 1024w, https:\/\/ageem21.fr\/wp-content\/uploads\/2025\/12\/IMG-20251203-WA0010-300x201.jpg 300w, https:\/\/ageem21.fr\/wp-content\/uploads\/2025\/12\/IMG-20251203-WA0010-768x514.jpg 768w, https:\/\/ageem21.fr\/wp-content\/uploads\/2025\/12\/IMG-20251203-WA0010-600x402.jpg 600w, https:\/\/ageem21.fr\/wp-content\/uploads\/2025\/12\/IMG-20251203-WA0010-1536x1028.jpg 1536w, https:\/\/ageem21.fr\/wp-content\/uploads\/2025\/12\/IMG-20251203-WA0010-1320x884.jpg 1320w, https:\/\/ageem21.fr\/wp-content\/uploads\/2025\/12\/IMG-20251203-WA0010.jpg 1842w\" sizes=\"auto, (max-width: 1024px) 100vw, 1024px\" \/><\/a><\/figure>\n\n\n\n<figure class=\"wp-block-image size-large\"><a href=\"https:\/\/ageem21.fr\/wp-content\/uploads\/2025\/12\/IMG-20251203-WA0009.jpg\" data-rel=\"lightbox-gallery-l5ocAVV8\" data-rl_title=\"\" data-rl_caption=\"\" title=\"\"><img loading=\"lazy\" decoding=\"async\" width=\"1024\" height=\"453\" data-id=\"3889\" src=\"https:\/\/ageem21.fr\/wp-content\/uploads\/2025\/12\/IMG-20251203-WA0009-1024x453.jpg\" alt=\"\" class=\"wp-image-3889\" srcset=\"https:\/\/ageem21.fr\/wp-content\/uploads\/2025\/12\/IMG-20251203-WA0009-1024x453.jpg 1024w, https:\/\/ageem21.fr\/wp-content\/uploads\/2025\/12\/IMG-20251203-WA0009-300x133.jpg 300w, https:\/\/ageem21.fr\/wp-content\/uploads\/2025\/12\/IMG-20251203-WA0009-768x340.jpg 768w, https:\/\/ageem21.fr\/wp-content\/uploads\/2025\/12\/IMG-20251203-WA0009-600x265.jpg 600w, https:\/\/ageem21.fr\/wp-content\/uploads\/2025\/12\/IMG-20251203-WA0009-1536x680.jpg 1536w, https:\/\/ageem21.fr\/wp-content\/uploads\/2025\/12\/IMG-20251203-WA0009-1320x584.jpg 1320w, https:\/\/ageem21.fr\/wp-content\/uploads\/2025\/12\/IMG-20251203-WA0009.jpg 1826w\" sizes=\"auto, (max-width: 1024px) 100vw, 1024px\" \/><\/a><\/figure>\n\n\n\n<figure class=\"wp-block-image size-large\"><a href=\"https:\/\/ageem21.fr\/wp-content\/uploads\/2025\/12\/IMG-20251203-WA0004.jpg\" data-rel=\"lightbox-gallery-l5ocAVV8\" data-rl_title=\"\" data-rl_caption=\"\" title=\"\"><img loading=\"lazy\" decoding=\"async\" width=\"1024\" height=\"768\" data-id=\"3894\" src=\"https:\/\/ageem21.fr\/wp-content\/uploads\/2025\/12\/IMG-20251203-WA0004-1024x768.jpg\" alt=\"\" class=\"wp-image-3894\" srcset=\"https:\/\/ageem21.fr\/wp-content\/uploads\/2025\/12\/IMG-20251203-WA0004-1024x768.jpg 1024w, https:\/\/ageem21.fr\/wp-content\/uploads\/2025\/12\/IMG-20251203-WA0004-300x225.jpg 300w, https:\/\/ageem21.fr\/wp-content\/uploads\/2025\/12\/IMG-20251203-WA0004-768x576.jpg 768w, https:\/\/ageem21.fr\/wp-content\/uploads\/2025\/12\/IMG-20251203-WA0004-600x450.jpg 600w, https:\/\/ageem21.fr\/wp-content\/uploads\/2025\/12\/IMG-20251203-WA0004-1536x1152.jpg 1536w, https:\/\/ageem21.fr\/wp-content\/uploads\/2025\/12\/IMG-20251203-WA0004-1320x990.jpg 1320w, https:\/\/ageem21.fr\/wp-content\/uploads\/2025\/12\/IMG-20251203-WA0004.jpg 2048w\" sizes=\"auto, (max-width: 1024px) 100vw, 1024px\" \/><\/a><\/figure>\n\n\n\n<figure class=\"wp-block-image size-large\"><a href=\"https:\/\/ageem21.fr\/wp-content\/uploads\/2025\/12\/IMG-20251203-WA0003.jpg\" data-rel=\"lightbox-gallery-l5ocAVV8\" data-rl_title=\"\" data-rl_caption=\"\" title=\"\"><img loading=\"lazy\" decoding=\"async\" width=\"1024\" height=\"768\" data-id=\"3895\" src=\"https:\/\/ageem21.fr\/wp-content\/uploads\/2025\/12\/IMG-20251203-WA0003-1024x768.jpg\" alt=\"\" class=\"wp-image-3895\" srcset=\"https:\/\/ageem21.fr\/wp-content\/uploads\/2025\/12\/IMG-20251203-WA0003-1024x768.jpg 1024w, https:\/\/ageem21.fr\/wp-content\/uploads\/2025\/12\/IMG-20251203-WA0003-300x225.jpg 300w, https:\/\/ageem21.fr\/wp-content\/uploads\/2025\/12\/IMG-20251203-WA0003-768x576.jpg 768w, https:\/\/ageem21.fr\/wp-content\/uploads\/2025\/12\/IMG-20251203-WA0003-600x450.jpg 600w, https:\/\/ageem21.fr\/wp-content\/uploads\/2025\/12\/IMG-20251203-WA0003-1536x1152.jpg 1536w, https:\/\/ageem21.fr\/wp-content\/uploads\/2025\/12\/IMG-20251203-WA0003-1320x990.jpg 1320w, https:\/\/ageem21.fr\/wp-content\/uploads\/2025\/12\/IMG-20251203-WA0003.jpg 2048w\" sizes=\"auto, (max-width: 1024px) 100vw, 1024px\" \/><\/a><\/figure>\n\n\n\n<figure class=\"wp-block-image size-large\"><a href=\"https:\/\/ageem21.fr\/wp-content\/uploads\/2025\/12\/IMG-20251203-WA0006.jpg\" data-rel=\"lightbox-gallery-l5ocAVV8\" data-rl_title=\"\" data-rl_caption=\"\" title=\"\"><img loading=\"lazy\" decoding=\"async\" width=\"1024\" height=\"996\" data-id=\"3891\" src=\"https:\/\/ageem21.fr\/wp-content\/uploads\/2025\/12\/IMG-20251203-WA0006-1024x996.jpg\" alt=\"\" class=\"wp-image-3891\" srcset=\"https:\/\/ageem21.fr\/wp-content\/uploads\/2025\/12\/IMG-20251203-WA0006-1024x996.jpg 1024w, https:\/\/ageem21.fr\/wp-content\/uploads\/2025\/12\/IMG-20251203-WA0006-300x292.jpg 300w, https:\/\/ageem21.fr\/wp-content\/uploads\/2025\/12\/IMG-20251203-WA0006-768x747.jpg 768w, https:\/\/ageem21.fr\/wp-content\/uploads\/2025\/12\/IMG-20251203-WA0006-600x584.jpg 600w, https:\/\/ageem21.fr\/wp-content\/uploads\/2025\/12\/IMG-20251203-WA0006-1536x1494.jpg 1536w, https:\/\/ageem21.fr\/wp-content\/uploads\/2025\/12\/IMG-20251203-WA0006-1320x1284.jpg 1320w, https:\/\/ageem21.fr\/wp-content\/uploads\/2025\/12\/IMG-20251203-WA0006.jpg 1579w\" sizes=\"auto, (max-width: 1024px) 100vw, 1024px\" \/><\/a><\/figure>\n\n\n\n<figure class=\"wp-block-image size-large\"><a href=\"https:\/\/ageem21.fr\/wp-content\/uploads\/2025\/12\/IMG-20251203-WA0002.jpg\" data-rel=\"lightbox-gallery-l5ocAVV8\" data-rl_title=\"\" data-rl_caption=\"\" title=\"\"><img loading=\"lazy\" decoding=\"async\" width=\"1024\" height=\"417\" data-id=\"3890\" src=\"https:\/\/ageem21.fr\/wp-content\/uploads\/2025\/12\/IMG-20251203-WA0002-1024x417.jpg\" alt=\"\" class=\"wp-image-3890\" srcset=\"https:\/\/ageem21.fr\/wp-content\/uploads\/2025\/12\/IMG-20251203-WA0002-1024x417.jpg 1024w, https:\/\/ageem21.fr\/wp-content\/uploads\/2025\/12\/IMG-20251203-WA0002-300x122.jpg 300w, https:\/\/ageem21.fr\/wp-content\/uploads\/2025\/12\/IMG-20251203-WA0002-768x313.jpg 768w, https:\/\/ageem21.fr\/wp-content\/uploads\/2025\/12\/IMG-20251203-WA0002-600x244.jpg 600w, https:\/\/ageem21.fr\/wp-content\/uploads\/2025\/12\/IMG-20251203-WA0002-1536x626.jpg 1536w, https:\/\/ageem21.fr\/wp-content\/uploads\/2025\/12\/IMG-20251203-WA0002-1320x538.jpg 1320w, https:\/\/ageem21.fr\/wp-content\/uploads\/2025\/12\/IMG-20251203-WA0002.jpg 2048w\" sizes=\"auto, (max-width: 1024px) 100vw, 1024px\" \/><\/a><\/figure>\n<\/figure>\n","protected":false},"excerpt":{"rendered":"<p>Nos coll\u00e8gues Isabelle et Justine nous partagent leurs actions de Quinzaine. Encore de belles id\u00e9es de valorisation de l&rsquo;\u00e9cole maternelle! Merci \u00e0 elles! Dans l&rsquo;\u00e9cole d&rsquo;Isabelle : une soir\u00e9e d&rsquo;ateliers &hellip; <a href=\"https:\/\/ageem21.fr\/?p=3874\" class=\"more-link\">Continuer la lecture de <span class=\"screen-reader-text\">Retours sur la Quinzaine de l&rsquo;\u00e9cole maternelle<\/span>  <span class=\"meta-nav\">&rarr;<\/span><\/a><\/p>\n","protected":false},"author":3,"featured_media":3899,"comment_status":"closed","ping_status":"closed","sticky":false,"template":"","format":"standard","meta":{"footnotes":""},"categories":[69],"tags":[86,68],"class_list":["post-3874","post","type-post","status-publish","format-standard","has-post-thumbnail","hentry","category-quinzaine-de-lecole-maternelle","tag-ecole-dehors","tag-quinzaine-de-lecole-maternelle"],"_links":{"self":[{"href":"https:\/\/ageem21.fr\/index.php?rest_route=\/wp\/v2\/posts\/3874","targetHints":{"allow":["GET"]}}],"collection":[{"href":"https:\/\/ageem21.fr\/index.php?rest_route=\/wp\/v2\/posts"}],"about":[{"href":"https:\/\/ageem21.fr\/index.php?rest_route=\/wp\/v2\/types\/post"}],"author":[{"embeddable":true,"href":"https:\/\/ageem21.fr\/index.php?rest_route=\/wp\/v2\/users\/3"}],"replies":[{"embeddable":true,"href":"https:\/\/ageem21.fr\/index.php?rest_route=%2Fwp%2Fv2%2Fcomments&post=3874"}],"version-history":[{"count":3,"href":"https:\/\/ageem21.fr\/index.php?rest_route=\/wp\/v2\/posts\/3874\/revisions"}],"predecessor-version":[{"id":3901,"href":"https:\/\/ageem21.fr\/index.php?rest_route=\/wp\/v2\/posts\/3874\/revisions\/3901"}],"wp:featuredmedia":[{"embeddable":true,"href":"https:\/\/ageem21.fr\/index.php?rest_route=\/wp\/v2\/media\/3899"}],"wp:attachment":[{"href":"https:\/\/ageem21.fr\/index.php?rest_route=%2Fwp%2Fv2%2Fmedia&parent=3874"}],"wp:term":[{"taxonomy":"category","embeddable":true,"href":"https:\/\/ageem21.fr\/index.php?rest_route=%2Fwp%2Fv2%2Fcategories&post=3874"},{"taxonomy":"post_tag","embeddable":true,"href":"https:\/\/ageem21.fr\/index.php?rest_route=%2Fwp%2Fv2%2Ftags&post=3874"}],"curies":[{"name":"wp","href":"https:\/\/api.w.org\/{rel}","templated":true}]}}