{"id":3592,"date":"2025-10-23T11:26:48","date_gmt":"2025-10-23T09:26:48","guid":{"rendered":"https:\/\/ageem21.fr\/?p=3592"},"modified":"2025-12-30T14:36:23","modified_gmt":"2025-12-30T13:36:23","slug":"le-guide-pedagogique-du-congres-de-poitiers-2026","status":"publish","type":"post","link":"https:\/\/ageem21.fr\/?p=3592","title":{"rendered":"Le guide p\u00e9dagogique du Congr\u00e8s de Poitiers 2026"},"content":{"rendered":"<div class=\"wp-block-image\">\n<figure class=\"aligncenter size-large\"><a href=\"https:\/\/ageem21.fr\/wp-content\/uploads\/2025\/10\/AFF-POITIERS-scaled.png\" data-rel=\"lightbox-gallery-FKHhn25t\" data-rl_title=\"\" data-rl_caption=\"\" title=\"\"><img loading=\"lazy\" decoding=\"async\" width=\"724\" height=\"1024\" src=\"https:\/\/ageem21.fr\/wp-content\/uploads\/2025\/10\/AFF-POITIERS-724x1024.png\" alt=\"\" class=\"wp-image-3978\" srcset=\"https:\/\/ageem21.fr\/wp-content\/uploads\/2025\/10\/AFF-POITIERS-724x1024.png 724w, https:\/\/ageem21.fr\/wp-content\/uploads\/2025\/10\/AFF-POITIERS-212x300.png 212w, https:\/\/ageem21.fr\/wp-content\/uploads\/2025\/10\/AFF-POITIERS-768x1086.png 768w, https:\/\/ageem21.fr\/wp-content\/uploads\/2025\/10\/AFF-POITIERS-600x849.png 600w, https:\/\/ageem21.fr\/wp-content\/uploads\/2025\/10\/AFF-POITIERS-1086x1536.png 1086w, https:\/\/ageem21.fr\/wp-content\/uploads\/2025\/10\/AFF-POITIERS-scaled.png 1810w\" sizes=\"auto, (max-width: 724px) 100vw, 724px\" \/><\/a><\/figure>\n<\/div>\n\n\n<p>Le guide p\u00e9dagogique du congr\u00e8s de Poitiers a \u00e9t\u00e9 envoy\u00e9 \u00e0 nos adh\u00e9rents. <br>C&rsquo;est un acc\u00e9l\u00e9rateur de formation, un r\u00e9servoir de r\u00e9flexion didactique. R\u00e9dig\u00e9 par l&rsquo;\u00e9quipe AGEEM de Poitiers en lien avec le Bureau National de l&rsquo;AGEEM et les membres du conseil scientifique de l&rsquo;AGEEM, il pose la probl\u00e9matique du congr\u00e8s : \u00ab Apprendre \u00e0 l\u2019\u00e9cole maternelle : mais o\u00f9 est le probl\u00e8me ? \u00bb. <br>Il invite \u00e0 questionner ses pratiques, \u00e0 entreprendre, \u00e0 partager. <br>Vous y trouverez un pr\u00e9ambule sur les modalit\u00e9s d\u2019apprentissages, les besoins des \u00e9l\u00e8ves et deux axes de r\u00e9flexion. Les \u00e9tapes de la r\u00e9solution de probl\u00e8me ont \u00e9t\u00e9 mod\u00e9lis\u00e9es, les gestes professionnels analys\u00e9s. Des exemples sont donn\u00e9s, des suggestions partag\u00e9es.<\/p>\n\n\n\n<blockquote class=\"wp-block-quote is-layout-flow wp-block-quote-is-layout-flow\">\n<p>Une lecture enrichissante et engageante pour tous les acteurs de la maternelle, disponible sur le site de l&rsquo;<a href=\"http:\/\/ageem.org\" data-type=\"link\" data-id=\"ageem.org\">AGEEM<\/a>. <\/p>\n<\/blockquote>\n\n\n\n<p>Retrouvez-le \u00e9galement ici: <\/p>\n\n\n\n<div data-wp-interactive=\"core\/file\" class=\"wp-block-file\"><object data-wp-bind--hidden=\"!state.hasPdfPreview\" hidden class=\"wp-block-file__embed\" data=\"https:\/\/ageem21.fr\/wp-content\/uploads\/2025\/10\/GUIDE-PEDAGOGIQUE-CONGRES-AGEEM-POITIERS-2026.pdf\" type=\"application\/pdf\" style=\"width:100%;height:600px\" aria-label=\"Contenu embarqu\u00e9 GUIDE PEDAGOGIQUE CONGRES AGEEM POITIERS 2026.\"><\/object><a id=\"wp-block-file--media-706c574a-a8f7-4204-a0e3-83aaaa59b891\" href=\"https:\/\/ageem21.fr\/wp-content\/uploads\/2025\/10\/GUIDE-PEDAGOGIQUE-CONGRES-AGEEM-POITIERS-2026.pdf\">GUIDE PEDAGOGIQUE CONGRES AGEEM POITIERS 2026<\/a><a href=\"https:\/\/ageem21.fr\/wp-content\/uploads\/2025\/10\/GUIDE-PEDAGOGIQUE-CONGRES-AGEEM-POITIERS-2026.pdf\" class=\"wp-block-file__button wp-element-button\" download aria-describedby=\"wp-block-file--media-706c574a-a8f7-4204-a0e3-83aaaa59b891\">T\u00e9l\u00e9charger<\/a><\/div>\n","protected":false},"excerpt":{"rendered":"<p>Le guide p\u00e9dagogique du congr\u00e8s de Poitiers a \u00e9t\u00e9 envoy\u00e9 \u00e0 nos adh\u00e9rents. C&rsquo;est un acc\u00e9l\u00e9rateur de formation, un r\u00e9servoir de r\u00e9flexion didactique. R\u00e9dig\u00e9 par l&rsquo;\u00e9quipe AGEEM de Poitiers en &hellip; <a href=\"https:\/\/ageem21.fr\/?p=3592\" class=\"more-link\">Continuer la lecture de <span class=\"screen-reader-text\">Le guide p\u00e9dagogique du Congr\u00e8s de Poitiers 2026<\/span>  <span class=\"meta-nav\">&rarr;<\/span><\/a><\/p>\n","protected":false},"author":3,"featured_media":0,"comment_status":"closed","ping_status":"closed","sticky":false,"template":"","format":"standard","meta":{"footnotes":""},"categories":[91],"tags":[101],"class_list":["post-3592","post","type-post","status-publish","format-standard","hentry","category-congres","tag-congres-poitiers"],"_links":{"self":[{"href":"https:\/\/ageem21.fr\/index.php?rest_route=\/wp\/v2\/posts\/3592","targetHints":{"allow":["GET"]}}],"collection":[{"href":"https:\/\/ageem21.fr\/index.php?rest_route=\/wp\/v2\/posts"}],"about":[{"href":"https:\/\/ageem21.fr\/index.php?rest_route=\/wp\/v2\/types\/post"}],"author":[{"embeddable":true,"href":"https:\/\/ageem21.fr\/index.php?rest_route=\/wp\/v2\/users\/3"}],"replies":[{"embeddable":true,"href":"https:\/\/ageem21.fr\/index.php?rest_route=%2Fwp%2Fv2%2Fcomments&post=3592"}],"version-history":[{"count":3,"href":"https:\/\/ageem21.fr\/index.php?rest_route=\/wp\/v2\/posts\/3592\/revisions"}],"predecessor-version":[{"id":3980,"href":"https:\/\/ageem21.fr\/index.php?rest_route=\/wp\/v2\/posts\/3592\/revisions\/3980"}],"wp:attachment":[{"href":"https:\/\/ageem21.fr\/index.php?rest_route=%2Fwp%2Fv2%2Fmedia&parent=3592"}],"wp:term":[{"taxonomy":"category","embeddable":true,"href":"https:\/\/ageem21.fr\/index.php?rest_route=%2Fwp%2Fv2%2Fcategories&post=3592"},{"taxonomy":"post_tag","embeddable":true,"href":"https:\/\/ageem21.fr\/index.php?rest_route=%2Fwp%2Fv2%2Ftags&post=3592"}],"curies":[{"name":"wp","href":"https:\/\/api.w.org\/{rel}","templated":true}]}}