{"id":3588,"date":"2025-10-23T11:11:01","date_gmt":"2025-10-23T09:11:01","guid":{"rendered":"https:\/\/ageem21.fr\/?p=3588"},"modified":"2025-10-24T15:55:11","modified_gmt":"2025-10-24T13:55:11","slug":"webinaires-sur-lespace-abonne","status":"publish","type":"post","link":"https:\/\/ageem21.fr\/?p=3588","title":{"rendered":"Webinaires sur l&rsquo;espace abonn\u00e9"},"content":{"rendered":"\n<p>En route pour le congr\u00e8s de Poitiers !<br>Des webinaires ont \u00e9t\u00e9 propos\u00e9s pour accompagner les coll\u00e8gues dans la r\u00e9flexion du congr\u00e8s. Ils sont d\u00e9sormais en ligne sur l&rsquo;espace abonn\u00e9. <\/p>\n\n\n\n<p>Vous pouvez retrouver le webinaire de Jo\u00eblle GONTHIER sur <em>\u00ab\u00a0Enseigner (\u00ab\u00a0quelque chose\u00a0\u00bb des arts) est-il autre chose qu&rsquo;une situation probl\u00e8me ?\u00a0\u00bb<\/em>.<br>Jo\u00eblle Gonthier a commenc\u00e9 \u00e0 \u00e9voquer cette probl\u00e9matique qu&rsquo;elle reprendra sous un autre angle avec nous lors de notre journ\u00e9e acad\u00e9mique de formation le samedi 31 janvier \u00e0 Chen\u00f4ve. Nous pourrons mettre en pratique les effets d&rsquo;une situation probl\u00e8me en cr\u00e9ation lors de l&rsquo;atelier qu&rsquo;elle conduira pour nous l&rsquo;apr\u00e8s-midi. <br>Les inscriptions sont ouvertes, ne tardez pas \u00e0 r\u00e9server votre place !<br>Retrouvez <a href=\"https:\/\/ageem21.fr\/?cat=77\">ici <\/a>les informations et le lien d&rsquo;inscription.<\/p>\n\n\n\n<div class=\"wp-block-media-text has-media-on-the-right is-stacked-on-mobile\"><div class=\"wp-block-media-text__content\">\n<p>Yves Soul\u00e9 a mis en lumi\u00e8re les ressources et les limites de la p\u00e9dagogie de projet \u00e0 la maternelle. <br>Une pr\u00e9sentation de ce qu&rsquo;est une exposition p\u00e9dagogique a suivi le webinaire de M. Soul\u00e9.<\/p>\n<\/div><figure class=\"wp-block-media-text__media\"><img loading=\"lazy\" decoding=\"async\" width=\"612\" height=\"737\" src=\"https:\/\/ageem21.fr\/wp-content\/uploads\/2025\/10\/yves-soule.jpg\" alt=\"\" class=\"wp-image-3590 size-full\" srcset=\"https:\/\/ageem21.fr\/wp-content\/uploads\/2025\/10\/yves-soule.jpg 612w, https:\/\/ageem21.fr\/wp-content\/uploads\/2025\/10\/yves-soule-249x300.jpg 249w, https:\/\/ageem21.fr\/wp-content\/uploads\/2025\/10\/yves-soule-600x723.jpg 600w\" sizes=\"auto, (max-width: 612px) 100vw, 612px\" \/><\/figure><\/div>\n\n\n\n<p><mark>Comment s\u2019abonner?<\/mark><br>Il faut d\u00e9j\u00e0 \u00eatre \u00e0 jour d\u2019adh\u00e9sion AGEEM pour l\u2019ann\u00e9e scolaire en cours.<\/p>\n\n\n\n<p><mark>Si vous \u00e9tiez d\u00e9j\u00e0 abonn\u00e9 l\u2019ann\u00e9e derni\u00e8re:<\/mark><br>Connectez-vous sur <a href=\"https:\/\/espaceabonne.ageem.org\/connexion\/\">https:\/\/espaceabonne.ageem.org\/connexion\/<\/a> puis allez dans l\u2019onglet cotisation pour renouveler.<\/p>\n\n\n\n<p><mark>Si vous n\u2019avez jamais \u00e9t\u00e9 abonn\u00e9 :<\/mark><br>Allez sur <a href=\"https:\/\/espaceabonne.ageem.org\/formules\/\">https:\/\/espaceabonne.ageem.org\/formules\/<\/a> et cliquez dans la derni\u00e8re colonne sur \u00ab&nbsp;souscrire&nbsp;\u00bb. Il vous faudra alors cr\u00e9er un compte avec la m\u00eame adresse mail que celle utilis\u00e9e pour l\u2019adh\u00e9sion puis r\u00e9gler l\u2019abonnement.<\/p>\n","protected":false},"excerpt":{"rendered":"<p>En route pour le congr\u00e8s de Poitiers !Des webinaires ont \u00e9t\u00e9 propos\u00e9s pour accompagner les coll\u00e8gues dans la r\u00e9flexion du congr\u00e8s. Ils sont d\u00e9sormais en ligne sur l&rsquo;espace abonn\u00e9. Vous &hellip; <a href=\"https:\/\/ageem21.fr\/?p=3588\" class=\"more-link\">Continuer la lecture de <span class=\"screen-reader-text\">Webinaires sur l&rsquo;espace abonn\u00e9<\/span>  <span class=\"meta-nav\">&rarr;<\/span><\/a><\/p>\n","protected":false},"author":3,"featured_media":3569,"comment_status":"closed","ping_status":"closed","sticky":false,"template":"","format":"standard","meta":{"footnotes":""},"categories":[95],"tags":[93,101],"class_list":["post-3588","post","type-post","status-publish","format-standard","has-post-thumbnail","hentry","category-webinaires","tag-abonnementageem","tag-congres-poitiers"],"_links":{"self":[{"href":"https:\/\/ageem21.fr\/index.php?rest_route=\/wp\/v2\/posts\/3588","targetHints":{"allow":["GET"]}}],"collection":[{"href":"https:\/\/ageem21.fr\/index.php?rest_route=\/wp\/v2\/posts"}],"about":[{"href":"https:\/\/ageem21.fr\/index.php?rest_route=\/wp\/v2\/types\/post"}],"author":[{"embeddable":true,"href":"https:\/\/ageem21.fr\/index.php?rest_route=\/wp\/v2\/users\/3"}],"replies":[{"embeddable":true,"href":"https:\/\/ageem21.fr\/index.php?rest_route=%2Fwp%2Fv2%2Fcomments&post=3588"}],"version-history":[{"count":2,"href":"https:\/\/ageem21.fr\/index.php?rest_route=\/wp\/v2\/posts\/3588\/revisions"}],"predecessor-version":[{"id":3608,"href":"https:\/\/ageem21.fr\/index.php?rest_route=\/wp\/v2\/posts\/3588\/revisions\/3608"}],"wp:featuredmedia":[{"embeddable":true,"href":"https:\/\/ageem21.fr\/index.php?rest_route=\/wp\/v2\/media\/3569"}],"wp:attachment":[{"href":"https:\/\/ageem21.fr\/index.php?rest_route=%2Fwp%2Fv2%2Fmedia&parent=3588"}],"wp:term":[{"taxonomy":"category","embeddable":true,"href":"https:\/\/ageem21.fr\/index.php?rest_route=%2Fwp%2Fv2%2Fcategories&post=3588"},{"taxonomy":"post_tag","embeddable":true,"href":"https:\/\/ageem21.fr\/index.php?rest_route=%2Fwp%2Fv2%2Ftags&post=3588"}],"curies":[{"name":"wp","href":"https:\/\/api.w.org\/{rel}","templated":true}]}}