{"id":358,"date":"2015-10-04T21:55:27","date_gmt":"2015-10-04T19:55:27","guid":{"rendered":"http:\/\/ageem21.fr\/?p=358"},"modified":"2015-10-04T22:04:10","modified_gmt":"2015-10-04T20:04:10","slug":"ageem-21-une-assemblee-generale-sous-le-signe-du-congres-2016","status":"publish","type":"post","link":"https:\/\/ageem21.fr\/?p=358","title":{"rendered":"AGEEM 21 : une r\u00e9union de travail sous le signe du Congr\u00e8s 2016"},"content":{"rendered":"<p style=\"text-align: justify\">Mercredi 30 septembre,\u00a0les membres de l&rsquo;Ageem 21 ont tenu leur premi\u00e8re r\u00e9union de travail pr\u00e9paratoire. Une soixantaine de personnes \u00e9tai<img loading=\"lazy\" decoding=\"async\" class=\"size-medium wp-image-361 alignright\" src=\"https:\/\/ageem21.fr\/wp-content\/uploads\/2015\/10\/SAM_3473-300x225.jpg\" alt=\"SAM_3473\" width=\"300\" height=\"225\" srcset=\"https:\/\/ageem21.fr\/wp-content\/uploads\/2015\/10\/SAM_3473-300x225.jpg 300w, https:\/\/ageem21.fr\/wp-content\/uploads\/2015\/10\/SAM_3473-1024x768.jpg 1024w, https:\/\/ageem21.fr\/wp-content\/uploads\/2015\/10\/SAM_3473-600x450.jpg 600w\" sizes=\"auto, (max-width: 300px) 100vw, 300px\" \/>t pr\u00e9sente pour cette r\u00e9union de d\u00e9but d&rsquo;ann\u00e9e plac\u00e9e sous le signe du congr\u00e8s national organis\u00e9 \u00e0 Dijon du 3 au 5\u00a0juillet 2016.<\/p>\n<p>V\u00e9ronique Bouvier et Catherine Pascual, permanentes du congr\u00e8s, ont montr\u00e9 le film du congr\u00e8s de Caen (r\u00e9alis\u00e9 par Fr\u00e9d\u00e9ric Metin) ainsi que le spectacle en cassis et blanc de la passation entre les deux sections.<\/p>\n<p>Le prochain congr\u00e8s a \u00e9t\u00e9 bien s\u00fbr au centre des discussions. Chaque commission est venue se pr\u00e9senter et \u00e9voquer l&rsquo;\u00e9tat d&rsquo;avancement de son travail. Toutes les bonnes volont\u00e9s sont requises pour faire de cette \u00e9dition une r\u00e9ussite.<\/p>\n","protected":false},"excerpt":{"rendered":"<p>Mercredi 30 septembre,\u00a0les membres de l&rsquo;Ageem 21 ont tenu leur premi\u00e8re r\u00e9union de travail pr\u00e9paratoire. Une soixantaine de personnes \u00e9tait pr\u00e9sente pour cette r\u00e9union de d\u00e9but d&rsquo;ann\u00e9e plac\u00e9e sous le &hellip; <a href=\"https:\/\/ageem21.fr\/?p=358\" class=\"more-link\">Continuer la lecture de <span class=\"screen-reader-text\">AGEEM 21 : une r\u00e9union de travail sous le signe du Congr\u00e8s 2016<\/span>  <span class=\"meta-nav\">&rarr;<\/span><\/a><\/p>\n","protected":false},"author":3,"featured_media":0,"comment_status":"closed","ping_status":"closed","sticky":false,"template":"","format":"standard","meta":{"footnotes":""},"categories":[3,4,9],"tags":[24],"class_list":["post-358","post","type-post","status-publish","format-standard","hentry","category-la-section-21","category-le-congres-2016","category-presse-et-communication","tag-articles"],"_links":{"self":[{"href":"https:\/\/ageem21.fr\/index.php?rest_route=\/wp\/v2\/posts\/358","targetHints":{"allow":["GET"]}}],"collection":[{"href":"https:\/\/ageem21.fr\/index.php?rest_route=\/wp\/v2\/posts"}],"about":[{"href":"https:\/\/ageem21.fr\/index.php?rest_route=\/wp\/v2\/types\/post"}],"author":[{"embeddable":true,"href":"https:\/\/ageem21.fr\/index.php?rest_route=\/wp\/v2\/users\/3"}],"replies":[{"embeddable":true,"href":"https:\/\/ageem21.fr\/index.php?rest_route=%2Fwp%2Fv2%2Fcomments&post=358"}],"version-history":[{"count":5,"href":"https:\/\/ageem21.fr\/index.php?rest_route=\/wp\/v2\/posts\/358\/revisions"}],"predecessor-version":[{"id":367,"href":"https:\/\/ageem21.fr\/index.php?rest_route=\/wp\/v2\/posts\/358\/revisions\/367"}],"wp:attachment":[{"href":"https:\/\/ageem21.fr\/index.php?rest_route=%2Fwp%2Fv2%2Fmedia&parent=358"}],"wp:term":[{"taxonomy":"category","embeddable":true,"href":"https:\/\/ageem21.fr\/index.php?rest_route=%2Fwp%2Fv2%2Fcategories&post=358"},{"taxonomy":"post_tag","embeddable":true,"href":"https:\/\/ageem21.fr\/index.php?rest_route=%2Fwp%2Fv2%2Ftags&post=358"}],"curies":[{"name":"wp","href":"https:\/\/api.w.org\/{rel}","templated":true}]}}