{"id":3562,"date":"2025-10-18T12:00:06","date_gmt":"2025-10-18T10:00:06","guid":{"rendered":"https:\/\/ageem21.fr\/?p=3562"},"modified":"2025-10-18T12:00:08","modified_gmt":"2025-10-18T10:00:08","slug":"webinaire-main-a-la-pate-en-ligne","status":"publish","type":"post","link":"https:\/\/ageem21.fr\/?p=3562","title":{"rendered":"Webinaire Main \u00e0 la P\u00e2te en ligne"},"content":{"rendered":"\n<p>Le webinaire \u00ab\u00a0La d\u00e9marche exp\u00e9rimentale \u00e0 l&rsquo;\u00e9cole maternelle\u00a0\u00bb avec Sandrine MARVILLIERS, directrice adjointe de la main \u00e0 la p\u00e2te et Marie-Lise ROUX , membre de la main \u00e0 la p\u00e2te, enseignante retrait\u00e9e, est en ligne sur l&rsquo;espace abonn\u00e9. <br><em>-> Comment \u00e9veiller la curiosit\u00e9 scientifique des enfants en maternelle ?<br>-> Mettre en place une d\u00e9marche d\u2019investigation : observation, questionnement, exp\u00e9rimentation.<\/em><\/p>\n\n\n<div class=\"wp-block-image\">\n<figure class=\"aligncenter size-full\"><a href=\"https:\/\/ageem21.fr\/wp-content\/uploads\/2025\/10\/demarche-exp.jpg\" data-rel=\"lightbox-gallery-A2dfHcv6\" data-rl_title=\"\" data-rl_caption=\"\" title=\"\"><img loading=\"lazy\" decoding=\"async\" width=\"1905\" height=\"1003\" src=\"https:\/\/ageem21.fr\/wp-content\/uploads\/2025\/10\/demarche-exp.jpg\" alt=\"\" class=\"wp-image-3564\" srcset=\"https:\/\/ageem21.fr\/wp-content\/uploads\/2025\/10\/demarche-exp.jpg 1905w, https:\/\/ageem21.fr\/wp-content\/uploads\/2025\/10\/demarche-exp-300x158.jpg 300w, https:\/\/ageem21.fr\/wp-content\/uploads\/2025\/10\/demarche-exp-1024x539.jpg 1024w, https:\/\/ageem21.fr\/wp-content\/uploads\/2025\/10\/demarche-exp-768x404.jpg 768w, https:\/\/ageem21.fr\/wp-content\/uploads\/2025\/10\/demarche-exp-600x316.jpg 600w, https:\/\/ageem21.fr\/wp-content\/uploads\/2025\/10\/demarche-exp-1536x809.jpg 1536w, https:\/\/ageem21.fr\/wp-content\/uploads\/2025\/10\/demarche-exp-1320x695.jpg 1320w\" sizes=\"auto, (max-width: 1905px) 100vw, 1905px\" \/><\/a><\/figure>\n<\/div>\n\n\n<p><mark>Comment s\u2019abonner?<\/mark><br>Il faut d\u00e9j\u00e0 \u00eatre \u00e0 jour d\u2019adh\u00e9sion AGEEM pour l\u2019ann\u00e9e scolaire en cours.<br><br><mark>Si vous \u00e9tiez d\u00e9j\u00e0 abonn\u00e9 l\u2019ann\u00e9e derni\u00e8re:<\/mark><br>Connectez-vous sur <a href=\"https:\/\/espaceabonne.ageem.org\/connexion\/\">https:\/\/espaceabonne.ageem.org\/connexion\/<\/a> puis allez dans l\u2019onglet cotisation pour renouveler.<br><br><mark>Si vous n\u2019avez jamais \u00e9t\u00e9 abonn\u00e9 :<\/mark><br>Allez sur <a href=\"https:\/\/espaceabonne.ageem.org\/formules\/\">https:\/\/espaceabonne.ageem.org\/formules\/<\/a> et cliquez dans la derni\u00e8re colonne sur \u00ab\u00a0souscrire\u00a0\u00bb. Il vous faudra alors cr\u00e9er un compte avec la m\u00eame adresse mail que celle utilis\u00e9e pour l\u2019adh\u00e9sion puis r\u00e9gler l\u2019abonnement.<\/p>\n","protected":false},"excerpt":{"rendered":"<p>Le webinaire \u00ab\u00a0La d\u00e9marche exp\u00e9rimentale \u00e0 l&rsquo;\u00e9cole maternelle\u00a0\u00bb avec Sandrine MARVILLIERS, directrice adjointe de la main \u00e0 la p\u00e2te et Marie-Lise ROUX , membre de la main \u00e0 la p\u00e2te, &hellip; <a href=\"https:\/\/ageem21.fr\/?p=3562\" class=\"more-link\">Continuer la lecture de <span class=\"screen-reader-text\">Webinaire Main \u00e0 la P\u00e2te en ligne<\/span>  <span class=\"meta-nav\">&rarr;<\/span><\/a><\/p>\n","protected":false},"author":3,"featured_media":0,"comment_status":"closed","ping_status":"closed","sticky":false,"template":"","format":"standard","meta":{"footnotes":""},"categories":[95],"tags":[93,84],"class_list":["post-3562","post","type-post","status-publish","format-standard","hentry","category-webinaires","tag-abonnementageem","tag-webinaire"],"_links":{"self":[{"href":"https:\/\/ageem21.fr\/index.php?rest_route=\/wp\/v2\/posts\/3562","targetHints":{"allow":["GET"]}}],"collection":[{"href":"https:\/\/ageem21.fr\/index.php?rest_route=\/wp\/v2\/posts"}],"about":[{"href":"https:\/\/ageem21.fr\/index.php?rest_route=\/wp\/v2\/types\/post"}],"author":[{"embeddable":true,"href":"https:\/\/ageem21.fr\/index.php?rest_route=\/wp\/v2\/users\/3"}],"replies":[{"embeddable":true,"href":"https:\/\/ageem21.fr\/index.php?rest_route=%2Fwp%2Fv2%2Fcomments&post=3562"}],"version-history":[{"count":1,"href":"https:\/\/ageem21.fr\/index.php?rest_route=\/wp\/v2\/posts\/3562\/revisions"}],"predecessor-version":[{"id":3565,"href":"https:\/\/ageem21.fr\/index.php?rest_route=\/wp\/v2\/posts\/3562\/revisions\/3565"}],"wp:attachment":[{"href":"https:\/\/ageem21.fr\/index.php?rest_route=%2Fwp%2Fv2%2Fmedia&parent=3562"}],"wp:term":[{"taxonomy":"category","embeddable":true,"href":"https:\/\/ageem21.fr\/index.php?rest_route=%2Fwp%2Fv2%2Fcategories&post=3562"},{"taxonomy":"post_tag","embeddable":true,"href":"https:\/\/ageem21.fr\/index.php?rest_route=%2Fwp%2Fv2%2Ftags&post=3562"}],"curies":[{"name":"wp","href":"https:\/\/api.w.org\/{rel}","templated":true}]}}