{"id":3272,"date":"2025-08-31T20:24:29","date_gmt":"2025-08-31T18:24:29","guid":{"rendered":"http:\/\/ageem21.fr\/?p=3272"},"modified":"2025-10-03T21:54:36","modified_gmt":"2025-10-03T19:54:36","slug":"nouveau-materiel-en-pret","status":"publish","type":"post","link":"https:\/\/ageem21.fr\/?p=3272","title":{"rendered":"Nouveau mat\u00e9riel en pr\u00eat"},"content":{"rendered":"\n<p>Mercredi 27 ao\u00fbt, le local \u00e9tait ouvert pour nos abonn\u00e9s de l&rsquo;ann\u00e9e derni\u00e8re. Les enseignantes pr\u00e9sentes ont pu d\u00e9couvrir la nouvelle acquisition de la section mise en pr\u00eat : le fichier \u00ab\u00a0Vers l&rsquo;autonomie\u00a0\u00bb d&rsquo;Acc\u00e8s Editions avec la bo\u00eete de mat\u00e9riel associ\u00e9e. <br>Merci \u00e0 nos coll\u00e8gues retrait\u00e9es qui ont pris le temps de nous pr\u00e9parer le mat\u00e9riel et plastifier les fiches!<\/p>\n\n\n<div class=\"wp-block-image\">\n<figure class=\"aligncenter size-large\"><a href=\"https:\/\/ageem21.fr\/wp-content\/uploads\/2025\/08\/20250827_150728-1-scaled.jpg\" data-rel=\"lightbox-gallery-73VB7hyG\" data-rl_title=\"\" data-rl_caption=\"\" title=\"\"><img loading=\"lazy\" decoding=\"async\" width=\"1024\" height=\"768\" src=\"https:\/\/ageem21.fr\/wp-content\/uploads\/2025\/08\/20250827_150728-1-1024x768.jpg\" alt=\"\" class=\"wp-image-3274\" srcset=\"https:\/\/ageem21.fr\/wp-content\/uploads\/2025\/08\/20250827_150728-1-1024x768.jpg 1024w, https:\/\/ageem21.fr\/wp-content\/uploads\/2025\/08\/20250827_150728-1-300x225.jpg 300w, https:\/\/ageem21.fr\/wp-content\/uploads\/2025\/08\/20250827_150728-1-768x576.jpg 768w, https:\/\/ageem21.fr\/wp-content\/uploads\/2025\/08\/20250827_150728-1-600x450.jpg 600w, https:\/\/ageem21.fr\/wp-content\/uploads\/2025\/08\/20250827_150728-1-1536x1152.jpg 1536w, https:\/\/ageem21.fr\/wp-content\/uploads\/2025\/08\/20250827_150728-1-2048x1536.jpg 2048w, https:\/\/ageem21.fr\/wp-content\/uploads\/2025\/08\/20250827_150728-1-1320x990.jpg 1320w\" sizes=\"auto, (max-width: 1024px) 100vw, 1024px\" \/><\/a><\/figure>\n<\/div>\n\n\n<p><\/p>\n\n\n\n<pre class=\"wp-block-preformatted\">Notre local est une mine p\u00e9dagogique! <br>Retrouvez sur le <a href=\"https:\/\/digipad.app\/p\/208346\/aa9527d716cfd\" data-type=\"link\" data-id=\"https:\/\/digipad.app\/p\/208346\/aa9527d716cfd\">mur virtuel<\/a> un aper\u00e7u non exhaustif. Suivez ce lien <a href=\"https:\/\/lite.framacalc.org\/9pnr-pret-ageem-21\">Liste d\u00e9taill\u00e9e<\/a> pour conna\u00eetre tout notre fonds. Notre local ouvre chaque mercredi pr\u00e9c\u00e9dant les vacances scolaire de 17h \u00e0 18h.<br>Pour les abonn\u00e9s les plus \u00e9loign\u00e9s (secteurs de Beaune, Semur en Auxois, Is sur Tille), nous proposons un <a href=\"https:\/\/framaforms.org\/click-and-collect-local-ageem-21-1662893784\">click and collect<\/a>.<br>Pour ceux qui ne pourraient venir le jour de l'ouverture du local, un retrait est possible \u00e0 Chen\u00f4ve \u00e0 un autre moment. (suivre le m\u00eame lien que pour le click and collect)<\/pre>\n","protected":false},"excerpt":{"rendered":"<p>Mercredi 27 ao\u00fbt, le local \u00e9tait ouvert pour nos abonn\u00e9s de l&rsquo;ann\u00e9e derni\u00e8re. Les enseignantes pr\u00e9sentes ont pu d\u00e9couvrir la nouvelle acquisition de la section mise en pr\u00eat : le &hellip; <a href=\"https:\/\/ageem21.fr\/?p=3272\" class=\"more-link\">Continuer la lecture de <span class=\"screen-reader-text\">Nouveau mat\u00e9riel en pr\u00eat<\/span>  <span class=\"meta-nav\">&rarr;<\/span><\/a><\/p>\n","protected":false},"author":3,"featured_media":0,"comment_status":"closed","ping_status":"closed","sticky":false,"template":"","format":"standard","meta":{"footnotes":""},"categories":[57],"tags":[61],"class_list":["post-3272","post","type-post","status-publish","format-standard","hentry","category-local-materiel-en-pret","tag-pret-de-materiel"],"_links":{"self":[{"href":"https:\/\/ageem21.fr\/index.php?rest_route=\/wp\/v2\/posts\/3272","targetHints":{"allow":["GET"]}}],"collection":[{"href":"https:\/\/ageem21.fr\/index.php?rest_route=\/wp\/v2\/posts"}],"about":[{"href":"https:\/\/ageem21.fr\/index.php?rest_route=\/wp\/v2\/types\/post"}],"author":[{"embeddable":true,"href":"https:\/\/ageem21.fr\/index.php?rest_route=\/wp\/v2\/users\/3"}],"replies":[{"embeddable":true,"href":"https:\/\/ageem21.fr\/index.php?rest_route=%2Fwp%2Fv2%2Fcomments&post=3272"}],"version-history":[{"count":2,"href":"https:\/\/ageem21.fr\/index.php?rest_route=\/wp\/v2\/posts\/3272\/revisions"}],"predecessor-version":[{"id":3419,"href":"https:\/\/ageem21.fr\/index.php?rest_route=\/wp\/v2\/posts\/3272\/revisions\/3419"}],"wp:attachment":[{"href":"https:\/\/ageem21.fr\/index.php?rest_route=%2Fwp%2Fv2%2Fmedia&parent=3272"}],"wp:term":[{"taxonomy":"category","embeddable":true,"href":"https:\/\/ageem21.fr\/index.php?rest_route=%2Fwp%2Fv2%2Fcategories&post=3272"},{"taxonomy":"post_tag","embeddable":true,"href":"https:\/\/ageem21.fr\/index.php?rest_route=%2Fwp%2Fv2%2Ftags&post=3272"}],"curies":[{"name":"wp","href":"https:\/\/api.w.org\/{rel}","templated":true}]}}