{"id":3225,"date":"2025-12-14T15:33:52","date_gmt":"2025-12-14T14:33:52","guid":{"rendered":"http:\/\/ageem21.fr\/?p=3225"},"modified":"2026-04-26T18:07:58","modified_gmt":"2026-04-26T16:07:58","slug":"ouverture-du-local-mercredi-27-aout-17h","status":"publish","type":"post","link":"https:\/\/ageem21.fr\/?p=3225","title":{"rendered":"Ouverture du local"},"content":{"rendered":"\n<p>Vous avez peut-\u00eatre besoin d&rsquo;un nouvel album, d&rsquo;un kamishiba\u00ef pour un temps de lecture offerte pour vos \u00e9l\u00e8ves ou encore du mat\u00e9riel p\u00e9dagogique comme des ateliers individuels autonomes, des jeux Smartgames&#8230;<\/p>\n\n\n<div class=\"wp-block-image\">\n<figure class=\"aligncenter size-full\"><a href=\"https:\/\/ageem21.fr\/wp-content\/uploads\/2025\/08\/image-1.png\" data-rel=\"lightbox-gallery-YTdrm5o0\" data-rl_title=\"\" data-rl_caption=\"\" title=\"\"><img loading=\"lazy\" decoding=\"async\" width=\"623\" height=\"569\" src=\"https:\/\/ageem21.fr\/wp-content\/uploads\/2025\/08\/image-1.png\" alt=\"\" class=\"wp-image-3232\" srcset=\"https:\/\/ageem21.fr\/wp-content\/uploads\/2025\/08\/image-1.png 623w, https:\/\/ageem21.fr\/wp-content\/uploads\/2025\/08\/image-1-300x274.png 300w, https:\/\/ageem21.fr\/wp-content\/uploads\/2025\/08\/image-1-600x548.png 600w\" sizes=\"auto, (max-width: 623px) 100vw, 623px\" \/><\/a><\/figure>\n<\/div>\n\n\n<p>Ou tout simplement l&rsquo;envie de trouver des id\u00e9es, des pistes, consulter des ouvrages et \u00e9changer avec des coll\u00e8gues. <\/p>\n\n\n<div class=\"wp-block-image\">\n<figure class=\"aligncenter size-large\"><a href=\"https:\/\/ageem21.fr\/wp-content\/uploads\/2024\/09\/nsmail-12-scaled.jpg\" data-rel=\"lightbox-gallery-YTdrm5o0\" data-rl_title=\"\" data-rl_caption=\"\" title=\"\"><img loading=\"lazy\" decoding=\"async\" width=\"1024\" height=\"472\" src=\"https:\/\/ageem21.fr\/wp-content\/uploads\/2024\/09\/nsmail-12-1024x472.jpg\" alt=\"\" class=\"wp-image-2402\" srcset=\"https:\/\/ageem21.fr\/wp-content\/uploads\/2024\/09\/nsmail-12-1024x472.jpg 1024w, https:\/\/ageem21.fr\/wp-content\/uploads\/2024\/09\/nsmail-12-300x138.jpg 300w, https:\/\/ageem21.fr\/wp-content\/uploads\/2024\/09\/nsmail-12-768x354.jpg 768w, https:\/\/ageem21.fr\/wp-content\/uploads\/2024\/09\/nsmail-12-600x277.jpg 600w, https:\/\/ageem21.fr\/wp-content\/uploads\/2024\/09\/nsmail-12-1536x709.jpg 1536w, https:\/\/ageem21.fr\/wp-content\/uploads\/2024\/09\/nsmail-12-2048x945.jpg 2048w, https:\/\/ageem21.fr\/wp-content\/uploads\/2024\/09\/nsmail-12-1320x609.jpg 1320w\" sizes=\"auto, (max-width: 1024px) 100vw, 1024px\" \/><\/a><\/figure>\n<\/div>\n\n\n<h5 class=\"wp-block-heading\">Venez-nous retrouver au local AGEEM 21, 128 bd des Bourroches \u00e0 Dijon ! <br>Nos abonn\u00e9s peuvent emprunter du mat\u00e9riel.<\/h5>\n\n\n<div class=\"wp-block-image\">\n<figure class=\"aligncenter size-large\"><a href=\"https:\/\/ageem21.fr\/wp-content\/uploads\/2025\/12\/OUVERTURE-DU-LOCAL3.png\" data-rel=\"lightbox-gallery-YTdrm5o0\" data-rl_title=\"\" data-rl_caption=\"\" title=\"\"><img loading=\"lazy\" decoding=\"async\" width=\"1024\" height=\"1024\" src=\"https:\/\/ageem21.fr\/wp-content\/uploads\/2025\/12\/OUVERTURE-DU-LOCAL3-1024x1024.png\" alt=\"\" class=\"wp-image-4461\" srcset=\"https:\/\/ageem21.fr\/wp-content\/uploads\/2025\/12\/OUVERTURE-DU-LOCAL3-1024x1024.png 1024w, https:\/\/ageem21.fr\/wp-content\/uploads\/2025\/12\/OUVERTURE-DU-LOCAL3-300x300.png 300w, https:\/\/ageem21.fr\/wp-content\/uploads\/2025\/12\/OUVERTURE-DU-LOCAL3-150x150.png 150w, https:\/\/ageem21.fr\/wp-content\/uploads\/2025\/12\/OUVERTURE-DU-LOCAL3-768x768.png 768w, https:\/\/ageem21.fr\/wp-content\/uploads\/2025\/12\/OUVERTURE-DU-LOCAL3-600x600.png 600w, https:\/\/ageem21.fr\/wp-content\/uploads\/2025\/12\/OUVERTURE-DU-LOCAL3.png 1080w\" sizes=\"auto, (max-width: 1024px) 100vw, 1024px\" \/><\/a><\/figure>\n<\/div>\n\n\n<p>Vous trouverez la liste compl\u00e8te de mat\u00e9riel en suivant ce lien :<br><a href=\"https:\/\/lite.framacalc.org\/9pnr-pret-ageem-21\">https:\/\/lite.framacalc.org\/9pnr-pret-ageem-21<\/a><br><em>(Pour faire une recherche dans la liste, \u00e9crire dans le cadre en haut \u00e0 droite.)<\/em><br>ou un aper\u00e7u visuel sur le mur virtuel : <a href=\"https:\/\/digipad.app\/p\/208346\/aa9527d716cfd\">https:\/\/digipad.app\/p\/208346\/aa9527d716cfd<\/a><\/p>\n\n\n\n<p><em>Si vous \u00eates trop \u00e9loign\u00e9 du local, il est possible de r\u00e9server du mat\u00e9riel et de le r\u00e9cup\u00e9rer dans les secteurs d\u2019Is sur Tille, Semur en Auxois ou Beaune.<\/em><br><em>Si vous ne pouvez pas venir le jour de l\u2019ouverture du local, un retrait est possible \u00e0 un autre moment \u00e0 Chen\u00f4ve.<\/em><br><em>Formulaire de r\u00e9servation: <a href=\"https:\/\/framaforms.org\/click-and-collect-local-ageem-21-1662893784\">https:\/\/framaforms.org\/click-and-collect-local-ageem-21-1662893784<\/a><\/em><\/p>\n","protected":false},"excerpt":{"rendered":"<p>Vous avez peut-\u00eatre besoin d&rsquo;un nouvel album, d&rsquo;un kamishiba\u00ef pour un temps de lecture offerte pour vos \u00e9l\u00e8ves ou encore du mat\u00e9riel p\u00e9dagogique comme des ateliers individuels autonomes, des jeux &hellip; <a href=\"https:\/\/ageem21.fr\/?p=3225\" class=\"more-link\">Continuer la lecture de <span class=\"screen-reader-text\">Ouverture du local<\/span>  <span class=\"meta-nav\">&rarr;<\/span><\/a><\/p>\n","protected":false},"author":3,"featured_media":0,"comment_status":"closed","ping_status":"closed","sticky":false,"template":"","format":"standard","meta":{"footnotes":""},"categories":[57],"tags":[61],"class_list":["post-3225","post","type-post","status-publish","format-standard","hentry","category-local-materiel-en-pret","tag-pret-de-materiel"],"_links":{"self":[{"href":"https:\/\/ageem21.fr\/index.php?rest_route=\/wp\/v2\/posts\/3225","targetHints":{"allow":["GET"]}}],"collection":[{"href":"https:\/\/ageem21.fr\/index.php?rest_route=\/wp\/v2\/posts"}],"about":[{"href":"https:\/\/ageem21.fr\/index.php?rest_route=\/wp\/v2\/types\/post"}],"author":[{"embeddable":true,"href":"https:\/\/ageem21.fr\/index.php?rest_route=\/wp\/v2\/users\/3"}],"replies":[{"embeddable":true,"href":"https:\/\/ageem21.fr\/index.php?rest_route=%2Fwp%2Fv2%2Fcomments&post=3225"}],"version-history":[{"count":8,"href":"https:\/\/ageem21.fr\/index.php?rest_route=\/wp\/v2\/posts\/3225\/revisions"}],"predecessor-version":[{"id":4462,"href":"https:\/\/ageem21.fr\/index.php?rest_route=\/wp\/v2\/posts\/3225\/revisions\/4462"}],"wp:attachment":[{"href":"https:\/\/ageem21.fr\/index.php?rest_route=%2Fwp%2Fv2%2Fmedia&parent=3225"}],"wp:term":[{"taxonomy":"category","embeddable":true,"href":"https:\/\/ageem21.fr\/index.php?rest_route=%2Fwp%2Fv2%2Fcategories&post=3225"},{"taxonomy":"post_tag","embeddable":true,"href":"https:\/\/ageem21.fr\/index.php?rest_route=%2Fwp%2Fv2%2Ftags&post=3225"}],"curies":[{"name":"wp","href":"https:\/\/api.w.org\/{rel}","templated":true}]}}