{"id":2601,"date":"2024-11-24T12:16:34","date_gmt":"2024-11-24T11:16:34","guid":{"rendered":"http:\/\/ageem21.fr\/?p=2601"},"modified":"2025-10-03T23:56:27","modified_gmt":"2025-10-03T21:56:27","slug":"quinzaine-de-lecole-maternelle-faire-participer-les-parents-au-projet-de-la-classe","status":"publish","type":"post","link":"https:\/\/ageem21.fr\/?p=2601","title":{"rendered":"Quinzaine de l&rsquo;\u00e9cole maternelle : faire participer les parents au projet de la classe"},"content":{"rendered":"\n<pre class=\"wp-block-verse\"><em>Notre coll\u00e8gue Edith nous partage son projet de \"f\u00eate d'automne\" li\u00e9 \u00e0 la venue des parents lors de la Quinzaine de l'\u00e9cole maternelle. Merci \u00e0 elle pour son t\u00e9moignage<\/em> <em>inspirant! <\/em><\/pre>\n\n\n\n<p>En fin de Quinzaine de l&rsquo;\u00e9cole maternelle, j&rsquo;invite les parents \u00e0 une \u00ab\u00a0f\u00eate de l&rsquo;automne de l\u2019\u00c9cole dehors\u00a0\u00bb.  <br>Cet \u00e9v\u00e9nement, \u00e0 l&rsquo;initiative de l&rsquo;association <a href=\"https:\/\/fabpeda.org\/\" target=\"_blank\" rel=\"noreferrer noopener\">\u00ab\u00a0La fabrique des communs p\u00e9dagogiques<\/a>\u00a0\u00bb m&rsquo;a plu pour renouveler les temps festifs de l&rsquo;\u00e9cole et pour c\u00e9l\u00e9brer la classe dehors, dispositif moteur dans ma pratique p\u00e9dagogique. <br>Chaque enseignant inscrit pouvait d\u00e9cliner \u00e0 partir d&rsquo;une th\u00e9matique commune \u00ab\u00a0la litt\u00e9rature et la nature\u00a0\u00bb. <\/p>\n\n\n\n<p>Pour ma classe, ce sera :<br>&#8211; un chant d&rsquo;automne avec les parents \u00ab\u00a0autour du feu\u00a0\u00bb<br>&#8211; une comptine d&rsquo;automne mim\u00e9e par les plus jeunes<br>&#8211; la r\u00e9citation par les Grands des Ha\u00efkus de l&rsquo;automne de Thierry Dedieu.<\/p>\n\n\n\n<div class=\"wp-block-group\"><div class=\"wp-block-group__inner-container is-layout-constrained wp-block-group-is-layout-constrained\">\n<div class=\"wp-block-columns are-vertically-aligned-top is-layout-flex wp-container-core-columns-is-layout-9d6595d7 wp-block-columns-is-layout-flex\">\n<div class=\"wp-block-column is-vertically-aligned-top is-layout-flow wp-block-column-is-layout-flow\">\n<figure class=\"wp-block-image size-large is-resized\"><a href=\"https:\/\/ageem21.fr\/wp-content\/uploads\/2024\/11\/nsmail-16.jpg\" data-rel=\"lightbox-gallery-FoDxoYrK\" data-rl_title=\"\" data-rl_caption=\"\" title=\"\"><img loading=\"lazy\" decoding=\"async\" width=\"768\" height=\"1024\" src=\"https:\/\/ageem21.fr\/wp-content\/uploads\/2024\/11\/nsmail-16-768x1024.jpg\" alt=\"\" class=\"wp-image-2602\" style=\"width:233px;height:auto\" srcset=\"https:\/\/ageem21.fr\/wp-content\/uploads\/2024\/11\/nsmail-16-768x1024.jpg 768w, https:\/\/ageem21.fr\/wp-content\/uploads\/2024\/11\/nsmail-16-225x300.jpg 225w, https:\/\/ageem21.fr\/wp-content\/uploads\/2024\/11\/nsmail-16-600x800.jpg 600w, https:\/\/ageem21.fr\/wp-content\/uploads\/2024\/11\/nsmail-16-1152x1536.jpg 1152w, https:\/\/ageem21.fr\/wp-content\/uploads\/2024\/11\/nsmail-16-1320x1760.jpg 1320w, https:\/\/ageem21.fr\/wp-content\/uploads\/2024\/11\/nsmail-16.jpg 1536w\" sizes=\"auto, (max-width: 768px) 100vw, 768px\" \/><\/a><figcaption class=\"wp-element-caption\"><strong><em>r\u00e9p\u00e9tition du chant d&rsquo;automne avec les parents \u00ab\u00a0autour du feu\u00a0\u00bb<\/em><\/strong><\/figcaption><\/figure>\n<\/div>\n\n\n\n<div class=\"wp-block-column is-vertically-aligned-top is-layout-flow wp-block-column-is-layout-flow\">\n<figure class=\"wp-block-image size-large is-resized\"><a href=\"https:\/\/ageem21.fr\/wp-content\/uploads\/2024\/11\/01-2.jpg\" data-rel=\"lightbox-gallery-FoDxoYrK\" data-rl_title=\"\" data-rl_caption=\"\" title=\"\"><img loading=\"lazy\" decoding=\"async\" width=\"779\" height=\"1024\" src=\"https:\/\/ageem21.fr\/wp-content\/uploads\/2024\/11\/01-2-779x1024.jpg\" alt=\"\" class=\"wp-image-2603\" style=\"width:238px;height:auto\" srcset=\"https:\/\/ageem21.fr\/wp-content\/uploads\/2024\/11\/01-2-779x1024.jpg 779w, https:\/\/ageem21.fr\/wp-content\/uploads\/2024\/11\/01-2-228x300.jpg 228w, https:\/\/ageem21.fr\/wp-content\/uploads\/2024\/11\/01-2-768x1009.jpg 768w, https:\/\/ageem21.fr\/wp-content\/uploads\/2024\/11\/01-2-600x788.jpg 600w, https:\/\/ageem21.fr\/wp-content\/uploads\/2024\/11\/01-2.jpg 1170w\" sizes=\"auto, (max-width: 779px) 100vw, 779px\" \/><\/a><\/figure>\n<\/div>\n<\/div>\n<\/div><\/div>\n\n\n\n<p>J&rsquo;ai profit\u00e9 de la venue des parents dans la classe: je les ai fait participer aux ateliers de cr\u00e9ation. <br>Nous avons cr\u00e9\u00e9 des d\u00e9cors pour faire une sc\u00e8ne dans notre cour:<br>&#8211; deux \u00ab\u00a0tapis\u00a0\u00bb de feuilles<br>&#8211; un \u00ab\u00a0arbre\u00a0\u00bb rouge<br>&#8211; des champignons<\/p>\n\n\n\n<figure class=\"wp-block-gallery has-nested-images columns-default is-cropped wp-block-gallery-1 is-layout-flex wp-block-gallery-is-layout-flex\">\n<figure class=\"wp-block-image size-large\"><a href=\"https:\/\/ageem21.fr\/wp-content\/uploads\/2024\/11\/03-1.jpg\" data-rel=\"lightbox-gallery-FoDxoYrK\" data-rl_title=\"\" data-rl_caption=\"\" title=\"\"><img loading=\"lazy\" decoding=\"async\" width=\"768\" height=\"1024\" data-id=\"2604\" src=\"https:\/\/ageem21.fr\/wp-content\/uploads\/2024\/11\/03-1-768x1024.jpg\" alt=\"\" class=\"wp-image-2604\" srcset=\"https:\/\/ageem21.fr\/wp-content\/uploads\/2024\/11\/03-1-768x1024.jpg 768w, https:\/\/ageem21.fr\/wp-content\/uploads\/2024\/11\/03-1-225x300.jpg 225w, https:\/\/ageem21.fr\/wp-content\/uploads\/2024\/11\/03-1-600x800.jpg 600w, https:\/\/ageem21.fr\/wp-content\/uploads\/2024\/11\/03-1-1152x1536.jpg 1152w, https:\/\/ageem21.fr\/wp-content\/uploads\/2024\/11\/03-1-1320x1760.jpg 1320w, https:\/\/ageem21.fr\/wp-content\/uploads\/2024\/11\/03-1.jpg 1536w\" sizes=\"auto, (max-width: 768px) 100vw, 768px\" \/><\/a><figcaption class=\"wp-element-caption\">tapis de feuilles en cours de pr\u00e9paration<\/figcaption><\/figure>\n\n\n\n<figure class=\"wp-block-image size-large\"><a href=\"https:\/\/ageem21.fr\/wp-content\/uploads\/2024\/11\/04-1.jpg\" data-rel=\"lightbox-gallery-FoDxoYrK\" data-rl_title=\"\" data-rl_caption=\"\" title=\"\"><img loading=\"lazy\" decoding=\"async\" width=\"1024\" height=\"768\" data-id=\"2605\" src=\"https:\/\/ageem21.fr\/wp-content\/uploads\/2024\/11\/04-1-1024x768.jpg\" alt=\"\" class=\"wp-image-2605\" srcset=\"https:\/\/ageem21.fr\/wp-content\/uploads\/2024\/11\/04-1-1024x768.jpg 1024w, https:\/\/ageem21.fr\/wp-content\/uploads\/2024\/11\/04-1-300x225.jpg 300w, https:\/\/ageem21.fr\/wp-content\/uploads\/2024\/11\/04-1-768x576.jpg 768w, https:\/\/ageem21.fr\/wp-content\/uploads\/2024\/11\/04-1-600x450.jpg 600w, https:\/\/ageem21.fr\/wp-content\/uploads\/2024\/11\/04-1-1536x1152.jpg 1536w, https:\/\/ageem21.fr\/wp-content\/uploads\/2024\/11\/04-1-1320x990.jpg 1320w, https:\/\/ageem21.fr\/wp-content\/uploads\/2024\/11\/04-1.jpg 2048w\" sizes=\"auto, (max-width: 1024px) 100vw, 1024px\" \/><\/a><figcaption class=\"wp-element-caption\">arbre rouge <\/figcaption><\/figure>\n\n\n\n<figure class=\"wp-block-image size-large\"><a href=\"https:\/\/ageem21.fr\/wp-content\/uploads\/2024\/11\/05-2.jpg\" data-rel=\"lightbox-gallery-FoDxoYrK\" data-rl_title=\"\" data-rl_caption=\"\" title=\"\"><img loading=\"lazy\" decoding=\"async\" width=\"1024\" height=\"944\" data-id=\"2606\" src=\"https:\/\/ageem21.fr\/wp-content\/uploads\/2024\/11\/05-2-1024x944.jpg\" alt=\"\" class=\"wp-image-2606\" srcset=\"https:\/\/ageem21.fr\/wp-content\/uploads\/2024\/11\/05-2-1024x944.jpg 1024w, https:\/\/ageem21.fr\/wp-content\/uploads\/2024\/11\/05-2-300x277.jpg 300w, https:\/\/ageem21.fr\/wp-content\/uploads\/2024\/11\/05-2-768x708.jpg 768w, https:\/\/ageem21.fr\/wp-content\/uploads\/2024\/11\/05-2-600x553.jpg 600w, https:\/\/ageem21.fr\/wp-content\/uploads\/2024\/11\/05-2-1536x1416.jpg 1536w, https:\/\/ageem21.fr\/wp-content\/uploads\/2024\/11\/05-2-1320x1217.jpg 1320w, https:\/\/ageem21.fr\/wp-content\/uploads\/2024\/11\/05-2.jpg 2048w\" sizes=\"auto, (max-width: 1024px) 100vw, 1024px\" \/><\/a><\/figure>\n\n\n\n<figure class=\"wp-block-image size-large\"><a href=\"https:\/\/ageem21.fr\/wp-content\/uploads\/2024\/11\/06-1.jpg\" data-rel=\"lightbox-gallery-FoDxoYrK\" data-rl_title=\"\" data-rl_caption=\"\" title=\"\"><img loading=\"lazy\" decoding=\"async\" width=\"1024\" height=\"768\" data-id=\"2607\" src=\"https:\/\/ageem21.fr\/wp-content\/uploads\/2024\/11\/06-1-1024x768.jpg\" alt=\"\" class=\"wp-image-2607\" srcset=\"https:\/\/ageem21.fr\/wp-content\/uploads\/2024\/11\/06-1-1024x768.jpg 1024w, https:\/\/ageem21.fr\/wp-content\/uploads\/2024\/11\/06-1-300x225.jpg 300w, https:\/\/ageem21.fr\/wp-content\/uploads\/2024\/11\/06-1-768x576.jpg 768w, https:\/\/ageem21.fr\/wp-content\/uploads\/2024\/11\/06-1-600x450.jpg 600w, https:\/\/ageem21.fr\/wp-content\/uploads\/2024\/11\/06-1-1536x1152.jpg 1536w, https:\/\/ageem21.fr\/wp-content\/uploads\/2024\/11\/06-1-1320x990.jpg 1320w, https:\/\/ageem21.fr\/wp-content\/uploads\/2024\/11\/06-1.jpg 2048w\" sizes=\"auto, (max-width: 1024px) 100vw, 1024px\" \/><\/a><figcaption class=\"wp-element-caption\">diff\u00e9rentes techniques r\u00e9alis\u00e9es avec les parents<\/figcaption><\/figure>\n<\/figure>\n\n\n\n<p>Mardi 26 novembre, en d\u00e9but de soir\u00e9e, nous serons tous r\u00e9unis dehors.<br>Puis, je pr\u00e9vois un temps en classe pour que les \u00e9l\u00e8ves manipulent des \u00e9l\u00e9ments naturels et cr\u00e9ent une grande for\u00eat , ainsi que des cr\u00e9ations \u00ab\u00a0mandala en p\u00e2te \u00e0 sel\u00a0\u00bb et \u00ab\u00a0arbres en kaplas et bouchons\u00a0\u00bb. <br>Pendant ce temps, je pourrai \u00e9changer avec les familles sur les temps de classe qu&rsquo;ils ont partag\u00e9s ou sur la classe dehors. Je pr\u00e9vois aussi un petit questionnaire pour faire un bilan de ce que les parents ont appris en participant avec leur enfant, et de questions sur l&rsquo;accueil et les apprentissages.<\/p>\n","protected":false},"excerpt":{"rendered":"<p>Notre coll\u00e8gue Edith nous partage son projet de \u00ab\u00a0f\u00eate d&rsquo;automne\u00a0\u00bb li\u00e9 \u00e0 la venue des parents lors de la Quinzaine de l&rsquo;\u00e9cole maternelle. Merci \u00e0 elle pour son t\u00e9moignage inspirant! &hellip; <a href=\"https:\/\/ageem21.fr\/?p=2601\" class=\"more-link\">Continuer la lecture de <span class=\"screen-reader-text\">Quinzaine de l&rsquo;\u00e9cole maternelle : faire participer les parents au projet de la classe<\/span>  <span class=\"meta-nav\">&rarr;<\/span><\/a><\/p>\n","protected":false},"author":3,"featured_media":0,"comment_status":"closed","ping_status":"closed","sticky":false,"template":"","format":"standard","meta":{"footnotes":""},"categories":[72,69],"tags":[86,73,68],"class_list":["post-2601","post","type-post","status-publish","format-standard","hentry","category-partage-dadherents","category-quinzaine-de-lecole-maternelle","tag-ecole-dehors","tag-partage","tag-quinzaine-de-lecole-maternelle"],"_links":{"self":[{"href":"https:\/\/ageem21.fr\/index.php?rest_route=\/wp\/v2\/posts\/2601","targetHints":{"allow":["GET"]}}],"collection":[{"href":"https:\/\/ageem21.fr\/index.php?rest_route=\/wp\/v2\/posts"}],"about":[{"href":"https:\/\/ageem21.fr\/index.php?rest_route=\/wp\/v2\/types\/post"}],"author":[{"embeddable":true,"href":"https:\/\/ageem21.fr\/index.php?rest_route=\/wp\/v2\/users\/3"}],"replies":[{"embeddable":true,"href":"https:\/\/ageem21.fr\/index.php?rest_route=%2Fwp%2Fv2%2Fcomments&post=2601"}],"version-history":[{"count":2,"href":"https:\/\/ageem21.fr\/index.php?rest_route=\/wp\/v2\/posts\/2601\/revisions"}],"predecessor-version":[{"id":2609,"href":"https:\/\/ageem21.fr\/index.php?rest_route=\/wp\/v2\/posts\/2601\/revisions\/2609"}],"wp:attachment":[{"href":"https:\/\/ageem21.fr\/index.php?rest_route=%2Fwp%2Fv2%2Fmedia&parent=2601"}],"wp:term":[{"taxonomy":"category","embeddable":true,"href":"https:\/\/ageem21.fr\/index.php?rest_route=%2Fwp%2Fv2%2Fcategories&post=2601"},{"taxonomy":"post_tag","embeddable":true,"href":"https:\/\/ageem21.fr\/index.php?rest_route=%2Fwp%2Fv2%2Ftags&post=2601"}],"curies":[{"name":"wp","href":"https:\/\/api.w.org\/{rel}","templated":true}]}}