{"id":2398,"date":"2024-09-01T15:32:05","date_gmt":"2024-09-01T13:32:05","guid":{"rendered":"http:\/\/ageem21.fr\/?p=2398"},"modified":"2024-09-01T15:50:57","modified_gmt":"2024-09-01T13:50:57","slug":"la-rentree-de-la-section-21","status":"publish","type":"post","link":"https:\/\/ageem21.fr\/?p=2398","title":{"rendered":"La rentr\u00e9e de la section 21"},"content":{"rendered":"\n<figure class=\"wp-block-image size-large\"><a href=\"https:\/\/ageem21.fr\/wp-content\/uploads\/2024\/09\/nsmail-5-scaled.jpg\" data-rel=\"lightbox-gallery-7rF061kU\" data-rl_title=\"\" data-rl_caption=\"\" title=\"\"><img loading=\"lazy\" decoding=\"async\" width=\"1024\" height=\"472\" src=\"https:\/\/ageem21.fr\/wp-content\/uploads\/2024\/09\/nsmail-5-1024x472.jpg\" alt=\"\" class=\"wp-image-2399\" srcset=\"https:\/\/ageem21.fr\/wp-content\/uploads\/2024\/09\/nsmail-5-1024x472.jpg 1024w, https:\/\/ageem21.fr\/wp-content\/uploads\/2024\/09\/nsmail-5-300x138.jpg 300w, https:\/\/ageem21.fr\/wp-content\/uploads\/2024\/09\/nsmail-5-768x354.jpg 768w, https:\/\/ageem21.fr\/wp-content\/uploads\/2024\/09\/nsmail-5-600x277.jpg 600w, https:\/\/ageem21.fr\/wp-content\/uploads\/2024\/09\/nsmail-5-1536x709.jpg 1536w, https:\/\/ageem21.fr\/wp-content\/uploads\/2024\/09\/nsmail-5-2048x945.jpg 2048w, https:\/\/ageem21.fr\/wp-content\/uploads\/2024\/09\/nsmail-5-1320x609.jpg 1320w\" sizes=\"auto, (max-width: 1024px) 100vw, 1024px\" \/><\/a><\/figure>\n\n\n\n<p>Lundi 26 ao\u00fbt, nous avons pu pr\u00e9senter notre association et notre section aux professeurs stagiaires du d\u00e9partement \u00e0 l&rsquo;INSPE. <\/p>\n\n\n\n<div class=\"wp-block-media-text is-stacked-on-mobile\" style=\"grid-template-columns:48% auto\"><figure class=\"wp-block-media-text__media\"><img loading=\"lazy\" decoding=\"async\" width=\"1024\" height=\"472\" src=\"https:\/\/ageem21.fr\/wp-content\/uploads\/2024\/09\/nsmail-6-1024x472.jpg\" alt=\"\" class=\"wp-image-2400 size-full\" srcset=\"https:\/\/ageem21.fr\/wp-content\/uploads\/2024\/09\/nsmail-6-1024x472.jpg 1024w, https:\/\/ageem21.fr\/wp-content\/uploads\/2024\/09\/nsmail-6-300x138.jpg 300w, https:\/\/ageem21.fr\/wp-content\/uploads\/2024\/09\/nsmail-6-768x354.jpg 768w, https:\/\/ageem21.fr\/wp-content\/uploads\/2024\/09\/nsmail-6-600x277.jpg 600w, https:\/\/ageem21.fr\/wp-content\/uploads\/2024\/09\/nsmail-6-1536x709.jpg 1536w, https:\/\/ageem21.fr\/wp-content\/uploads\/2024\/09\/nsmail-6-2048x945.jpg 2048w, https:\/\/ageem21.fr\/wp-content\/uploads\/2024\/09\/nsmail-6-1320x609.jpg 1320w\" sizes=\"auto, (max-width: 1024px) 100vw, 1024px\" \/><\/figure><div class=\"wp-block-media-text__content\">\n<p>Nous avions emport\u00e9 un large \u00e9ventail de notre mat\u00e9riel du local, des publications nationales pour rencontrer nos jeunes coll\u00e8gues sur notre stand.<\/p>\n<\/div><\/div>\n\n\n\n<p>Nous leur avons propos\u00e9 de passer le lendemain au local s&rsquo;ils le souhaitaient pour \u00e9changer avec nous et emprunter du mat\u00e9riel en attendant d&rsquo;adh\u00e9rer cette ann\u00e9e. <\/p>\n\n\n<div class=\"wp-block-image\">\n<figure class=\"aligncenter is-resized\"><img loading=\"lazy\" decoding=\"async\" width=\"1024\" height=\"472\" src=\"https:\/\/ageem21.fr\/wp-content\/uploads\/2024\/09\/nsmail-12-1024x472.jpg\" alt=\"\" class=\"wp-image-2402\" style=\"width:541px;height:auto\" srcset=\"https:\/\/ageem21.fr\/wp-content\/uploads\/2024\/09\/nsmail-12-1024x472.jpg 1024w, https:\/\/ageem21.fr\/wp-content\/uploads\/2024\/09\/nsmail-12-300x138.jpg 300w, https:\/\/ageem21.fr\/wp-content\/uploads\/2024\/09\/nsmail-12-768x354.jpg 768w, https:\/\/ageem21.fr\/wp-content\/uploads\/2024\/09\/nsmail-12-600x277.jpg 600w, https:\/\/ageem21.fr\/wp-content\/uploads\/2024\/09\/nsmail-12-1536x709.jpg 1536w, https:\/\/ageem21.fr\/wp-content\/uploads\/2024\/09\/nsmail-12-2048x945.jpg 2048w, https:\/\/ageem21.fr\/wp-content\/uploads\/2024\/09\/nsmail-12-1320x609.jpg 1320w\" sizes=\"auto, (max-width: 1024px) 100vw, 1024px\" \/><figcaption class=\"wp-element-caption\">Une dizaine de stagiaires nous a rejoints. Certains ont feuillet\u00e9 des ouvrages, pos\u00e9 des questions, d&rsquo;autres ont emprunt\u00e9. <\/figcaption><\/figure>\n<\/div>\n\n\n<p>Merci aux jeunes coll\u00e8gues qui se sont d\u00e9plac\u00e9s pour nous rendre visite et d\u00e9couvrir l&rsquo;association, et qui ont \u00e9t\u00e9 sensibles \u00e0 la pr\u00e9sentation et aux propositions faites sur le stand par nos adh\u00e9rentes engag\u00e9es!<br>Nous avons eu \u00e0 c\u0153ur de r\u00e9pondre \u00e0 leurs questions, de les guider pour leur faire d\u00e9couvrir notre fond p\u00e9dagogique d&rsquo;ouvrages, de m\u00e9thodes, d&rsquo;albums mais aussi de caisses th\u00e9matiques et de mat\u00e9riel pratique!<br>On a tous besoin de se sentir entour\u00e9, d&rsquo;\u00eatre rassur\u00e9, d&rsquo;\u00e9changer sur des id\u00e9es ou des probl\u00e9matiques avant la rentr\u00e9e! <br>L\u2019AGEEM, c&rsquo;est cette association professionnelle qui nous accompagne, nous soutient ET nous forme tout au long de notre carri\u00e8re en \u00e9cole maternelle.<\/p>\n\n\n\n<p>Mardi 27 ao\u00fbt, outre l&rsquo;accueil des PEFS, nous avions notre premier conseil d&rsquo;administration pour d\u00e9finir le programme de l&rsquo;ann\u00e9e et commencer la pr\u00e9paration de notre journ\u00e9e acad\u00e9mique de formation. <br>Le local \u00e9tait ouvert pour permettre aux adh\u00e9rents de l&rsquo;an dernier de venir emprunter pour la nouvelle p\u00e9riode.<\/p>\n\n\n\n<p>Lundi 2 et mardi 3 septembre, nous nous pr\u00e9senterons aux \u00e9tudiants en master MEEF lors de leur rentr\u00e9e \u00e0 l&rsquo;INSPE.<\/p>\n\n\n\n<p>Merci \u00e0 l&rsquo;INSPE de Dijon de nous ouvrir ce partenariat. <br><\/p>\n","protected":false},"excerpt":{"rendered":"<p>Lundi 26 ao\u00fbt, nous avons pu pr\u00e9senter notre association et notre section aux professeurs stagiaires du d\u00e9partement \u00e0 l&rsquo;INSPE. Nous avions emport\u00e9 un large \u00e9ventail de notre mat\u00e9riel du local, &hellip; <a href=\"https:\/\/ageem21.fr\/?p=2398\" class=\"more-link\">Continuer la lecture de <span class=\"screen-reader-text\">La rentr\u00e9e de la section 21<\/span>  <span class=\"meta-nav\">&rarr;<\/span><\/a><\/p>\n","protected":false},"author":3,"featured_media":0,"comment_status":"closed","ping_status":"closed","sticky":false,"template":"","format":"standard","meta":{"footnotes":""},"categories":[58,54],"tags":[60,85],"class_list":["post-2398","post","type-post","status-publish","format-standard","hentry","category-les-partenaires","category-les-rendez-vous-de-lannee","tag-formaction","tag-partenariat"],"_links":{"self":[{"href":"https:\/\/ageem21.fr\/index.php?rest_route=\/wp\/v2\/posts\/2398","targetHints":{"allow":["GET"]}}],"collection":[{"href":"https:\/\/ageem21.fr\/index.php?rest_route=\/wp\/v2\/posts"}],"about":[{"href":"https:\/\/ageem21.fr\/index.php?rest_route=\/wp\/v2\/types\/post"}],"author":[{"embeddable":true,"href":"https:\/\/ageem21.fr\/index.php?rest_route=\/wp\/v2\/users\/3"}],"replies":[{"embeddable":true,"href":"https:\/\/ageem21.fr\/index.php?rest_route=%2Fwp%2Fv2%2Fcomments&post=2398"}],"version-history":[{"count":3,"href":"https:\/\/ageem21.fr\/index.php?rest_route=\/wp\/v2\/posts\/2398\/revisions"}],"predecessor-version":[{"id":2414,"href":"https:\/\/ageem21.fr\/index.php?rest_route=\/wp\/v2\/posts\/2398\/revisions\/2414"}],"wp:attachment":[{"href":"https:\/\/ageem21.fr\/index.php?rest_route=%2Fwp%2Fv2%2Fmedia&parent=2398"}],"wp:term":[{"taxonomy":"category","embeddable":true,"href":"https:\/\/ageem21.fr\/index.php?rest_route=%2Fwp%2Fv2%2Fcategories&post=2398"},{"taxonomy":"post_tag","embeddable":true,"href":"https:\/\/ageem21.fr\/index.php?rest_route=%2Fwp%2Fv2%2Ftags&post=2398"}],"curies":[{"name":"wp","href":"https:\/\/api.w.org\/{rel}","templated":true}]}}