{"id":2339,"date":"2024-07-12T14:40:46","date_gmt":"2024-07-12T12:40:46","guid":{"rendered":"http:\/\/ageem21.fr\/?p=2339"},"modified":"2024-07-12T14:40:47","modified_gmt":"2024-07-12T12:40:47","slug":"retour-sur-latelier-ceramique-du-19-juin","status":"publish","type":"post","link":"https:\/\/ageem21.fr\/?p=2339","title":{"rendered":"Retour sur l&rsquo;atelier C\u00e9ramique du 19 juin"},"content":{"rendered":"\n<div class=\"wp-block-media-text is-stacked-on-mobile\" style=\"grid-template-columns:32% auto\"><figure class=\"wp-block-media-text__media\"><img loading=\"lazy\" decoding=\"async\" width=\"1024\" height=\"851\" src=\"https:\/\/ageem21.fr\/wp-content\/uploads\/2024\/07\/01-1-1024x851.jpg\" alt=\"\" class=\"wp-image-2341 size-full\" srcset=\"https:\/\/ageem21.fr\/wp-content\/uploads\/2024\/07\/01-1-1024x851.jpg 1024w, https:\/\/ageem21.fr\/wp-content\/uploads\/2024\/07\/01-1-300x249.jpg 300w, https:\/\/ageem21.fr\/wp-content\/uploads\/2024\/07\/01-1-768x638.jpg 768w, https:\/\/ageem21.fr\/wp-content\/uploads\/2024\/07\/01-1-600x499.jpg 600w, https:\/\/ageem21.fr\/wp-content\/uploads\/2024\/07\/01-1-1536x1277.jpg 1536w, https:\/\/ageem21.fr\/wp-content\/uploads\/2024\/07\/01-1-1320x1097.jpg 1320w, https:\/\/ageem21.fr\/wp-content\/uploads\/2024\/07\/01-1.jpg 1859w\" sizes=\"auto, (max-width: 1024px) 100vw, 1024px\" \/><\/figure><div class=\"wp-block-media-text__content\">\n<p>Lors de cette derni\u00e8re rencontre locale de l&rsquo;ann\u00e9e scolaire, nous avons propos\u00e9 \u00e0 nos adh\u00e9rents un pique-nique partag\u00e9 avant un atelier de pratique avec une c\u00e9ramiste de l&rsquo;<a href=\"https:\/\/www.ateliersnoma.com\/\">atelier NoMa<\/a>. <br>Ce temps convivial nous a permis \u00e9galement de remercier notre coll\u00e8gue Nathalie pour son engagement \u00e0 l&rsquo;AGEEM au conseil d&rsquo;administration de la section depuis de nombreuses ann\u00e9es et lui souhaiter une bonne retraite.<\/p>\n<\/div><\/div>\n\n\n\n<figure class=\"wp-block-gallery has-nested-images columns-default is-cropped wp-block-gallery-1 is-layout-flex wp-block-gallery-is-layout-flex\">\n<figure class=\"wp-block-image size-large\"><a href=\"https:\/\/ageem21.fr\/wp-content\/uploads\/2024\/07\/02-1-scaled.jpg\" data-rel=\"lightbox-gallery-JQgSvE3t\" data-rl_title=\"\" data-rl_caption=\"\" title=\"\"><img loading=\"lazy\" decoding=\"async\" width=\"1024\" height=\"689\" data-id=\"2343\" src=\"https:\/\/ageem21.fr\/wp-content\/uploads\/2024\/07\/02-1-1024x689.jpg\" alt=\"\" class=\"wp-image-2343\" srcset=\"https:\/\/ageem21.fr\/wp-content\/uploads\/2024\/07\/02-1-1024x689.jpg 1024w, https:\/\/ageem21.fr\/wp-content\/uploads\/2024\/07\/02-1-300x202.jpg 300w, https:\/\/ageem21.fr\/wp-content\/uploads\/2024\/07\/02-1-768x517.jpg 768w, https:\/\/ageem21.fr\/wp-content\/uploads\/2024\/07\/02-1-600x404.jpg 600w, https:\/\/ageem21.fr\/wp-content\/uploads\/2024\/07\/02-1-1536x1034.jpg 1536w, https:\/\/ageem21.fr\/wp-content\/uploads\/2024\/07\/02-1-2048x1379.jpg 2048w, https:\/\/ageem21.fr\/wp-content\/uploads\/2024\/07\/02-1-1320x889.jpg 1320w\" sizes=\"auto, (max-width: 1024px) 100vw, 1024px\" \/><\/a><\/figure>\n\n\n\n<figure class=\"wp-block-image size-large\"><a href=\"https:\/\/ageem21.fr\/wp-content\/uploads\/2024\/07\/03-1.jpg\" data-rel=\"lightbox-gallery-JQgSvE3t\" data-rl_title=\"\" data-rl_caption=\"\" title=\"\"><img loading=\"lazy\" decoding=\"async\" width=\"768\" height=\"1024\" data-id=\"2346\" src=\"https:\/\/ageem21.fr\/wp-content\/uploads\/2024\/07\/03-1-768x1024.jpg\" alt=\"\" class=\"wp-image-2346\" srcset=\"https:\/\/ageem21.fr\/wp-content\/uploads\/2024\/07\/03-1-768x1024.jpg 768w, https:\/\/ageem21.fr\/wp-content\/uploads\/2024\/07\/03-1-225x300.jpg 225w, https:\/\/ageem21.fr\/wp-content\/uploads\/2024\/07\/03-1-600x800.jpg 600w, https:\/\/ageem21.fr\/wp-content\/uploads\/2024\/07\/03-1-1152x1536.jpg 1152w, https:\/\/ageem21.fr\/wp-content\/uploads\/2024\/07\/03-1-1320x1760.jpg 1320w, https:\/\/ageem21.fr\/wp-content\/uploads\/2024\/07\/03-1.jpg 1536w\" sizes=\"auto, (max-width: 768px) 100vw, 768px\" \/><\/a><\/figure>\n\n\n\n<figure class=\"wp-block-image size-large\"><a href=\"https:\/\/ageem21.fr\/wp-content\/uploads\/2024\/07\/04-1-rotated.jpg\" data-rel=\"lightbox-gallery-JQgSvE3t\" data-rl_title=\"\" data-rl_caption=\"\" title=\"\"><img loading=\"lazy\" decoding=\"async\" width=\"1024\" height=\"768\" data-id=\"2345\" src=\"https:\/\/ageem21.fr\/wp-content\/uploads\/2024\/07\/04-1-1024x768.jpg\" alt=\"\" class=\"wp-image-2345\" srcset=\"https:\/\/ageem21.fr\/wp-content\/uploads\/2024\/07\/04-1-1024x768.jpg 1024w, https:\/\/ageem21.fr\/wp-content\/uploads\/2024\/07\/04-1-300x225.jpg 300w, https:\/\/ageem21.fr\/wp-content\/uploads\/2024\/07\/04-1-768x576.jpg 768w, https:\/\/ageem21.fr\/wp-content\/uploads\/2024\/07\/04-1-600x450.jpg 600w, https:\/\/ageem21.fr\/wp-content\/uploads\/2024\/07\/04-1-1536x1152.jpg 1536w, https:\/\/ageem21.fr\/wp-content\/uploads\/2024\/07\/04-1-1320x990.jpg 1320w, https:\/\/ageem21.fr\/wp-content\/uploads\/2024\/07\/04-1-rotated.jpg 2048w\" sizes=\"auto, (max-width: 1024px) 100vw, 1024px\" \/><\/a><\/figure>\n\n\n\n<figure class=\"wp-block-image size-large\"><a href=\"https:\/\/ageem21.fr\/wp-content\/uploads\/2024\/07\/05.jpg\" data-rel=\"lightbox-gallery-JQgSvE3t\" data-rl_title=\"\" data-rl_caption=\"\" title=\"\"><img loading=\"lazy\" decoding=\"async\" width=\"768\" height=\"1024\" data-id=\"2344\" src=\"https:\/\/ageem21.fr\/wp-content\/uploads\/2024\/07\/05-768x1024.jpg\" alt=\"\" class=\"wp-image-2344\" srcset=\"https:\/\/ageem21.fr\/wp-content\/uploads\/2024\/07\/05-768x1024.jpg 768w, https:\/\/ageem21.fr\/wp-content\/uploads\/2024\/07\/05-225x300.jpg 225w, https:\/\/ageem21.fr\/wp-content\/uploads\/2024\/07\/05-600x800.jpg 600w, https:\/\/ageem21.fr\/wp-content\/uploads\/2024\/07\/05-1152x1536.jpg 1152w, https:\/\/ageem21.fr\/wp-content\/uploads\/2024\/07\/05.jpg 1200w\" sizes=\"auto, (max-width: 768px) 100vw, 768px\" \/><\/a><\/figure>\n\n\n\n<figure class=\"wp-block-image size-large\"><a href=\"https:\/\/ageem21.fr\/wp-content\/uploads\/2024\/07\/06.jpg\" data-rel=\"lightbox-gallery-JQgSvE3t\" data-rl_title=\"\" data-rl_caption=\"\" title=\"\"><img loading=\"lazy\" decoding=\"async\" width=\"884\" height=\"1024\" data-id=\"2342\" src=\"https:\/\/ageem21.fr\/wp-content\/uploads\/2024\/07\/06-884x1024.jpg\" alt=\"\" class=\"wp-image-2342\" srcset=\"https:\/\/ageem21.fr\/wp-content\/uploads\/2024\/07\/06-884x1024.jpg 884w, https:\/\/ageem21.fr\/wp-content\/uploads\/2024\/07\/06-259x300.jpg 259w, https:\/\/ageem21.fr\/wp-content\/uploads\/2024\/07\/06-768x889.jpg 768w, https:\/\/ageem21.fr\/wp-content\/uploads\/2024\/07\/06-600x695.jpg 600w, https:\/\/ageem21.fr\/wp-content\/uploads\/2024\/07\/06.jpg 886w\" sizes=\"auto, (max-width: 884px) 100vw, 884px\" \/><\/a><\/figure>\n<\/figure>\n\n\n\n<p>Nous avons b\u00e9n\u00e9fici\u00e9 du mat\u00e9riel et des conseils de la c\u00e9ramiste pour s\u2019essayer \u00e0 des techniques premi\u00e8res :<br>&#8211; lisser les plis du pain au doigt<br>&#8211; morceler le pain (avec un fil \u00e0 couper le beurre)<br>&#8211; \u00e9taler<br>&#8211; lisser \u00e0 l&rsquo;est\u00e8que<br>&#8211; utiliser des emporte-pi\u00e8ces<br>&#8211; coller (avec des stries et de la barbotine)<br>&#8211; imprimer ( tampons, v\u00e9g\u00e9taux, traces d&rsquo;outils d\u00e9tourn\u00e9s)<br>&#8211; r\u00e9aliser des colombins<br>&#8211; technique du pinc\u00e9<br><\/p>\n\n\n\n<p>Le contact avec l&rsquo;argile naturelle apporte une sensation r\u00e9elle de d\u00e9tente. Les techniques exp\u00e9riment\u00e9es vont pouvoir \u00eatre r\u00e9investies dans nos classes. <br>Nous r\u00e9fl\u00e9chissons \u00e0 d&rsquo;autres ateliers de pratique r\u00e9serv\u00e9s \u00e0 nos adh\u00e9rents pour passer un moment non seulement convivial mais aussi ressour\u00e7ant. <br>Nous sommes ouverts \u00e0 vos id\u00e9es.<\/p>\n","protected":false},"excerpt":{"rendered":"<p>Lors de cette derni\u00e8re rencontre locale de l&rsquo;ann\u00e9e scolaire, nous avons propos\u00e9 \u00e0 nos adh\u00e9rents un pique-nique partag\u00e9 avant un atelier de pratique avec une c\u00e9ramiste de l&rsquo;atelier NoMa. Ce &hellip; <a href=\"https:\/\/ageem21.fr\/?p=2339\" class=\"more-link\">Continuer la lecture de <span class=\"screen-reader-text\">Retour sur l&rsquo;atelier C\u00e9ramique du 19 juin<\/span>  <span class=\"meta-nav\">&rarr;<\/span><\/a><\/p>\n","protected":false},"author":3,"featured_media":2340,"comment_status":"closed","ping_status":"closed","sticky":false,"template":"","format":"standard","meta":{"footnotes":""},"categories":[54],"tags":[90,60],"class_list":["post-2339","post","type-post","status-publish","format-standard","has-post-thumbnail","hentry","category-les-rendez-vous-de-lannee","tag-atelier-de-pratique","tag-formaction"],"_links":{"self":[{"href":"https:\/\/ageem21.fr\/index.php?rest_route=\/wp\/v2\/posts\/2339","targetHints":{"allow":["GET"]}}],"collection":[{"href":"https:\/\/ageem21.fr\/index.php?rest_route=\/wp\/v2\/posts"}],"about":[{"href":"https:\/\/ageem21.fr\/index.php?rest_route=\/wp\/v2\/types\/post"}],"author":[{"embeddable":true,"href":"https:\/\/ageem21.fr\/index.php?rest_route=\/wp\/v2\/users\/3"}],"replies":[{"embeddable":true,"href":"https:\/\/ageem21.fr\/index.php?rest_route=%2Fwp%2Fv2%2Fcomments&post=2339"}],"version-history":[{"count":2,"href":"https:\/\/ageem21.fr\/index.php?rest_route=\/wp\/v2\/posts\/2339\/revisions"}],"predecessor-version":[{"id":2348,"href":"https:\/\/ageem21.fr\/index.php?rest_route=\/wp\/v2\/posts\/2339\/revisions\/2348"}],"wp:featuredmedia":[{"embeddable":true,"href":"https:\/\/ageem21.fr\/index.php?rest_route=\/wp\/v2\/media\/2340"}],"wp:attachment":[{"href":"https:\/\/ageem21.fr\/index.php?rest_route=%2Fwp%2Fv2%2Fmedia&parent=2339"}],"wp:term":[{"taxonomy":"category","embeddable":true,"href":"https:\/\/ageem21.fr\/index.php?rest_route=%2Fwp%2Fv2%2Fcategories&post=2339"},{"taxonomy":"post_tag","embeddable":true,"href":"https:\/\/ageem21.fr\/index.php?rest_route=%2Fwp%2Fv2%2Ftags&post=2339"}],"curies":[{"name":"wp","href":"https:\/\/api.w.org\/{rel}","templated":true}]}}