{"id":2114,"date":"2024-09-01T15:30:00","date_gmt":"2024-09-01T13:30:00","guid":{"rendered":"http:\/\/ageem21.fr\/?p=2114"},"modified":"2025-08-31T22:26:52","modified_gmt":"2025-08-31T20:26:52","slug":"prochain-webinaire-national-le-13-mars","status":"publish","type":"post","link":"https:\/\/ageem21.fr\/?p=2114","title":{"rendered":"Webinaires de l&rsquo;AGEEM National"},"content":{"rendered":"\n<div class=\"wp-block-media-text is-stacked-on-mobile\"><figure class=\"wp-block-media-text__media\"><img loading=\"lazy\" decoding=\"async\" width=\"442\" height=\"454\" src=\"https:\/\/ageem21.fr\/wp-content\/uploads\/2024\/09\/AGEEM-2.png\" alt=\"\" class=\"wp-image-2418 size-full\" srcset=\"https:\/\/ageem21.fr\/wp-content\/uploads\/2024\/09\/AGEEM-2.png 442w, https:\/\/ageem21.fr\/wp-content\/uploads\/2024\/09\/AGEEM-2-292x300.png 292w\" sizes=\"auto, (max-width: 442px) 100vw, 442px\" \/><\/figure><div class=\"wp-block-media-text__content\">\n<p>Lors de la derni\u00e8re semaine d&rsquo;ao\u00fbt, des webinaires ont \u00e9t\u00e9 propos\u00e9s aux adh\u00e9rents pour pr\u00e9parer la rentr\u00e9e. Ils ont \u00e9t\u00e9 enregistr\u00e9s et enrichiront le <a href=\"https:\/\/espaceabonne.ageem.org\/connexion\/\" target=\"_blank\" rel=\"noreferrer noopener\">site r\u00e9serv\u00e9 aux abonn\u00e9s<\/a>. Pensez \u00e0 renouveler votre adh\u00e9sion et votre abonnement.<\/p>\n<\/div><\/div>\n\n\n\n<p><mark style=\"background-color:rgba(0, 0, 0, 0)\" class=\"has-inline-color has-green-color\">Am\u00e9nager sa classe avec D\u00e9lia GOBERT<\/mark><br>L&rsquo;am\u00e9nagement de la classe est crucial pour cr\u00e9er un environnement propice \u00e0 l&rsquo;apprentissage. D\u00e9lia vous indiquera ses principes cl\u00e9s pour organiser efficacement l\u2019espace de votre classe.<\/p>\n\n\n\n<p><mark style=\"background-color:rgba(0, 0, 0, 0)\" class=\"has-inline-color has-green-color\">Accueillir les familles avec Eve LELEU GALLAND<\/mark><br>L&rsquo;accueil des familles \u00e0 l&rsquo;\u00e9cole maternelle est une \u00e9tape cruciale pour \u00e9tablir une relation de confiance et favoriser l&rsquo;implication des parents dans la vie scolaire de leur enfant. Eve Leleu-Galland vous donnera ses conseils pour organiser un accueil r\u00e9ussi.<\/p>\n\n\n\n<p><mark style=\"background-color:rgba(0, 0, 0, 0)\" class=\"has-inline-color has-green-color\">Une rentr\u00e9e en petite section avec Fran\u00e7oise BRUNO-MEARD<\/mark><br>La rentr\u00e9e en petite section constitue un moment important pour les jeunes enfants qui entrent pour la premi\u00e8re fois \u00e0 l&rsquo;\u00e9cole, car cela marque le d\u00e9but de leur parcours scolaire. Ces premi\u00e8res journ\u00e9es de maternelle sont cruciales pour l&rsquo;adaptation des enfants \u00e0 ce nouvel environnement. Ils d\u00e9couvrent de nouveaux espaces, font connaissance avec leurs camarades de classe et commencent \u00e0 apprendre les r\u00e8gles de vie en groupe.<\/p>\n\n\n\n<p><mark style=\"background-color:rgba(0, 0, 0, 0)\" class=\"has-inline-color has-green-color\">Questions r\u00e9ponses sur la direction d\u2019\u00e9cole avec V\u00e9ronique DUPONT et Isabelle DANEYROLE<\/mark><br>La directrice, le directeur d&rsquo;une \u00e9cole maternelle, jouent un r\u00f4le cl\u00e9 dans l&rsquo;accueil des familles et la mise en place d&rsquo;un environnement s\u00e9curisant et stimulant pour les enfants. Lors de ce webinaire, vous d\u00e9couvrirez quelques points essentiels \u00e0 prendre en compte pour une rentr\u00e9e r\u00e9ussie.<\/p>\n","protected":false},"excerpt":{"rendered":"<p>Lors de la derni\u00e8re semaine d&rsquo;ao\u00fbt, des webinaires ont \u00e9t\u00e9 propos\u00e9s aux adh\u00e9rents pour pr\u00e9parer la rentr\u00e9e. Ils ont \u00e9t\u00e9 enregistr\u00e9s et enrichiront le site r\u00e9serv\u00e9 aux abonn\u00e9s. Pensez \u00e0 &hellip; <a href=\"https:\/\/ageem21.fr\/?p=2114\" class=\"more-link\">Continuer la lecture de <span class=\"screen-reader-text\">Webinaires de l&rsquo;AGEEM National<\/span>  <span class=\"meta-nav\">&rarr;<\/span><\/a><\/p>\n","protected":false},"author":3,"featured_media":0,"comment_status":"closed","ping_status":"closed","sticky":false,"template":"","format":"standard","meta":{"footnotes":""},"categories":[95],"tags":[60,84],"class_list":["post-2114","post","type-post","status-publish","format-standard","hentry","category-webinaires","tag-formaction","tag-webinaire"],"_links":{"self":[{"href":"https:\/\/ageem21.fr\/index.php?rest_route=\/wp\/v2\/posts\/2114","targetHints":{"allow":["GET"]}}],"collection":[{"href":"https:\/\/ageem21.fr\/index.php?rest_route=\/wp\/v2\/posts"}],"about":[{"href":"https:\/\/ageem21.fr\/index.php?rest_route=\/wp\/v2\/types\/post"}],"author":[{"embeddable":true,"href":"https:\/\/ageem21.fr\/index.php?rest_route=\/wp\/v2\/users\/3"}],"replies":[{"embeddable":true,"href":"https:\/\/ageem21.fr\/index.php?rest_route=%2Fwp%2Fv2%2Fcomments&post=2114"}],"version-history":[{"count":4,"href":"https:\/\/ageem21.fr\/index.php?rest_route=\/wp\/v2\/posts\/2114\/revisions"}],"predecessor-version":[{"id":2420,"href":"https:\/\/ageem21.fr\/index.php?rest_route=\/wp\/v2\/posts\/2114\/revisions\/2420"}],"wp:attachment":[{"href":"https:\/\/ageem21.fr\/index.php?rest_route=%2Fwp%2Fv2%2Fmedia&parent=2114"}],"wp:term":[{"taxonomy":"category","embeddable":true,"href":"https:\/\/ageem21.fr\/index.php?rest_route=%2Fwp%2Fv2%2Fcategories&post=2114"},{"taxonomy":"post_tag","embeddable":true,"href":"https:\/\/ageem21.fr\/index.php?rest_route=%2Fwp%2Fv2%2Ftags&post=2114"}],"curies":[{"name":"wp","href":"https:\/\/api.w.org\/{rel}","templated":true}]}}