{"id":2000,"date":"2024-01-27T15:01:48","date_gmt":"2024-01-27T14:01:48","guid":{"rendered":"http:\/\/ageem21.fr\/?p=2000"},"modified":"2024-01-27T15:01:49","modified_gmt":"2024-01-27T14:01:49","slug":"retour-sur-notre-rencontre-du-24-01","status":"publish","type":"post","link":"https:\/\/ageem21.fr\/?p=2000","title":{"rendered":"Retour sur notre rencontre du 24\/01"},"content":{"rendered":"\n<h2 class=\"wp-block-heading\"><mark style=\"background-color:rgba(0, 0, 0, 0)\" class=\"has-inline-color has-green-color\">\u00ab\u00a0D&rsquo;une classe \u00e0 l&rsquo;autre\u00a0\u00bb <br>\u00e0 Puligny-Montrachet<br>Outils num\u00e9riques et langage<\/mark><\/h2>\n\n\n\n<div class=\"wp-block-media-text is-stacked-on-mobile\" style=\"grid-template-columns:52% auto\"><figure class=\"wp-block-media-text__media\"><img loading=\"lazy\" decoding=\"async\" width=\"1024\" height=\"472\" src=\"https:\/\/ageem21.fr\/wp-content\/uploads\/2024\/01\/20240124_145705-1024x472.jpg\" alt=\"\" class=\"wp-image-2002 size-full\" srcset=\"https:\/\/ageem21.fr\/wp-content\/uploads\/2024\/01\/20240124_145705-1024x472.jpg 1024w, https:\/\/ageem21.fr\/wp-content\/uploads\/2024\/01\/20240124_145705-300x138.jpg 300w, https:\/\/ageem21.fr\/wp-content\/uploads\/2024\/01\/20240124_145705-768x354.jpg 768w, https:\/\/ageem21.fr\/wp-content\/uploads\/2024\/01\/20240124_145705-600x277.jpg 600w, https:\/\/ageem21.fr\/wp-content\/uploads\/2024\/01\/20240124_145705-1536x709.jpg 1536w, https:\/\/ageem21.fr\/wp-content\/uploads\/2024\/01\/20240124_145705-2048x945.jpg 2048w\" sizes=\"auto, (max-width: 1024px) 100vw, 1024px\" \/><\/figure><div class=\"wp-block-media-text__content\">\n<p> Merci \u00e0 notre coll\u00e8gue de nous avoir accueillis et d&rsquo;avoir partag\u00e9 ses exp\u00e9riences avec le mat\u00e9riel de la mallette DSDEN 21 \u00ab\u00a0Langage oral et num\u00e9rique \u00e0 l&rsquo;\u00e9cole maternelle\u00a0\u00bb.<\/p>\n<\/div><\/div>\n\n\n\n<p>Apr\u00e8s un temps d&rsquo;accueil et de pr\u00e9sentation, nous avons \u00e9chang\u00e9 sur les outils num\u00e9riques que nous utilisions. Notre coll\u00e8gue nous a ensuite pr\u00e9sent\u00e9 les quatre outils qu&rsquo;elle a eu le temps d&rsquo;exp\u00e9rimenter dans le cadre des trois semaines de pr\u00eat de la mallette par la DSDEN.  <\/p>\n\n\n\n<figure class=\"wp-block-image size-large\"><a href=\"https:\/\/ageem21.fr\/wp-content\/uploads\/2024\/01\/IMG-20240127-WA0002b.jpg\" data-rel=\"lightbox-gallery-YRsjeFQJ\" data-rl_title=\"\" data-rl_caption=\"\" title=\"\"><img loading=\"lazy\" decoding=\"async\" width=\"1024\" height=\"768\" src=\"https:\/\/ageem21.fr\/wp-content\/uploads\/2024\/01\/IMG-20240127-WA0002b-1024x768.jpg\" alt=\"\" class=\"wp-image-2003\" srcset=\"https:\/\/ageem21.fr\/wp-content\/uploads\/2024\/01\/IMG-20240127-WA0002b-1024x768.jpg 1024w, https:\/\/ageem21.fr\/wp-content\/uploads\/2024\/01\/IMG-20240127-WA0002b-300x225.jpg 300w, https:\/\/ageem21.fr\/wp-content\/uploads\/2024\/01\/IMG-20240127-WA0002b-768x576.jpg 768w, https:\/\/ageem21.fr\/wp-content\/uploads\/2024\/01\/IMG-20240127-WA0002b-600x450.jpg 600w, https:\/\/ageem21.fr\/wp-content\/uploads\/2024\/01\/IMG-20240127-WA0002b-1536x1152.jpg 1536w, https:\/\/ageem21.fr\/wp-content\/uploads\/2024\/01\/IMG-20240127-WA0002b.jpg 2048w\" sizes=\"auto, (max-width: 1024px) 100vw, 1024px\" \/><\/a><\/figure>\n\n\n\n<h3 class=\"wp-block-heading\"><mark style=\"background-color:rgba(0, 0, 0, 0)\" class=\"has-inline-color has-green-color\">Le tableau bavard<\/mark><\/h3>\n\n\n\n<p>Cet outil permet d&rsquo;enregistrer 10 secondes sous chaque bouton. Il s&rsquo;agit d&rsquo;une grille de boutons avec un emplacement d&rsquo;un feuillet \u00e0 personnaliser. Notre coll\u00e8gue l&rsquo;a pr\u00e9sent\u00e9 \u00e0 ses \u00e9l\u00e8ves et ils ont reconstruit le quadrillage avec des bouchons et des bandes de papier. Elle avait pr\u00e9par\u00e9 une activit\u00e9 de questions\/r\u00e9ponses o\u00f9 l&rsquo;utilisation par ligne avait son importance. <\/p>\n\n\n\n<figure class=\"wp-block-image size-large\"><a href=\"https:\/\/ageem21.fr\/wp-content\/uploads\/2024\/01\/01.jpg\" data-rel=\"lightbox-gallery-YRsjeFQJ\" data-rl_title=\"\" data-rl_caption=\"\" title=\"\"><img loading=\"lazy\" decoding=\"async\" width=\"751\" height=\"1024\" src=\"https:\/\/ageem21.fr\/wp-content\/uploads\/2024\/01\/01-751x1024.jpg\" alt=\"\" class=\"wp-image-2004\" srcset=\"https:\/\/ageem21.fr\/wp-content\/uploads\/2024\/01\/01-751x1024.jpg 751w, https:\/\/ageem21.fr\/wp-content\/uploads\/2024\/01\/01-220x300.jpg 220w, https:\/\/ageem21.fr\/wp-content\/uploads\/2024\/01\/01-768x1047.jpg 768w, https:\/\/ageem21.fr\/wp-content\/uploads\/2024\/01\/01-600x818.jpg 600w, https:\/\/ageem21.fr\/wp-content\/uploads\/2024\/01\/01-1126x1536.jpg 1126w, https:\/\/ageem21.fr\/wp-content\/uploads\/2024\/01\/01-1502x2048.jpg 1502w, https:\/\/ageem21.fr\/wp-content\/uploads\/2024\/01\/01.jpg 1843w\" sizes=\"auto, (max-width: 751px) 100vw, 751px\" \/><\/a><\/figure>\n\n\n\n<div data-wp-interactive=\"core\/file\" class=\"wp-block-file\"><object data-wp-bind--hidden=\"!state.hasPdfPreview\" hidden class=\"wp-block-file__embed\" data=\"https:\/\/ageem21.fr\/wp-content\/uploads\/2024\/01\/TB-Fruit-et-fruitier.pdf\" type=\"application\/pdf\" style=\"width:100%;height:220px\" aria-label=\"Contenu embarqu\u00e9 TB-Fruit-et-fruitier.\"><\/object><a id=\"wp-block-file--media-f22b3a13-7c4d-409e-802d-d9c70b0af035\" href=\"https:\/\/ageem21.fr\/wp-content\/uploads\/2024\/01\/TB-Fruit-et-fruitier.pdf\">TB-Fruit-et-fruitier<\/a><a href=\"https:\/\/ageem21.fr\/wp-content\/uploads\/2024\/01\/TB-Fruit-et-fruitier.pdf\" class=\"wp-block-file__button wp-element-button\" download aria-describedby=\"wp-block-file--media-f22b3a13-7c4d-409e-802d-d9c70b0af035\">T\u00e9l\u00e9charger<\/a><\/div>\n\n\n\n<h3 class=\"wp-block-heading\"><mark style=\"background-color:rgba(0, 0, 0, 0)\" class=\"has-inline-color has-green-color\">Le mur sonore<\/mark><\/h3>\n\n\n\n<p>Cet outil permet d&rsquo;enregistrer 30 secondes sous chaque bouton. Notre coll\u00e8gue l&rsquo;a utilis\u00e9 pour aider \u00e0 la m\u00e9morisation d&rsquo;une comptine. Les enfants appuient sur les images pour entendre les mots de la comptine qu&rsquo;ils ont du mal \u00e0 m\u00e9moriser puis ils appuient sur l&rsquo;oreille pour \u00e9couter le mod\u00e8le de la ma\u00eetresse et enfin sur la bouche pour essayer \u00e0 leur tour.<br>Le bas du mur a \u00e9t\u00e9 install\u00e9 avec un \u00e9l\u00e8ve en rem\u00e9diation pour l&rsquo;aider \u00e0 m\u00e9moriser les petits des animaux.<\/p>\n\n\n\n<figure class=\"wp-block-image size-large is-resized\"><a href=\"https:\/\/ageem21.fr\/wp-content\/uploads\/2024\/01\/02-scaled.jpg\" data-rel=\"lightbox-gallery-YRsjeFQJ\" data-rl_title=\"\" data-rl_caption=\"\" title=\"\"><img loading=\"lazy\" decoding=\"async\" width=\"715\" height=\"1024\" src=\"https:\/\/ageem21.fr\/wp-content\/uploads\/2024\/01\/02-715x1024.jpg\" alt=\"\" class=\"wp-image-2010\" style=\"aspect-ratio:0.6982421875;width:667px;height:auto\" srcset=\"https:\/\/ageem21.fr\/wp-content\/uploads\/2024\/01\/02-715x1024.jpg 715w, https:\/\/ageem21.fr\/wp-content\/uploads\/2024\/01\/02-210x300.jpg 210w, https:\/\/ageem21.fr\/wp-content\/uploads\/2024\/01\/02-768x1100.jpg 768w, https:\/\/ageem21.fr\/wp-content\/uploads\/2024\/01\/02-600x859.jpg 600w, https:\/\/ageem21.fr\/wp-content\/uploads\/2024\/01\/02-1073x1536.jpg 1073w, https:\/\/ageem21.fr\/wp-content\/uploads\/2024\/01\/02-1430x2048.jpg 1430w, https:\/\/ageem21.fr\/wp-content\/uploads\/2024\/01\/02-scaled.jpg 1788w\" sizes=\"auto, (max-width: 715px) 100vw, 715px\" \/><\/a><\/figure>\n\n\n\n<h3 class=\"wp-block-heading\"><mark style=\"background-color:rgba(0, 0, 0, 0)\" class=\"has-inline-color has-green-color\">Les big points d&rsquo;ext\u00e9rieur<\/mark><\/h3>\n\n\n\n<p>Ils permettent 30 secondes d&rsquo;enregistrement chacun. Ils peuvent \u00eatre utilis\u00e9s en ext\u00e9rieur. Notre coll\u00e8gue a propos\u00e9 un jeu de balises avec un code couleur et du mat\u00e9riel associ\u00e9. (prendre le collier avec le bon nombre de perles, en cacher le nombre demand\u00e9 et \u00e9crire le nombre de perles restantes)<\/p>\n\n\n\n<figure class=\"wp-block-image size-large\"><a href=\"https:\/\/ageem21.fr\/wp-content\/uploads\/2024\/01\/03-scaled.jpg\" data-rel=\"lightbox-gallery-YRsjeFQJ\" data-rl_title=\"\" data-rl_caption=\"\" title=\"\"><img loading=\"lazy\" decoding=\"async\" width=\"1024\" height=\"472\" src=\"https:\/\/ageem21.fr\/wp-content\/uploads\/2024\/01\/03-1024x472.jpg\" alt=\"\" class=\"wp-image-2012\" srcset=\"https:\/\/ageem21.fr\/wp-content\/uploads\/2024\/01\/03-1024x472.jpg 1024w, https:\/\/ageem21.fr\/wp-content\/uploads\/2024\/01\/03-300x138.jpg 300w, https:\/\/ageem21.fr\/wp-content\/uploads\/2024\/01\/03-768x354.jpg 768w, https:\/\/ageem21.fr\/wp-content\/uploads\/2024\/01\/03-600x277.jpg 600w, https:\/\/ageem21.fr\/wp-content\/uploads\/2024\/01\/03-1536x709.jpg 1536w, https:\/\/ageem21.fr\/wp-content\/uploads\/2024\/01\/03-2048x945.jpg 2048w\" sizes=\"auto, (max-width: 1024px) 100vw, 1024px\" \/><\/a><\/figure>\n\n\n\n<h3 class=\"wp-block-heading\"><mark style=\"background-color:rgba(0, 0, 0, 0)\" class=\"has-inline-color has-green-color\">L&rsquo;album photo parlant<\/mark><\/h3>\n\n\n\n<p>Il s&rsquo;agit d&rsquo;un album de pochettes avec enregistrement possible pour chaque page. Notre coll\u00e8gue l&rsquo;a utilis\u00e9 pour les \u00e9tapes du lavage des mains et d&rsquo;une recette.<\/p>\n\n\n\n<figure class=\"wp-block-image size-full\"><a href=\"https:\/\/ageem21.fr\/wp-content\/uploads\/2024\/01\/06.jpg\" data-rel=\"lightbox-gallery-YRsjeFQJ\" data-rl_title=\"\" data-rl_caption=\"\" title=\"\"><img loading=\"lazy\" decoding=\"async\" width=\"772\" height=\"664\" src=\"https:\/\/ageem21.fr\/wp-content\/uploads\/2024\/01\/06.jpg\" alt=\"\" class=\"wp-image-2017\" srcset=\"https:\/\/ageem21.fr\/wp-content\/uploads\/2024\/01\/06.jpg 772w, https:\/\/ageem21.fr\/wp-content\/uploads\/2024\/01\/06-300x258.jpg 300w, https:\/\/ageem21.fr\/wp-content\/uploads\/2024\/01\/06-768x661.jpg 768w, https:\/\/ageem21.fr\/wp-content\/uploads\/2024\/01\/06-600x516.jpg 600w\" sizes=\"auto, (max-width: 772px) 100vw, 772px\" \/><\/a><\/figure>\n\n\n\n<h3 class=\"wp-block-heading\"><mark style=\"background-color:rgba(0, 0, 0, 0)\" class=\"has-inline-color has-green-color\">Les autres outils de la mallette<\/mark><\/h3>\n\n\n\n<p>Une adh\u00e9rente pr\u00e9sente, enseignante r\u00e9f\u00e9rente aux usages du num\u00e9rique, et d&rsquo;autres coll\u00e8gues qui les utilisaient en classe ont compl\u00e9t\u00e9 les \u00e9changes en expliquant le fonctionnement des autres outils de la mallette: micro-enregistreur, Tellimero,  Bookinou, Conteuse merveilleuse, Ma fabrique \u00e0 histoires, t\u00e9l\u00e9phone flexible, c\u00e2ble muti-casques. <\/p>\n\n\n\n<figure class=\"wp-block-gallery has-nested-images columns-default is-cropped wp-block-gallery-1 is-layout-flex wp-block-gallery-is-layout-flex\">\n<figure class=\"wp-block-image size-large\"><a href=\"https:\/\/ageem21.fr\/wp-content\/uploads\/2024\/01\/IMG-20240104-WA0014.jpg\" data-rel=\"lightbox-gallery-YRsjeFQJ\" data-rl_title=\"\" data-rl_caption=\"\" title=\"\"><img loading=\"lazy\" decoding=\"async\" width=\"1024\" height=\"768\" data-id=\"1969\" src=\"https:\/\/ageem21.fr\/wp-content\/uploads\/2024\/01\/IMG-20240104-WA0014-1024x768.jpg\" alt=\"\" class=\"wp-image-1969\" srcset=\"https:\/\/ageem21.fr\/wp-content\/uploads\/2024\/01\/IMG-20240104-WA0014-1024x768.jpg 1024w, https:\/\/ageem21.fr\/wp-content\/uploads\/2024\/01\/IMG-20240104-WA0014-300x225.jpg 300w, https:\/\/ageem21.fr\/wp-content\/uploads\/2024\/01\/IMG-20240104-WA0014-768x576.jpg 768w, https:\/\/ageem21.fr\/wp-content\/uploads\/2024\/01\/IMG-20240104-WA0014-600x450.jpg 600w, https:\/\/ageem21.fr\/wp-content\/uploads\/2024\/01\/IMG-20240104-WA0014-1536x1152.jpg 1536w, https:\/\/ageem21.fr\/wp-content\/uploads\/2024\/01\/IMG-20240104-WA0014.jpg 2048w\" sizes=\"auto, (max-width: 1024px) 100vw, 1024px\" \/><\/a><\/figure>\n\n\n\n<figure class=\"wp-block-image size-large\"><a href=\"https:\/\/ageem21.fr\/wp-content\/uploads\/2024\/01\/20240124_161329.jpg\" data-rel=\"lightbox-gallery-YRsjeFQJ\" data-rl_title=\"\" data-rl_caption=\"\" title=\"\"><img loading=\"lazy\" decoding=\"async\" width=\"1024\" height=\"809\" data-id=\"2018\" src=\"https:\/\/ageem21.fr\/wp-content\/uploads\/2024\/01\/20240124_161329-1024x809.jpg\" alt=\"\" class=\"wp-image-2018\" srcset=\"https:\/\/ageem21.fr\/wp-content\/uploads\/2024\/01\/20240124_161329-1024x809.jpg 1024w, https:\/\/ageem21.fr\/wp-content\/uploads\/2024\/01\/20240124_161329-300x237.jpg 300w, https:\/\/ageem21.fr\/wp-content\/uploads\/2024\/01\/20240124_161329-768x607.jpg 768w, https:\/\/ageem21.fr\/wp-content\/uploads\/2024\/01\/20240124_161329-600x474.jpg 600w, https:\/\/ageem21.fr\/wp-content\/uploads\/2024\/01\/20240124_161329-1536x1214.jpg 1536w, https:\/\/ageem21.fr\/wp-content\/uploads\/2024\/01\/20240124_161329-2048x1619.jpg 2048w\" sizes=\"auto, (max-width: 1024px) 100vw, 1024px\" \/><\/a><\/figure>\n\n\n\n<figure class=\"wp-block-image size-large\"><a href=\"https:\/\/ageem21.fr\/wp-content\/uploads\/2024\/01\/IMG-20240104-WA0009.jpg\" data-rel=\"lightbox-gallery-YRsjeFQJ\" data-rl_title=\"\" data-rl_caption=\"\" title=\"\"><img loading=\"lazy\" decoding=\"async\" width=\"889\" height=\"1024\" data-id=\"1966\" src=\"https:\/\/ageem21.fr\/wp-content\/uploads\/2024\/01\/IMG-20240104-WA0009-889x1024.jpg\" alt=\"\" class=\"wp-image-1966\" srcset=\"https:\/\/ageem21.fr\/wp-content\/uploads\/2024\/01\/IMG-20240104-WA0009-889x1024.jpg 889w, https:\/\/ageem21.fr\/wp-content\/uploads\/2024\/01\/IMG-20240104-WA0009-260x300.jpg 260w, https:\/\/ageem21.fr\/wp-content\/uploads\/2024\/01\/IMG-20240104-WA0009-768x885.jpg 768w, https:\/\/ageem21.fr\/wp-content\/uploads\/2024\/01\/IMG-20240104-WA0009-600x691.jpg 600w, https:\/\/ageem21.fr\/wp-content\/uploads\/2024\/01\/IMG-20240104-WA0009-1334x1536.jpg 1334w, https:\/\/ageem21.fr\/wp-content\/uploads\/2024\/01\/IMG-20240104-WA0009.jpg 1778w\" sizes=\"auto, (max-width: 889px) 100vw, 889px\" \/><\/a><\/figure>\n\n\n\n<figure class=\"wp-block-image size-large\"><a href=\"https:\/\/ageem21.fr\/wp-content\/uploads\/2024\/01\/04.jpg\" data-rel=\"lightbox-gallery-YRsjeFQJ\" data-rl_title=\"\" data-rl_caption=\"\" title=\"\"><img loading=\"lazy\" decoding=\"async\" width=\"389\" height=\"1024\" data-id=\"2014\" src=\"https:\/\/ageem21.fr\/wp-content\/uploads\/2024\/01\/04-389x1024.jpg\" alt=\"\" class=\"wp-image-2014\" srcset=\"https:\/\/ageem21.fr\/wp-content\/uploads\/2024\/01\/04-389x1024.jpg 389w, https:\/\/ageem21.fr\/wp-content\/uploads\/2024\/01\/04-114x300.jpg 114w, https:\/\/ageem21.fr\/wp-content\/uploads\/2024\/01\/04.jpg 445w\" sizes=\"auto, (max-width: 389px) 100vw, 389px\" \/><\/a><\/figure>\n\n\n\n<figure class=\"wp-block-image size-large\"><a href=\"https:\/\/ageem21.fr\/wp-content\/uploads\/2024\/01\/05.jpg\" data-rel=\"lightbox-gallery-YRsjeFQJ\" data-rl_title=\"\" data-rl_caption=\"\" title=\"\"><img loading=\"lazy\" decoding=\"async\" width=\"1024\" height=\"638\" data-id=\"2015\" src=\"https:\/\/ageem21.fr\/wp-content\/uploads\/2024\/01\/05-1024x638.jpg\" alt=\"\" class=\"wp-image-2015\" srcset=\"https:\/\/ageem21.fr\/wp-content\/uploads\/2024\/01\/05-1024x638.jpg 1024w, https:\/\/ageem21.fr\/wp-content\/uploads\/2024\/01\/05-300x187.jpg 300w, https:\/\/ageem21.fr\/wp-content\/uploads\/2024\/01\/05-768x479.jpg 768w, https:\/\/ageem21.fr\/wp-content\/uploads\/2024\/01\/05-600x374.jpg 600w, https:\/\/ageem21.fr\/wp-content\/uploads\/2024\/01\/05.jpg 1104w\" sizes=\"auto, (max-width: 1024px) 100vw, 1024px\" \/><\/a><\/figure>\n<\/figure>\n\n\n\n<p>Si, \u00e0 votre tour, vous souhaitez organiser un temps d\u2019\u00e9changes entre pairs dans votre \u00e9cole, contactez-nous <a href=\"mailto:ageem21@gmail.com\">ageem21@gmail.com<\/a><\/p>\n","protected":false},"excerpt":{"rendered":"<p>\u00ab\u00a0D&rsquo;une classe \u00e0 l&rsquo;autre\u00a0\u00bb \u00e0 Puligny-MontrachetOutils num\u00e9riques et langage Merci \u00e0 notre coll\u00e8gue de nous avoir accueillis et d&rsquo;avoir partag\u00e9 ses exp\u00e9riences avec le mat\u00e9riel de la mallette DSDEN 21 &hellip; <a href=\"https:\/\/ageem21.fr\/?p=2000\" class=\"more-link\">Continuer la lecture de <span class=\"screen-reader-text\">Retour sur notre rencontre du 24\/01<\/span>  <span class=\"meta-nav\">&rarr;<\/span><\/a><\/p>\n","protected":false},"author":3,"featured_media":1962,"comment_status":"closed","ping_status":"closed","sticky":false,"template":"","format":"standard","meta":{"footnotes":""},"categories":[54],"tags":[74,75,60],"class_list":["post-2000","post","type-post","status-publish","format-standard","has-post-thumbnail","hentry","category-les-rendez-vous-de-lannee","tag-dune-classe-a-lautre","tag-echanges-de-pratiques","tag-formaction"],"_links":{"self":[{"href":"https:\/\/ageem21.fr\/index.php?rest_route=\/wp\/v2\/posts\/2000","targetHints":{"allow":["GET"]}}],"collection":[{"href":"https:\/\/ageem21.fr\/index.php?rest_route=\/wp\/v2\/posts"}],"about":[{"href":"https:\/\/ageem21.fr\/index.php?rest_route=\/wp\/v2\/types\/post"}],"author":[{"embeddable":true,"href":"https:\/\/ageem21.fr\/index.php?rest_route=\/wp\/v2\/users\/3"}],"replies":[{"embeddable":true,"href":"https:\/\/ageem21.fr\/index.php?rest_route=%2Fwp%2Fv2%2Fcomments&post=2000"}],"version-history":[{"count":8,"href":"https:\/\/ageem21.fr\/index.php?rest_route=\/wp\/v2\/posts\/2000\/revisions"}],"predecessor-version":[{"id":2020,"href":"https:\/\/ageem21.fr\/index.php?rest_route=\/wp\/v2\/posts\/2000\/revisions\/2020"}],"wp:featuredmedia":[{"embeddable":true,"href":"https:\/\/ageem21.fr\/index.php?rest_route=\/wp\/v2\/media\/1962"}],"wp:attachment":[{"href":"https:\/\/ageem21.fr\/index.php?rest_route=%2Fwp%2Fv2%2Fmedia&parent=2000"}],"wp:term":[{"taxonomy":"category","embeddable":true,"href":"https:\/\/ageem21.fr\/index.php?rest_route=%2Fwp%2Fv2%2Fcategories&post=2000"},{"taxonomy":"post_tag","embeddable":true,"href":"https:\/\/ageem21.fr\/index.php?rest_route=%2Fwp%2Fv2%2Ftags&post=2000"}],"curies":[{"name":"wp","href":"https:\/\/api.w.org\/{rel}","templated":true}]}}