{"id":1695,"date":"2023-11-19T18:59:14","date_gmt":"2023-11-19T17:59:14","guid":{"rendered":"http:\/\/ageem21.fr\/?p=1695"},"modified":"2023-11-19T18:59:15","modified_gmt":"2023-11-19T17:59:15","slug":"assemblee-generale-du-15-11-23","status":"publish","type":"post","link":"https:\/\/ageem21.fr\/?p=1695","title":{"rendered":"Assembl\u00e9e g\u00e9n\u00e9rale du 15\/11\/23"},"content":{"rendered":"\n<p>Une vingtaine d&rsquo;adh\u00e9rents se sont retrouv\u00e9s lors de notre assembl\u00e9e g\u00e9n\u00e9rale. <br>Un temps fort de notre section: se retrouver, \u00e9changer, faire un retour sur les actions engag\u00e9es au national et local, faire le compte-rendu financier, annoncer les actions pr\u00e9vues, \u00e9lire des membres du CA, raconter le denier congr\u00e8s. <\/p>\n\n\n\n<figure class=\"wp-block-image size-large\"><a href=\"https:\/\/ageem21.fr\/wp-content\/uploads\/2023\/11\/Photo-de-Virginie-Cadart-Declas19-1.jpg\" data-rel=\"lightbox-gallery-yziLdavo\" data-rl_title=\"\" data-rl_caption=\"\" title=\"\"><img loading=\"lazy\" decoding=\"async\" width=\"1024\" height=\"472\" src=\"https:\/\/ageem21.fr\/wp-content\/uploads\/2023\/11\/Photo-de-Virginie-Cadart-Declas19-1-1024x472.jpg\" alt=\"\" class=\"wp-image-1698\" srcset=\"https:\/\/ageem21.fr\/wp-content\/uploads\/2023\/11\/Photo-de-Virginie-Cadart-Declas19-1-1024x472.jpg 1024w, https:\/\/ageem21.fr\/wp-content\/uploads\/2023\/11\/Photo-de-Virginie-Cadart-Declas19-1-300x138.jpg 300w, https:\/\/ageem21.fr\/wp-content\/uploads\/2023\/11\/Photo-de-Virginie-Cadart-Declas19-1-768x354.jpg 768w, https:\/\/ageem21.fr\/wp-content\/uploads\/2023\/11\/Photo-de-Virginie-Cadart-Declas19-1-600x277.jpg 600w, https:\/\/ageem21.fr\/wp-content\/uploads\/2023\/11\/Photo-de-Virginie-Cadart-Declas19-1-1536x708.jpg 1536w, https:\/\/ageem21.fr\/wp-content\/uploads\/2023\/11\/Photo-de-Virginie-Cadart-Declas19-1.jpg 1600w\" sizes=\"auto, (max-width: 1024px) 100vw, 1024px\" \/><\/a><\/figure>\n\n\n\n<div class=\"wp-block-media-text is-stacked-on-mobile\"><figure class=\"wp-block-media-text__media\"><img loading=\"lazy\" decoding=\"async\" width=\"735\" height=\"729\" src=\"https:\/\/ageem21.fr\/wp-content\/uploads\/2023\/11\/Photo-de-Virginie-Cadart-Declas21-1.jpg\" alt=\"\" class=\"wp-image-1700 size-full\" srcset=\"https:\/\/ageem21.fr\/wp-content\/uploads\/2023\/11\/Photo-de-Virginie-Cadart-Declas21-1.jpg 735w, https:\/\/ageem21.fr\/wp-content\/uploads\/2023\/11\/Photo-de-Virginie-Cadart-Declas21-1-300x298.jpg 300w, https:\/\/ageem21.fr\/wp-content\/uploads\/2023\/11\/Photo-de-Virginie-Cadart-Declas21-1-150x150.jpg 150w, https:\/\/ageem21.fr\/wp-content\/uploads\/2023\/11\/Photo-de-Virginie-Cadart-Declas21-1-600x595.jpg 600w\" sizes=\"auto, (max-width: 735px) 100vw, 735px\" \/><\/figure><div class=\"wp-block-media-text__content\">\n<p>Le conseil d&rsquo;administration a ensuite remerci\u00e9 Muriel Blandin-Jobard, jeune retrait\u00e9e, engag\u00e9e depuis de longues ann\u00e9es \u00e0 l&rsquo;AGEEM. Elle a \u00e9t\u00e9 notre repr\u00e9sentante acad\u00e9mique et est d\u00e9sormais charg\u00e9e de mission aupr\u00e8s du bureau national. <\/p>\n<\/div><\/div>\n","protected":false},"excerpt":{"rendered":"<p>Une vingtaine d&rsquo;adh\u00e9rents se sont retrouv\u00e9s lors de notre assembl\u00e9e g\u00e9n\u00e9rale. Un temps fort de notre section: se retrouver, \u00e9changer, faire un retour sur les actions engag\u00e9es au national et &hellip; <a href=\"https:\/\/ageem21.fr\/?p=1695\" class=\"more-link\">Continuer la lecture de <span class=\"screen-reader-text\">Assembl\u00e9e g\u00e9n\u00e9rale du 15\/11\/23<\/span>  <span class=\"meta-nav\">&rarr;<\/span><\/a><\/p>\n","protected":false},"author":3,"featured_media":0,"comment_status":"closed","ping_status":"closed","sticky":false,"template":"","format":"standard","meta":{"footnotes":""},"categories":[3],"tags":[66],"class_list":["post-1695","post","type-post","status-publish","format-standard","hentry","category-la-section-21","tag-assemblee-generale"],"_links":{"self":[{"href":"https:\/\/ageem21.fr\/index.php?rest_route=\/wp\/v2\/posts\/1695","targetHints":{"allow":["GET"]}}],"collection":[{"href":"https:\/\/ageem21.fr\/index.php?rest_route=\/wp\/v2\/posts"}],"about":[{"href":"https:\/\/ageem21.fr\/index.php?rest_route=\/wp\/v2\/types\/post"}],"author":[{"embeddable":true,"href":"https:\/\/ageem21.fr\/index.php?rest_route=\/wp\/v2\/users\/3"}],"replies":[{"embeddable":true,"href":"https:\/\/ageem21.fr\/index.php?rest_route=%2Fwp%2Fv2%2Fcomments&post=1695"}],"version-history":[{"count":2,"href":"https:\/\/ageem21.fr\/index.php?rest_route=\/wp\/v2\/posts\/1695\/revisions"}],"predecessor-version":[{"id":1702,"href":"https:\/\/ageem21.fr\/index.php?rest_route=\/wp\/v2\/posts\/1695\/revisions\/1702"}],"wp:attachment":[{"href":"https:\/\/ageem21.fr\/index.php?rest_route=%2Fwp%2Fv2%2Fmedia&parent=1695"}],"wp:term":[{"taxonomy":"category","embeddable":true,"href":"https:\/\/ageem21.fr\/index.php?rest_route=%2Fwp%2Fv2%2Fcategories&post=1695"},{"taxonomy":"post_tag","embeddable":true,"href":"https:\/\/ageem21.fr\/index.php?rest_route=%2Fwp%2Fv2%2Ftags&post=1695"}],"curies":[{"name":"wp","href":"https:\/\/api.w.org\/{rel}","templated":true}]}}