{"id":156,"date":"2015-06-04T21:48:44","date_gmt":"2015-06-04T19:48:44","guid":{"rendered":"http:\/\/ageem21.fr\/?p=156"},"modified":"2015-06-05T21:38:46","modified_gmt":"2015-06-05T19:38:46","slug":"article-de-la-gazette-dijon-20-mai-2015","status":"publish","type":"post","link":"https:\/\/ageem21.fr\/?p=156","title":{"rendered":"Article de \u00ab\u00a0La Gazette\u00a0\u00bb &#8211; Dijon &#8211; 20 mai 2015"},"content":{"rendered":"<h1 class=\"cat-15 post-title\">DIJON VA ACCUEILLIR UN CONGR\u00c8S NATIONAL D\u2019ENSEIGNANTS DE MATERNELLES<\/h1>\n<div class=\"date\">mercredi 20 mai 2015 \u00e0 13:05 | Par <a href=\"http:\/\/www.gazetteinfo.fr\/\" target=\"_blank\">Ga\u00eblle Jouanne (GazetteInfo.fr<\/a>)<\/div>\n<div class=\"date\"><\/div>\n<div class=\"date\">\n<p style=\"text-align: justify;\"><strong>C\u2019est \u00e0\u00a0Dijon que va se tenir du 3 au 5\u00a0juillet 2016 le 89e congr\u00e8s national de l\u2019Association g\u00e9n\u00e9rale des enseignants des \u00e9coles et classes maternelles publiques (<a href=\"http:\/\/ageem.fr\/\" target=\"_blank\">Ageem<\/a>). Un \u00e9v\u00e9nement consid\u00e9rable -un millier de professeurs sont attendus- qui est officiellement lanc\u00e9 ce mercredi soir.\u00a0Interview de\u00a0Catherine Pascual, permanente vice-d\u00e9l\u00e9gu\u00e9e de la section de C\u00f4te-d\u2019Or.<\/strong><\/p>\n<p style=\"text-align: justify;\"><strong>GazetteINFO.fr : En quoi est-ce un \u00e9v\u00e9nement pour l\u2019<a href=\"https:\/\/ageem21.fr\/?cat=3\" target=\"_blank\">Ageem de\u00a0C\u00f4te-d\u2019Or<\/a> et pour la ville.<\/strong><\/p>\n<p style=\"text-align: justify;\"><strong>Catherine Pascual<\/strong> : Le congr\u00e8s national repr\u00e9sente\u00a0le temps fort de l\u2019association. Dijon l\u2019accueille une fois tous les 30 ans environ !\u00a0C\u2019est une occasion unique d\u2019engager les \u00e9quipes enseignantes et les \u00e9l\u00e8ves des \u00e9coles maternelles, de mettre en lumi\u00e8re\u00a0ce qui se passe dans les classes dijonnaises et de la C\u00f4te-d\u2019Or. Et pour la ville, imaginez les retomb\u00e9es \u00e9conomiques li\u00e9es \u00e0 la pr\u00e9sence trois jours d\u2019un millier de congressistes.<\/p>\n<p style=\"text-align: justify;\"><strong>Le th\u00e8me est\u00a0\u00ab\u00a0L\u2019estime de soi chez l\u2019enfant et l\u2019enseignant\u00a0\u00bb. Pourquoi ce choix ?<\/strong><\/p>\n<p style=\"text-align: justify;\">Il recouvre le nouveau programme de la maternelle et de ce fait int\u00e9resse tous les participants. Au-del\u00e0 de cela, c\u2019est un sujet majeur car l\u2019estime de soi permet \u00e0 l\u2019enfant et \u00e0 l\u2019adulte d\u2019\u00eatre dans de bonnes conditions pour apprendre et enseigner. Le petit se rendra compte qu\u2019il est un individu singulier au sein d\u2019un groupe, une mani\u00e8re de travailler sur le vivre-ensemble dans un temps o\u00f9 les valeurs de la R\u00e9publique sont mises \u00e0 mal.<\/p>\n<p style=\"text-align: justify;\"><strong>Que recherchent dans ce congr\u00e8s les enseignants qui y participent ?<\/strong><\/p>\n<p style=\"text-align: justify;\">C\u2019est un lieu d\u2019\u00e9changes et de conf\u00e9rences o\u00f9 professeurs et chercheurs se rencontrent. Un maillage entre terrain et monde de la recherche. Le congr\u00e8s se veut un laboratoire d\u2019id\u00e9es et de r\u00e9flexions. A noter que l\u2019apport th\u00e9orique est r\u00e9el : nous sommes reconnus comme un espace de formation.<\/p>\n<p style=\"text-align: justify;\"><strong>Pourquoi lancer officiellement un congr\u00e8s plus d\u2019an avant qu\u2019il n\u2019ait lieu ?<\/strong><\/p>\n<p style=\"text-align: justify;\">Cet \u00e9v\u00e9nement repr\u00e9sente trois ans de travail. L\u2019an dernier, la section de C\u00f4te-d\u2019Or a communiqu\u00e9 autour de son projet aupr\u00e8s du rectorat, de la mairie et de ses partenaires et \u00e9tabli un dossier de faisabilit\u00e9. Cette ann\u00e9e, nous avons con\u00e7u\u00a0le guide de r\u00e9flexion \u00e0 destination des enseignants pr\u00e9sent\u00e9 ce soir. Il lance toutes les actions de r\u00e9flexions puisqu\u2019il sera diffus\u00e9 nationalement en septembre afin que les classes puissent travailler dessus en 2015-2016.<\/p>\n<\/div>\n<p style=\"text-align: justify;\"><a href=\"http:\/\/www.gazetteinfo.fr\/2015\/05\/20\/maternelles\/\" target=\"_blank\">Article sur le site GazetteInfo.fr<\/a><\/p>\n","protected":false},"excerpt":{"rendered":"<p>DIJON VA ACCUEILLIR UN CONGR\u00c8S NATIONAL D\u2019ENSEIGNANTS DE MATERNELLES mercredi 20 mai 2015 \u00e0 13:05 | Par Ga\u00eblle Jouanne (GazetteInfo.fr) C\u2019est \u00e0\u00a0Dijon que va se tenir du 3 au 5\u00a0juillet &hellip; <a href=\"https:\/\/ageem21.fr\/?p=156\" class=\"more-link\">Continuer la lecture de <span class=\"screen-reader-text\">Article de \u00ab\u00a0La Gazette\u00a0\u00bb &#8211; Dijon &#8211; 20 mai 2015<\/span>  <span class=\"meta-nav\">&rarr;<\/span><\/a><\/p>\n","protected":false},"author":3,"featured_media":0,"comment_status":"closed","ping_status":"closed","sticky":false,"template":"","format":"standard","meta":{"footnotes":""},"categories":[11,8],"tags":[19],"class_list":["post-156","post","type-post","status-publish","format-standard","hentry","category-interviews","category-lancement","tag-articles-et-interviews"],"_links":{"self":[{"href":"https:\/\/ageem21.fr\/index.php?rest_route=\/wp\/v2\/posts\/156","targetHints":{"allow":["GET"]}}],"collection":[{"href":"https:\/\/ageem21.fr\/index.php?rest_route=\/wp\/v2\/posts"}],"about":[{"href":"https:\/\/ageem21.fr\/index.php?rest_route=\/wp\/v2\/types\/post"}],"author":[{"embeddable":true,"href":"https:\/\/ageem21.fr\/index.php?rest_route=\/wp\/v2\/users\/3"}],"replies":[{"embeddable":true,"href":"https:\/\/ageem21.fr\/index.php?rest_route=%2Fwp%2Fv2%2Fcomments&post=156"}],"version-history":[{"count":5,"href":"https:\/\/ageem21.fr\/index.php?rest_route=\/wp\/v2\/posts\/156\/revisions"}],"predecessor-version":[{"id":239,"href":"https:\/\/ageem21.fr\/index.php?rest_route=\/wp\/v2\/posts\/156\/revisions\/239"}],"wp:attachment":[{"href":"https:\/\/ageem21.fr\/index.php?rest_route=%2Fwp%2Fv2%2Fmedia&parent=156"}],"wp:term":[{"taxonomy":"category","embeddable":true,"href":"https:\/\/ageem21.fr\/index.php?rest_route=%2Fwp%2Fv2%2Fcategories&post=156"},{"taxonomy":"post_tag","embeddable":true,"href":"https:\/\/ageem21.fr\/index.php?rest_route=%2Fwp%2Fv2%2Ftags&post=156"}],"curies":[{"name":"wp","href":"https:\/\/api.w.org\/{rel}","templated":true}]}}