{"id":1492,"date":"2021-11-16T10:39:57","date_gmt":"2021-11-16T09:39:57","guid":{"rendered":"http:\/\/ageem21.fr\/?p=1492"},"modified":"2024-01-06T23:25:48","modified_gmt":"2024-01-06T22:25:48","slug":"journee-academique-04-12-2021","status":"publish","type":"post","link":"https:\/\/ageem21.fr\/?p=1492","title":{"rendered":"Journ\u00e9e acad\u00e9mique 04\/12\/2021"},"content":{"rendered":"\n<p>La Journ\u00e9e acad\u00e9mique de l&rsquo;AGEEM ( Association G\u00e9n\u00e9rale des Enseignants des \u00c9coles et des classes Maternelle publiques)&nbsp; se d\u00e9roulera le <strong>samedi 4 d\u00e9cembre 2021<\/strong> \u00e0 l&rsquo;\u00e9cole maternelle des Grands Crus, 23 avenue des Droits de l&rsquo;Homme \u00e0 Chen\u00f4ve :<br><\/p>\n\n\n\n<figure class=\"wp-block-image size-large\"><a href=\"https:\/\/ageem21.fr\/wp-content\/uploads\/2021\/11\/invitation-JAF-AGEEM-2021.jpg\" data-rel=\"lightbox-gallery-QGgZDNKo\" data-rl_title=\"\" data-rl_caption=\"\" title=\"\"><img loading=\"lazy\" decoding=\"async\" width=\"1024\" height=\"483\" src=\"https:\/\/ageem21.fr\/wp-content\/uploads\/2021\/11\/invitation-JAF-AGEEM-2021-1024x483.jpg\" alt=\"\" class=\"wp-image-1493\" srcset=\"https:\/\/ageem21.fr\/wp-content\/uploads\/2021\/11\/invitation-JAF-AGEEM-2021-1024x483.jpg 1024w, https:\/\/ageem21.fr\/wp-content\/uploads\/2021\/11\/invitation-JAF-AGEEM-2021-300x141.jpg 300w, https:\/\/ageem21.fr\/wp-content\/uploads\/2021\/11\/invitation-JAF-AGEEM-2021-768x362.jpg 768w, https:\/\/ageem21.fr\/wp-content\/uploads\/2021\/11\/invitation-JAF-AGEEM-2021-600x283.jpg 600w, https:\/\/ageem21.fr\/wp-content\/uploads\/2021\/11\/invitation-JAF-AGEEM-2021-1536x724.jpg 1536w, https:\/\/ageem21.fr\/wp-content\/uploads\/2021\/11\/invitation-JAF-AGEEM-2021-2048x965.jpg 2048w\" sizes=\"auto, (max-width: 1024px) 100vw, 1024px\" \/><\/a><\/figure>\n\n\n\n<ul class=\"wp-block-list\">\n<li><em><strong>Le matin<\/strong><\/em>, <strong><u>ouvert \u00e0 tous les enseignants de cycle 1<\/u><\/strong>, dans le cadre des animations p\u00e9dagogiques &#8211; 3h &#8211; <em><strong>Pr\u00e9sentiel<\/strong><\/em><\/li>\n<\/ul>\n\n\n\n<p>&nbsp;&nbsp;&nbsp; &nbsp;&nbsp;&nbsp; &nbsp;&nbsp;&nbsp; &nbsp;&nbsp;&nbsp; &#8211; 1\u00e8re partie&nbsp; :&nbsp; <strong>\u00a0\u00bb L&rsquo;EPS au cycle 1&nbsp;: un autre regard sur le corps \u00e0 la maternelle \u00ab\u00a0<\/strong> &#8211; Fabrice Delsahut &#8211; Ma\u00eetre de conf\u00e9rence en STAPS &#8211; Recherche INSPE Paris-Sorbonne &#8211; Membre du conseil scientifique AGEEM&nbsp;&nbsp;&nbsp; &nbsp;&nbsp;&nbsp; &nbsp;&nbsp;&nbsp; &nbsp;&nbsp;&nbsp;<br>               &#8211; 2\u00e8me partie :&nbsp; <strong>\u00a0\u00bb Enseigner ailleurs! Faisons-le ensemble! Collaborons&nbsp;!\u00a0\u00bb<\/strong> : Christine Leroy CPD Maternelle 51 et Marc Gauer, intervenant AGEEM<\/p>\n\n\n\n<ul class=\"wp-block-list\">\n<li><em><strong>L&rsquo;apr\u00e8s-midi<\/strong><\/em>, r\u00e9serv\u00e9 uniquement aux adh\u00e9rents AGEEM &#8211; 3h ( hors temps animation p\u00e9dagogique)<br><br>          &nbsp;&nbsp;&nbsp; &#8211; 1\u00e8re partie :&nbsp; <strong>\u00a0\u00bb Enseigner ailleurs! Faisons-le ensemble! Collaborons&nbsp;!\u00a0\u00bb<\/strong> ( suite) &#8211; <strong>\u00c9changes et pr\u00e9sentation d&rsquo;outils<\/strong><\/li>\n<\/ul>\n\n\n\n<p>&nbsp;&nbsp;&nbsp; &nbsp;&nbsp;&nbsp; &nbsp;&nbsp;&nbsp; &nbsp;&nbsp;&nbsp; &#8211; 2\u00e8me partie&nbsp; : <strong>\u00ab\u00a0Ateliers de pratique et d&rsquo;\u00e9change\u00a0\u00bb<\/strong>&nbsp; pour l&rsquo;\u00c9cole du Dehors.<\/p>\n\n\n\n<p>L&rsquo;inscription, pour des raisons d&rsquo;organisation, de s\u00e9curit\u00e9 et sanitaire est obligatoire. Pour s&rsquo;inscrire&nbsp; :<\/p>\n\n\n\n<ul class=\"wp-block-list\">\n<li>au temps du matin :<br>          &#8211; sur le site : <a href=\"https:\/\/ageem.assoconnect.com\/collect\/description\/204614-p-oser-l-ecole-dehors-le-corps-d-abord-inscription-matin\">https:\/\/ageem.assoconnect.com\/collect\/description\/204614-p-oser-l-ecole-dehors-le-corps-d-abord-inscription-matin<\/a><\/li>\n<\/ul>\n\n\n\n<p><em><strong>             Penser \u00e0 confirmer votre inscription<\/strong><\/em><\/p>\n\n\n\n<p>&nbsp;&nbsp;&nbsp; &nbsp;&nbsp;&nbsp; &nbsp;&nbsp;&nbsp; &#8211; \u00eatre muni d&rsquo;un pass sanitaire obligatoire<\/p>\n\n\n\n<ul class=\"wp-block-list\">\n<li>au temps de l&rsquo;apr\u00e8s-midi pour les adh\u00e9rents AGEEM et tous ceux qui prendront une cotisation ce jour :<\/li>\n<\/ul>\n\n\n\n<p>&nbsp;&nbsp;&nbsp; &nbsp;&nbsp;&nbsp; &nbsp;&nbsp;&nbsp; &#8211; s&rsquo;inscrire :&nbsp; <a href=\"https:\/\/ageem.assoconnect.com\/collect\/description\/208773-p-oser-l-ecole-dehors-le-corps-d-abord-inscription-apres-midi\">https:\/\/ageem.assoconnect.com\/collect\/description\/208773-p-oser-l-ecole-dehors-le-corps-d-abord-inscription-apres-midi<\/a><\/p>\n\n\n\n<p>&nbsp;&nbsp;&nbsp; &nbsp;&nbsp;&nbsp; &nbsp;&nbsp;&nbsp; &#8211; \u00eatre muni d&rsquo;un pass sanitaire obligatoire<\/p>\n\n\n\n<p>Pour toute question s&rsquo;adresser \u00e0 <a href=\"mailto:murielblandinjobard@gmail.com\">murielblandinjobard@gmail.com<\/a><\/p>\n","protected":false},"excerpt":{"rendered":"<p>La Journ\u00e9e acad\u00e9mique de l&rsquo;AGEEM ( Association G\u00e9n\u00e9rale des Enseignants des \u00c9coles et des classes Maternelle publiques)&nbsp; se d\u00e9roulera le samedi 4 d\u00e9cembre 2021 \u00e0 l&rsquo;\u00e9cole maternelle des Grands Crus, &hellip; <a href=\"https:\/\/ageem21.fr\/?p=1492\" class=\"more-link\">Continuer la lecture de <span class=\"screen-reader-text\">Journ\u00e9e acad\u00e9mique 04\/12\/2021<\/span>  <span class=\"meta-nav\">&rarr;<\/span><\/a><\/p>\n","protected":false},"author":1,"featured_media":0,"comment_status":"closed","ping_status":"closed","sticky":false,"template":"","format":"standard","meta":{"footnotes":""},"categories":[77],"tags":[71],"class_list":["post-1492","post","type-post","status-publish","format-standard","hentry","category-jaf","tag-journee-academique-de-formation"],"_links":{"self":[{"href":"https:\/\/ageem21.fr\/index.php?rest_route=\/wp\/v2\/posts\/1492","targetHints":{"allow":["GET"]}}],"collection":[{"href":"https:\/\/ageem21.fr\/index.php?rest_route=\/wp\/v2\/posts"}],"about":[{"href":"https:\/\/ageem21.fr\/index.php?rest_route=\/wp\/v2\/types\/post"}],"author":[{"embeddable":true,"href":"https:\/\/ageem21.fr\/index.php?rest_route=\/wp\/v2\/users\/1"}],"replies":[{"embeddable":true,"href":"https:\/\/ageem21.fr\/index.php?rest_route=%2Fwp%2Fv2%2Fcomments&post=1492"}],"version-history":[{"count":3,"href":"https:\/\/ageem21.fr\/index.php?rest_route=\/wp\/v2\/posts\/1492\/revisions"}],"predecessor-version":[{"id":1737,"href":"https:\/\/ageem21.fr\/index.php?rest_route=\/wp\/v2\/posts\/1492\/revisions\/1737"}],"wp:attachment":[{"href":"https:\/\/ageem21.fr\/index.php?rest_route=%2Fwp%2Fv2%2Fmedia&parent=1492"}],"wp:term":[{"taxonomy":"category","embeddable":true,"href":"https:\/\/ageem21.fr\/index.php?rest_route=%2Fwp%2Fv2%2Fcategories&post=1492"},{"taxonomy":"post_tag","embeddable":true,"href":"https:\/\/ageem21.fr\/index.php?rest_route=%2Fwp%2Fv2%2Ftags&post=1492"}],"curies":[{"name":"wp","href":"https:\/\/api.w.org\/{rel}","templated":true}]}}