{"id":1412,"date":"2019-10-24T22:06:34","date_gmt":"2019-10-24T20:06:34","guid":{"rendered":"http:\/\/ageem21.fr\/?p=1412"},"modified":"2024-01-06T23:25:06","modified_gmt":"2024-01-06T22:25:06","slug":"annonce-de-la-journee-de-formation-academique","status":"publish","type":"post","link":"https:\/\/ageem21.fr\/?p=1412","title":{"rendered":"Annonce de la journ\u00e9e de formation acad\u00e9mique"},"content":{"rendered":"\n<h2 class=\"wp-block-heading has-text-align-center\">Prochain moment fort&nbsp;: la journ\u00e9e acad\u00e9mique du 30 novembre 2019<\/h2>\n\n\n\n<figure class=\"wp-block-image\"><a href=\"https:\/\/ageem21.fr\/wp-content\/uploads\/2019\/10\/affiche_journe\u0301e-aca.png\" data-rel=\"lightbox-gallery-fqKKuAJM\" data-rl_title=\"\" data-rl_caption=\"\" title=\"\"><img loading=\"lazy\" decoding=\"async\" width=\"530\" height=\"751\" src=\"https:\/\/ageem21.fr\/wp-content\/uploads\/2019\/10\/affiche_journe\u0301e-aca.png\" alt=\"\" class=\"wp-image-1413\" srcset=\"https:\/\/ageem21.fr\/wp-content\/uploads\/2019\/10\/affiche_journe\u0301e-aca.png 530w, https:\/\/ageem21.fr\/wp-content\/uploads\/2019\/10\/affiche_journe\u0301e-aca-212x300.png 212w\" sizes=\"auto, (max-width: 530px) 100vw, 530px\" \/><\/a><\/figure>\n\n\n\n<p>Un rendez-vous de formation vous est propos\u00e9 le samedi 30 novembre \u00e0 partir de 9H00, \u00e0 la salle Mandela de Qu\u00e9tigny. Cette action acad\u00e9mique marque la fin de la quinzaine de l\u2019Ecole Maternelle.  <\/p>\n\n\n\n<p>TITRE\nde notre journ\u00e9e \u00ab&nbsp; Arts et Pens\u00e9es&nbsp;: des graines pour\nl\u2019imaginaire&nbsp;\u00bb \n<\/p>\n\n\n\n<p><strong>Programme :<\/strong><\/p>\n\n\n\n<ul class=\"wp-block-list\">\n<li>\n\n\tMATIN&nbsp;: conf\u00e9rence d\u2019Alain Kerlan, philosophe pr\u00e9sent au\n\tcongr\u00e8s de Versailles\n\t<\/li>\n\n\n\n<li>\n\n\tTOUTE la JOURNEE&nbsp;: pr\u00e9sence d\u2019\u00e9diteurs et de cr\u00e9ateurs\n\t<\/li>\n\n\n\n<li>\n\n\tAPRES-MIDI&nbsp;: 4 ateliers de pratiques&nbsp;dont 2 au choix sur\n\tinscription sur place avant 14H30. \n\t\n<\/li>\n<\/ul>\n\n\n\n<p><strong>Th\u00e8me des ateliers :<\/strong><\/p>\n\n\n\n<ul class=\"wp-block-list\">\n<li>\n\n\tJeux dans\u00e9s \u00ab&nbsp;Entrez en danse&nbsp;\u00bb\n\t<\/li>\n\n\n\n<li>\n\n\tTapis \u00e0 histoires\n\t<\/li>\n\n\n\n<li>\n\n\tTh\u00e9\u00e2tre d\u2019ombres et albums\n\t<\/li>\n\n\n\n<li>\n\n\tComptines\n<\/li>\n<\/ul>\n\n\n\n<p class=\"has-text-color\" style=\"color:#0071a1\"><strong><em>IMPORTANT&nbsp;: Lors de l\u2019inscription la priorit\u00e9 est donn\u00e9e aux adh\u00e9rents. Les non-adh\u00e9rents pourront participer dans la limite des places disponibles.  <\/em><\/strong><\/p>\n\n\n\n<p>Liste\ndes \u00e9diteurs et cr\u00e9ateurs nous accompagnant pendant la journ\u00e9e\nacad\u00e9mique&nbsp;:<\/p>\n\n\n\n<ul class=\"wp-block-list\">\n<li>\n\n\tCanop\u00e9\n\t<\/li>\n\n\n\n<li>\n\n\tEditions ACCES\n\t<\/li>\n\n\n\n<li>\n\n\t\u00ab&nbsp;Le crocodile bleu&nbsp;\u00bb\n\t<\/li>\n\n\n\n<li>\n\n\tLes deux ailes\n\t<\/li>\n\n\n\n<li>\n\n\tEditions Retz&nbsp;\n\t<\/li>\n\n\n\n<li>\n\n\tLibrairie \u00ab&nbsp;Autrement dit&nbsp;\u00bb\n\t<\/li>\n\n\n\n<li>\n\n\tEditions Faton \u00ab&nbsp;Le petit L\u00e9onard&nbsp;\u00bb&nbsp;: offre\n\tpromotionnelle sur le stand\n<\/li>\n<\/ul>\n\n\n\n<p>Ce\nrendez-vous est un moment d\u2019\u00e9change, de formation, d\u2019apports\nth\u00e9oriques qui enrichit nos pratiques&nbsp;: nous vous attendons\nnombreux \u00e0 partir de 9h00&nbsp;autour d\u2019un caf\u00e9. \n<\/p>\n","protected":false},"excerpt":{"rendered":"<p>Prochain moment fort&nbsp;: la journ\u00e9e acad\u00e9mique du 30 novembre 2019 Un rendez-vous de formation vous est propos\u00e9 le samedi 30 novembre \u00e0 partir de 9H00, \u00e0 la salle Mandela de &hellip; <a href=\"https:\/\/ageem21.fr\/?p=1412\" class=\"more-link\">Continuer la lecture de <span class=\"screen-reader-text\">Annonce de la journ\u00e9e de formation acad\u00e9mique<\/span>  <span class=\"meta-nav\">&rarr;<\/span><\/a><\/p>\n","protected":false},"author":1,"featured_media":0,"comment_status":"closed","ping_status":"closed","sticky":false,"template":"","format":"standard","meta":{"footnotes":""},"categories":[77],"tags":[71],"class_list":["post-1412","post","type-post","status-publish","format-standard","hentry","category-jaf","tag-journee-academique-de-formation"],"_links":{"self":[{"href":"https:\/\/ageem21.fr\/index.php?rest_route=\/wp\/v2\/posts\/1412","targetHints":{"allow":["GET"]}}],"collection":[{"href":"https:\/\/ageem21.fr\/index.php?rest_route=\/wp\/v2\/posts"}],"about":[{"href":"https:\/\/ageem21.fr\/index.php?rest_route=\/wp\/v2\/types\/post"}],"author":[{"embeddable":true,"href":"https:\/\/ageem21.fr\/index.php?rest_route=\/wp\/v2\/users\/1"}],"replies":[{"embeddable":true,"href":"https:\/\/ageem21.fr\/index.php?rest_route=%2Fwp%2Fv2%2Fcomments&post=1412"}],"version-history":[{"count":2,"href":"https:\/\/ageem21.fr\/index.php?rest_route=\/wp\/v2\/posts\/1412\/revisions"}],"predecessor-version":[{"id":1741,"href":"https:\/\/ageem21.fr\/index.php?rest_route=\/wp\/v2\/posts\/1412\/revisions\/1741"}],"wp:attachment":[{"href":"https:\/\/ageem21.fr\/index.php?rest_route=%2Fwp%2Fv2%2Fmedia&parent=1412"}],"wp:term":[{"taxonomy":"category","embeddable":true,"href":"https:\/\/ageem21.fr\/index.php?rest_route=%2Fwp%2Fv2%2Fcategories&post=1412"},{"taxonomy":"post_tag","embeddable":true,"href":"https:\/\/ageem21.fr\/index.php?rest_route=%2Fwp%2Fv2%2Ftags&post=1412"}],"curies":[{"name":"wp","href":"https:\/\/api.w.org\/{rel}","templated":true}]}}