{"id":1391,"date":"2019-10-24T21:26:33","date_gmt":"2019-10-24T19:26:33","guid":{"rendered":"http:\/\/ageem21.fr\/?p=1391"},"modified":"2019-10-25T12:31:00","modified_gmt":"2019-10-25T10:31:00","slug":"cafe-pedagogique-du-9-octobre-2019","status":"publish","type":"post","link":"https:\/\/ageem21.fr\/?p=1391","title":{"rendered":"Caf\u00e9 p\u00e9dagogique du 9 octobre 2019"},"content":{"rendered":"\n<p>Premier caf\u00e9 p\u00e9dagogique de l\u2019ann\u00e9e\u00a0: une vingtaine de personnes pr\u00e9sentes. 4 personnes d\u00e9couvrent le local et le mat\u00e9riel de pr\u00eat.<\/p>\n\n\n\n<figure class=\"wp-block-image\"><a href=\"https:\/\/ageem21.fr\/wp-content\/uploads\/2019\/10\/cafe_peda_9oct19.jpg\" data-rel=\"lightbox-gallery-6I8V1QmW\" data-rl_title=\"\" data-rl_caption=\"\" title=\"\"><img loading=\"lazy\" decoding=\"async\" width=\"640\" height=\"477\" src=\"https:\/\/ageem21.fr\/wp-content\/uploads\/2019\/10\/cafe_peda_9oct19.jpg\" alt=\"\" class=\"wp-image-1392\" srcset=\"https:\/\/ageem21.fr\/wp-content\/uploads\/2019\/10\/cafe_peda_9oct19.jpg 640w, https:\/\/ageem21.fr\/wp-content\/uploads\/2019\/10\/cafe_peda_9oct19-300x224.jpg 300w, https:\/\/ageem21.fr\/wp-content\/uploads\/2019\/10\/cafe_peda_9oct19-600x447.jpg 600w\" sizes=\"auto, (max-width: 640px) 100vw, 640px\" \/><\/a><\/figure>\n\n\n\n<p>La d\u00e9l\u00e9gu\u00e9e de section Claudine Jorge nous accueille en pr\u00e9sentant le th\u00e8me principal, la scolarisation obligatoire d\u00e8s 3 ans : ressenti, exp\u00e9riences et questionnements des coll\u00e8gues.  <\/p>\n\n\n\n<p>Elle nous a rappel\u00e9 le contenu de la lettre de rentr\u00e9e pr\u00e9sentant l\u2019AGEEM  et les actions de l\u2019AGEEM 21. Geoffrey Fournier a renouvel\u00e9 le format&nbsp;: une lettre interactive avec des liens.  Sandrine Maret a remis \u00e0 jour le site de l\u2019AGEEM 21.<\/p>\n\n\n\n<p>L\u2019AGEEM\n21 est pr\u00e9sente sur Twitter. C\u2019est un moyen de faire conna\u00eetre\nl\u2019association, de la faire vivre. Soyons nombreux \u00e0 parler de\nl\u2019association et de ses actions&nbsp;! Prochaine AG&nbsp;: le 13\nnovembre \u00e0 l\u2019\u00e9cole maternelle \u00ab&nbsp;Petit Bernard&nbsp;\u00bb \u00e0\n17h00.<\/p>\n\n\n\n<p>Rappel&nbsp;:\nLa journ\u00e9e acad\u00e9mique de formation du 30 novembre \u00e0 la salle\nMandela de Qu\u00e9tigny, sera un moment fort pour se r\u00e9unir, se nourrir\ndes th\u00e8mes choisis&nbsp;: \u00ab&nbsp;De l\u2019art \u00e0 l\u2019imaginaire&nbsp;\u00bb\nConf\u00e9rence, ateliers de pratiques et pr\u00e9sence d\u2019\u00e9diteurs.  \n<\/p>\n\n\n\n<p>Rendez-vous\n\u00e0 Qu\u00e9tigny&nbsp;!<\/p>\n","protected":false},"excerpt":{"rendered":"<p>Premier caf\u00e9 p\u00e9dagogique de l\u2019ann\u00e9e\u00a0: une vingtaine de personnes pr\u00e9sentes. 4 personnes d\u00e9couvrent le local et le mat\u00e9riel de pr\u00eat. La d\u00e9l\u00e9gu\u00e9e de section Claudine Jorge nous accueille en pr\u00e9sentant &hellip; <a href=\"https:\/\/ageem21.fr\/?p=1391\" class=\"more-link\">Continuer la lecture de <span class=\"screen-reader-text\">Caf\u00e9 p\u00e9dagogique du 9 octobre 2019<\/span>  <span class=\"meta-nav\">&rarr;<\/span><\/a><\/p>\n","protected":false},"author":1,"featured_media":0,"comment_status":"closed","ping_status":"closed","sticky":false,"template":"","format":"standard","meta":{"footnotes":""},"categories":[54],"tags":[],"class_list":["post-1391","post","type-post","status-publish","format-standard","hentry","category-les-rendez-vous-de-lannee"],"_links":{"self":[{"href":"https:\/\/ageem21.fr\/index.php?rest_route=\/wp\/v2\/posts\/1391","targetHints":{"allow":["GET"]}}],"collection":[{"href":"https:\/\/ageem21.fr\/index.php?rest_route=\/wp\/v2\/posts"}],"about":[{"href":"https:\/\/ageem21.fr\/index.php?rest_route=\/wp\/v2\/types\/post"}],"author":[{"embeddable":true,"href":"https:\/\/ageem21.fr\/index.php?rest_route=\/wp\/v2\/users\/1"}],"replies":[{"embeddable":true,"href":"https:\/\/ageem21.fr\/index.php?rest_route=%2Fwp%2Fv2%2Fcomments&post=1391"}],"version-history":[{"count":3,"href":"https:\/\/ageem21.fr\/index.php?rest_route=\/wp\/v2\/posts\/1391\/revisions"}],"predecessor-version":[{"id":1421,"href":"https:\/\/ageem21.fr\/index.php?rest_route=\/wp\/v2\/posts\/1391\/revisions\/1421"}],"wp:attachment":[{"href":"https:\/\/ageem21.fr\/index.php?rest_route=%2Fwp%2Fv2%2Fmedia&parent=1391"}],"wp:term":[{"taxonomy":"category","embeddable":true,"href":"https:\/\/ageem21.fr\/index.php?rest_route=%2Fwp%2Fv2%2Fcategories&post=1391"},{"taxonomy":"post_tag","embeddable":true,"href":"https:\/\/ageem21.fr\/index.php?rest_route=%2Fwp%2Fv2%2Ftags&post=1391"}],"curies":[{"name":"wp","href":"https:\/\/api.w.org\/{rel}","templated":true}]}}