{"id":1372,"date":"2024-09-01T15:38:43","date_gmt":"2024-09-01T13:38:43","guid":{"rendered":"http:\/\/ageem21.fr\/?p=1372"},"modified":"2025-08-22T21:41:59","modified_gmt":"2025-08-22T19:41:59","slug":"notre-local-ageem-21","status":"publish","type":"post","link":"https:\/\/ageem21.fr\/?p=1372","title":{"rendered":"Notre local AGEEM 21: pr\u00e9sentation et calendrier de pr\u00eat"},"content":{"rendered":"\n<p>Nous vous rappelons que la section dispose d\u2019un local \u00e0 l\u2019\u00e9cole LARREY \u00e0 DIJON et investit r\u00e9guli\u00e8rement dans du mat\u00e9riel, mat\u00e9riel que nous mettons \u00e0 disposition des adh\u00e9rents.<\/p>\n\n\n\n<p><strong>Voici ce que vous y trouverez&nbsp;:<\/strong><br>\u2022 des caisses th\u00e9matiques (sur les contes traditionnels, sur l\u2019auteur Claude Ponti, sur la savane\u2026),<br>\u2022 de nombreux albums,<br>\u2022 des ouvrages p\u00e9dagogiques en math\u00e9matiques, en arts visuels, en EPS\u2026<br>\u2022 du mat\u00e9riel tel que qu\u2019une ferme avec les animaux, un ch\u00e2teau-fort avec les chevaliers, des jeux de logique Smartgames ainsi que de nombreux kamishibai avec des buta\u00efs en bois si besoin,<br>\u2022 une presse \u00e0 d\u00e9couper (alphabet, formes, motifs de No\u00ebl\u2026)<br>\u2022 et de nombreux jeux tactiles utilisables dans vos classes.<\/p>\n\n\n\n<div class=\"wp-block-media-text is-stacked-on-mobile\" style=\"grid-template-columns:51% auto\"><figure class=\"wp-block-media-text__media\"><img loading=\"lazy\" decoding=\"async\" width=\"1024\" height=\"1024\" src=\"https:\/\/ageem21.fr\/wp-content\/uploads\/2025\/06\/OUVERTURE-DU-LOCAL1-1024x1024.png\" alt=\"\" class=\"wp-image-3092 size-full\" srcset=\"https:\/\/ageem21.fr\/wp-content\/uploads\/2025\/06\/OUVERTURE-DU-LOCAL1-1024x1024.png 1024w, https:\/\/ageem21.fr\/wp-content\/uploads\/2025\/06\/OUVERTURE-DU-LOCAL1-300x300.png 300w, https:\/\/ageem21.fr\/wp-content\/uploads\/2025\/06\/OUVERTURE-DU-LOCAL1-150x150.png 150w, https:\/\/ageem21.fr\/wp-content\/uploads\/2025\/06\/OUVERTURE-DU-LOCAL1-768x768.png 768w, https:\/\/ageem21.fr\/wp-content\/uploads\/2025\/06\/OUVERTURE-DU-LOCAL1-600x600.png 600w, https:\/\/ageem21.fr\/wp-content\/uploads\/2025\/06\/OUVERTURE-DU-LOCAL1.png 1080w\" sizes=\"auto, (max-width: 1024px) 100vw, 1024px\" \/><\/figure><div class=\"wp-block-media-text__content\">\n<p>Une fois par p\u00e9riode, nous vous proposons de venir \u00e0 ce local pour emprunter du mat\u00e9riel.<br>N\u2019h\u00e9sitez pas \u00e0 venir pousser la porte de notre local, nous rencontrer et emprunter du mat\u00e9riel&nbsp;!<\/p>\n<\/div><\/div>\n\n\n\n<p>Tout le mat\u00e9riel est pr\u00e9sent\u00e9 sur ce mur de ressources (Cliquer sur l&rsquo;image pour y acc\u00e9der)<\/p>\n\n\n<div class=\"wp-block-image\">\n<figure class=\"aligncenter size-full\"><a href=\"https:\/\/digipad.app\/p\/208346\/aa9527d716cfd\" target=\"_blank\" rel=\"noreferrer noopener\"><img loading=\"lazy\" decoding=\"async\" width=\"902\" height=\"560\" src=\"https:\/\/ageem21.fr\/wp-content\/uploads\/2022\/09\/capture_mur_pret.png\" alt=\"\" class=\"wp-image-1546\" srcset=\"https:\/\/ageem21.fr\/wp-content\/uploads\/2022\/09\/capture_mur_pret.png 902w, https:\/\/ageem21.fr\/wp-content\/uploads\/2022\/09\/capture_mur_pret-300x186.png 300w, https:\/\/ageem21.fr\/wp-content\/uploads\/2022\/09\/capture_mur_pret-768x477.png 768w, https:\/\/ageem21.fr\/wp-content\/uploads\/2022\/09\/capture_mur_pret-600x373.png 600w\" sizes=\"auto, (max-width: 902px) 100vw, 902px\" \/><\/a><\/figure>\n<\/div>\n\n\n<p><a href=\"https:\/\/framaforms.org\/click-and-collect-local-ageem-21-1662893784\" target=\"_blank\" rel=\"noreferrer noopener\">Lien vers le Click &amp; collect mis en place sur Chen\u00f4ve, Beaune, Is sur Tille et Semur<\/a><\/p>\n\n\n\n<p><a href=\"https:\/\/lite.framacalc.org\/9pnr-pret-ageem-21\" data-type=\"URL\" data-id=\"https:\/\/lite.framacalc.org\/9pnr-pret-ageem-21\" target=\"_blank\" rel=\"noreferrer noopener\"><\/a><br><strong>Dates et horaires de pr\u00eat\u00a02025\/2026: de 17h \u00e0 18h00<\/strong><br>\u2022 mercredi 15 octobre 2025<br>\u2022 mercredi 17 d\u00e9cembre 2025<br>\u2022 mercredi 4 f\u00e9vrier 2026<br>\u2022 mercredi 1er avril 2026<br>\u2022 mercredi 17 juin 2026<\/p>\n\n\n\n<p><br><strong>Lieu du local&nbsp;:<\/strong><br>Ecole \u00e9l\u00e9mentaire Larrey<br>128 boulevard des Bourroches<br>21 000 DIJON<\/p>\n\n\n\n<figure class=\"wp-block-gallery has-nested-images columns-default is-cropped wp-block-gallery-1 is-layout-flex wp-block-gallery-is-layout-flex\">\n<figure class=\"wp-block-image size-large\"><a href=\"https:\/\/ageem21.fr\/wp-content\/uploads\/2023\/10\/20220829_190812-scaled.jpg\" data-rel=\"lightbox-gallery-oBdyZAvK\" data-rl_title=\"\" data-rl_caption=\"\" title=\"\"><img loading=\"lazy\" decoding=\"async\" width=\"768\" height=\"1024\" data-id=\"1625\" src=\"https:\/\/ageem21.fr\/wp-content\/uploads\/2023\/10\/20220829_190812-768x1024.jpg\" alt=\"\" class=\"wp-image-1625\" srcset=\"https:\/\/ageem21.fr\/wp-content\/uploads\/2023\/10\/20220829_190812-768x1024.jpg 768w, https:\/\/ageem21.fr\/wp-content\/uploads\/2023\/10\/20220829_190812-225x300.jpg 225w, https:\/\/ageem21.fr\/wp-content\/uploads\/2023\/10\/20220829_190812-600x800.jpg 600w, https:\/\/ageem21.fr\/wp-content\/uploads\/2023\/10\/20220829_190812-1152x1536.jpg 1152w, https:\/\/ageem21.fr\/wp-content\/uploads\/2023\/10\/20220829_190812-1536x2048.jpg 1536w, https:\/\/ageem21.fr\/wp-content\/uploads\/2023\/10\/20220829_190812-scaled.jpg 1920w\" sizes=\"auto, (max-width: 768px) 100vw, 768px\" \/><\/a><\/figure>\n\n\n\n<figure class=\"wp-block-image size-large\"><a href=\"https:\/\/ageem21.fr\/wp-content\/uploads\/2023\/10\/20220829_190836-scaled.jpg\" data-rel=\"lightbox-gallery-oBdyZAvK\" data-rl_title=\"\" data-rl_caption=\"\" title=\"\"><img loading=\"lazy\" decoding=\"async\" width=\"1024\" height=\"768\" data-id=\"1627\" src=\"https:\/\/ageem21.fr\/wp-content\/uploads\/2023\/10\/20220829_190836-1024x768.jpg\" alt=\"\" class=\"wp-image-1627\" srcset=\"https:\/\/ageem21.fr\/wp-content\/uploads\/2023\/10\/20220829_190836-1024x768.jpg 1024w, https:\/\/ageem21.fr\/wp-content\/uploads\/2023\/10\/20220829_190836-300x225.jpg 300w, https:\/\/ageem21.fr\/wp-content\/uploads\/2023\/10\/20220829_190836-768x576.jpg 768w, https:\/\/ageem21.fr\/wp-content\/uploads\/2023\/10\/20220829_190836-600x450.jpg 600w, https:\/\/ageem21.fr\/wp-content\/uploads\/2023\/10\/20220829_190836-1536x1152.jpg 1536w, https:\/\/ageem21.fr\/wp-content\/uploads\/2023\/10\/20220829_190836-2048x1536.jpg 2048w\" sizes=\"auto, (max-width: 1024px) 100vw, 1024px\" \/><\/a><\/figure>\n\n\n\n<figure class=\"wp-block-image size-large\"><a href=\"https:\/\/ageem21.fr\/wp-content\/uploads\/2023\/10\/20220829_190849-scaled.jpg\" data-rel=\"lightbox-gallery-oBdyZAvK\" data-rl_title=\"\" data-rl_caption=\"\" title=\"\"><img loading=\"lazy\" decoding=\"async\" width=\"1024\" height=\"768\" data-id=\"1632\" src=\"https:\/\/ageem21.fr\/wp-content\/uploads\/2023\/10\/20220829_190849-1024x768.jpg\" alt=\"\" class=\"wp-image-1632\" srcset=\"https:\/\/ageem21.fr\/wp-content\/uploads\/2023\/10\/20220829_190849-1024x768.jpg 1024w, https:\/\/ageem21.fr\/wp-content\/uploads\/2023\/10\/20220829_190849-300x225.jpg 300w, https:\/\/ageem21.fr\/wp-content\/uploads\/2023\/10\/20220829_190849-768x576.jpg 768w, https:\/\/ageem21.fr\/wp-content\/uploads\/2023\/10\/20220829_190849-600x450.jpg 600w, https:\/\/ageem21.fr\/wp-content\/uploads\/2023\/10\/20220829_190849-1536x1152.jpg 1536w, https:\/\/ageem21.fr\/wp-content\/uploads\/2023\/10\/20220829_190849-2048x1536.jpg 2048w\" sizes=\"auto, (max-width: 1024px) 100vw, 1024px\" \/><\/a><\/figure>\n\n\n\n<figure class=\"wp-block-image size-large\"><a href=\"https:\/\/ageem21.fr\/wp-content\/uploads\/2023\/10\/20220829_191024-scaled.jpg\" data-rel=\"lightbox-gallery-oBdyZAvK\" data-rl_title=\"\" data-rl_caption=\"\" title=\"\"><img loading=\"lazy\" decoding=\"async\" width=\"768\" height=\"1024\" data-id=\"1630\" src=\"https:\/\/ageem21.fr\/wp-content\/uploads\/2023\/10\/20220829_191024-768x1024.jpg\" alt=\"\" class=\"wp-image-1630\" srcset=\"https:\/\/ageem21.fr\/wp-content\/uploads\/2023\/10\/20220829_191024-768x1024.jpg 768w, https:\/\/ageem21.fr\/wp-content\/uploads\/2023\/10\/20220829_191024-225x300.jpg 225w, https:\/\/ageem21.fr\/wp-content\/uploads\/2023\/10\/20220829_191024-600x800.jpg 600w, https:\/\/ageem21.fr\/wp-content\/uploads\/2023\/10\/20220829_191024-1152x1536.jpg 1152w, https:\/\/ageem21.fr\/wp-content\/uploads\/2023\/10\/20220829_191024-1536x2048.jpg 1536w, https:\/\/ageem21.fr\/wp-content\/uploads\/2023\/10\/20220829_191024-scaled.jpg 1920w\" sizes=\"auto, (max-width: 768px) 100vw, 768px\" \/><\/a><\/figure>\n\n\n\n<figure class=\"wp-block-image size-large\"><a href=\"https:\/\/ageem21.fr\/wp-content\/uploads\/2023\/10\/20220829_191511-scaled.jpg\" data-rel=\"lightbox-gallery-oBdyZAvK\" data-rl_title=\"\" data-rl_caption=\"\" title=\"\"><img loading=\"lazy\" decoding=\"async\" width=\"1024\" height=\"768\" data-id=\"1629\" src=\"https:\/\/ageem21.fr\/wp-content\/uploads\/2023\/10\/20220829_191511-1024x768.jpg\" alt=\"\" class=\"wp-image-1629\" srcset=\"https:\/\/ageem21.fr\/wp-content\/uploads\/2023\/10\/20220829_191511-1024x768.jpg 1024w, https:\/\/ageem21.fr\/wp-content\/uploads\/2023\/10\/20220829_191511-300x225.jpg 300w, https:\/\/ageem21.fr\/wp-content\/uploads\/2023\/10\/20220829_191511-768x576.jpg 768w, https:\/\/ageem21.fr\/wp-content\/uploads\/2023\/10\/20220829_191511-600x450.jpg 600w, https:\/\/ageem21.fr\/wp-content\/uploads\/2023\/10\/20220829_191511-1536x1152.jpg 1536w, https:\/\/ageem21.fr\/wp-content\/uploads\/2023\/10\/20220829_191511-2048x1536.jpg 2048w\" sizes=\"auto, (max-width: 1024px) 100vw, 1024px\" \/><\/a><\/figure>\n\n\n\n<figure class=\"wp-block-image size-large\"><a href=\"https:\/\/ageem21.fr\/wp-content\/uploads\/2023\/10\/20220907_150015-scaled.jpg\" data-rel=\"lightbox-gallery-oBdyZAvK\" data-rl_title=\"\" data-rl_caption=\"\" title=\"\"><img loading=\"lazy\" decoding=\"async\" width=\"1024\" height=\"768\" data-id=\"1634\" src=\"https:\/\/ageem21.fr\/wp-content\/uploads\/2023\/10\/20220907_150015-1024x768.jpg\" alt=\"\" class=\"wp-image-1634\" srcset=\"https:\/\/ageem21.fr\/wp-content\/uploads\/2023\/10\/20220907_150015-1024x768.jpg 1024w, https:\/\/ageem21.fr\/wp-content\/uploads\/2023\/10\/20220907_150015-300x225.jpg 300w, https:\/\/ageem21.fr\/wp-content\/uploads\/2023\/10\/20220907_150015-768x576.jpg 768w, https:\/\/ageem21.fr\/wp-content\/uploads\/2023\/10\/20220907_150015-600x450.jpg 600w, https:\/\/ageem21.fr\/wp-content\/uploads\/2023\/10\/20220907_150015-1536x1152.jpg 1536w, https:\/\/ageem21.fr\/wp-content\/uploads\/2023\/10\/20220907_150015-2048x1536.jpg 2048w\" sizes=\"auto, (max-width: 1024px) 100vw, 1024px\" \/><\/a><\/figure>\n\n\n\n<figure class=\"wp-block-image size-large\"><a href=\"https:\/\/ageem21.fr\/wp-content\/uploads\/2023\/10\/20220907_150317-scaled.jpg\" data-rel=\"lightbox-gallery-oBdyZAvK\" data-rl_title=\"\" data-rl_caption=\"\" title=\"\"><img loading=\"lazy\" decoding=\"async\" width=\"768\" height=\"1024\" data-id=\"1633\" src=\"https:\/\/ageem21.fr\/wp-content\/uploads\/2023\/10\/20220907_150317-768x1024.jpg\" alt=\"\" class=\"wp-image-1633\" srcset=\"https:\/\/ageem21.fr\/wp-content\/uploads\/2023\/10\/20220907_150317-768x1024.jpg 768w, https:\/\/ageem21.fr\/wp-content\/uploads\/2023\/10\/20220907_150317-225x300.jpg 225w, https:\/\/ageem21.fr\/wp-content\/uploads\/2023\/10\/20220907_150317-600x800.jpg 600w, https:\/\/ageem21.fr\/wp-content\/uploads\/2023\/10\/20220907_150317-1152x1536.jpg 1152w, https:\/\/ageem21.fr\/wp-content\/uploads\/2023\/10\/20220907_150317-1536x2048.jpg 1536w, https:\/\/ageem21.fr\/wp-content\/uploads\/2023\/10\/20220907_150317-scaled.jpg 1920w\" sizes=\"auto, (max-width: 768px) 100vw, 768px\" \/><\/a><\/figure>\n\n\n\n<figure class=\"wp-block-image size-large\"><a href=\"https:\/\/ageem21.fr\/wp-content\/uploads\/2023\/10\/20220907_151052-scaled.jpg\" data-rel=\"lightbox-gallery-oBdyZAvK\" data-rl_title=\"\" data-rl_caption=\"\" title=\"\"><img loading=\"lazy\" decoding=\"async\" width=\"768\" height=\"1024\" data-id=\"1631\" src=\"https:\/\/ageem21.fr\/wp-content\/uploads\/2023\/10\/20220907_151052-768x1024.jpg\" alt=\"\" class=\"wp-image-1631\" srcset=\"https:\/\/ageem21.fr\/wp-content\/uploads\/2023\/10\/20220907_151052-768x1024.jpg 768w, https:\/\/ageem21.fr\/wp-content\/uploads\/2023\/10\/20220907_151052-225x300.jpg 225w, https:\/\/ageem21.fr\/wp-content\/uploads\/2023\/10\/20220907_151052-600x800.jpg 600w, https:\/\/ageem21.fr\/wp-content\/uploads\/2023\/10\/20220907_151052-1152x1536.jpg 1152w, https:\/\/ageem21.fr\/wp-content\/uploads\/2023\/10\/20220907_151052-1536x2048.jpg 1536w, https:\/\/ageem21.fr\/wp-content\/uploads\/2023\/10\/20220907_151052-scaled.jpg 1920w\" sizes=\"auto, (max-width: 768px) 100vw, 768px\" \/><\/a><\/figure>\n<\/figure>\n","protected":false},"excerpt":{"rendered":"<p>Nous vous rappelons que la section dispose d\u2019un local \u00e0 l\u2019\u00e9cole LARREY \u00e0 DIJON et investit r\u00e9guli\u00e8rement dans du mat\u00e9riel, mat\u00e9riel que nous mettons \u00e0 disposition des adh\u00e9rents. Voici ce &hellip; <a href=\"https:\/\/ageem21.fr\/?p=1372\" class=\"more-link\">Continuer la lecture de <span class=\"screen-reader-text\">Notre local AGEEM 21: pr\u00e9sentation et calendrier de pr\u00eat<\/span>  <span class=\"meta-nav\">&rarr;<\/span><\/a><\/p>\n","protected":false},"author":1,"featured_media":0,"comment_status":"closed","ping_status":"closed","sticky":false,"template":"","format":"standard","meta":{"footnotes":""},"categories":[57],"tags":[63,61],"class_list":["post-1372","post","type-post","status-publish","format-standard","hentry","category-local-materiel-en-pret","tag-ouverture-du-local","tag-pret-de-materiel"],"_links":{"self":[{"href":"https:\/\/ageem21.fr\/index.php?rest_route=\/wp\/v2\/posts\/1372","targetHints":{"allow":["GET"]}}],"collection":[{"href":"https:\/\/ageem21.fr\/index.php?rest_route=\/wp\/v2\/posts"}],"about":[{"href":"https:\/\/ageem21.fr\/index.php?rest_route=\/wp\/v2\/types\/post"}],"author":[{"embeddable":true,"href":"https:\/\/ageem21.fr\/index.php?rest_route=\/wp\/v2\/users\/1"}],"replies":[{"embeddable":true,"href":"https:\/\/ageem21.fr\/index.php?rest_route=%2Fwp%2Fv2%2Fcomments&post=1372"}],"version-history":[{"count":21,"href":"https:\/\/ageem21.fr\/index.php?rest_route=\/wp\/v2\/posts\/1372\/revisions"}],"predecessor-version":[{"id":3220,"href":"https:\/\/ageem21.fr\/index.php?rest_route=\/wp\/v2\/posts\/1372\/revisions\/3220"}],"wp:attachment":[{"href":"https:\/\/ageem21.fr\/index.php?rest_route=%2Fwp%2Fv2%2Fmedia&parent=1372"}],"wp:term":[{"taxonomy":"category","embeddable":true,"href":"https:\/\/ageem21.fr\/index.php?rest_route=%2Fwp%2Fv2%2Fcategories&post=1372"},{"taxonomy":"post_tag","embeddable":true,"href":"https:\/\/ageem21.fr\/index.php?rest_route=%2Fwp%2Fv2%2Ftags&post=1372"}],"curies":[{"name":"wp","href":"https:\/\/api.w.org\/{rel}","templated":true}]}}