{"id":1243,"date":"2024-09-22T16:49:14","date_gmt":"2024-09-22T14:49:14","guid":{"rendered":"http:\/\/ageem21.fr\/?p=1243"},"modified":"2025-09-27T17:42:55","modified_gmt":"2025-09-27T15:42:55","slug":"adherer-a-lageem-2","status":"publish","type":"post","link":"https:\/\/ageem21.fr\/?p=1243","title":{"rendered":"Adh\u00e9rer \u00e0 l&rsquo;AGEEM"},"content":{"rendered":"<div class=\"wp-block-image\">\n<figure class=\"aligncenter size-full\"><img loading=\"lazy\" decoding=\"async\" width=\"2453\" height=\"2341\" src=\"https:\/\/ageem21.fr\/wp-content\/uploads\/2024\/09\/adhesion.jpg\" alt=\"\" class=\"wp-image-3373\" srcset=\"https:\/\/ageem21.fr\/wp-content\/uploads\/2024\/09\/adhesion.jpg 2453w, https:\/\/ageem21.fr\/wp-content\/uploads\/2024\/09\/adhesion-300x286.jpg 300w, https:\/\/ageem21.fr\/wp-content\/uploads\/2024\/09\/adhesion-1024x977.jpg 1024w, https:\/\/ageem21.fr\/wp-content\/uploads\/2024\/09\/adhesion-768x733.jpg 768w, https:\/\/ageem21.fr\/wp-content\/uploads\/2024\/09\/adhesion-600x573.jpg 600w, https:\/\/ageem21.fr\/wp-content\/uploads\/2024\/09\/adhesion-1536x1466.jpg 1536w, https:\/\/ageem21.fr\/wp-content\/uploads\/2024\/09\/adhesion-2048x1954.jpg 2048w, https:\/\/ageem21.fr\/wp-content\/uploads\/2024\/09\/adhesion-1320x1260.jpg 1320w\" sizes=\"auto, (max-width: 2453px) 100vw, 2453px\" \/><\/figure>\n<\/div>\n\n<p class=\"p1\"><span style=\"font-size: 14pt; color: #00ccff;\"><strong><em>Adh\u00e9rer \u00e0 l&rsquo;AGEEM, cela peut-\u00eatre pour vous :<\/em><\/strong><\/span><\/p>\n<p>Vivre la sp\u00e9cificit\u00e9 de l\u2019\u00c9cole Maternelle<br \/>Enrichir sa culture professionnelle et personnelle<br \/>\u00c9changer et mutualiser des pratiques<br \/>Tisser un r\u00e9seau entre coll\u00e8gues et rompre l&rsquo;isolement<br \/>Participer \u00e0 un Congr\u00e8s National<br \/>R\u00e9fl\u00e9chir ensemble aux textes officiels et \u00e0 leurs applications<\/p>\n<p><span style=\"color: #e80996;\"><strong>C&rsquo;est partager un espace de libert\u00e9 de parole et de pens\u00e9e<\/strong><\/span><\/p>\n<p><strong>Pour adh\u00e9rer \u00e0 l&rsquo;AGEEM, rendez-vous sur le site national \u00e0 cette adresse : <a href=\"http:\/\/ageem.org\" target=\"_blank\" rel=\"noopener\">http:\/\/ageem.org<\/a><\/strong><\/p>","protected":false},"excerpt":{"rendered":"<p>Il est temps d&rsquo;adh\u00e9rer, de r\u00e9-adh\u00e9rer ou de conseiller d&rsquo;adh\u00e9rer! <\/p>\n<p>Adh\u00e9rer \u00e0 l&rsquo;AGEEM, cela peut \u00eatre :<\/p>\n<p>Vivre la sp\u00e9cificit\u00e9 de l\u2019\u00c9cole Maternelle<br \/>\nEnrichir sa culture professionnelle et personnelle<br \/>\n\u00c9changer et mutualiser des pratiques<br \/>\nTisser un r\u00e9seau entre coll\u00e8gues et rompre l&rsquo;isolement<br \/>\nParticiper \u00e0 un Congr\u00e8s National<br \/>\nR\u00e9fl\u00e9chir ensemble aux textes officiels et \u00e0 leurs applications<\/p>\n","protected":false},"author":2,"featured_media":0,"comment_status":"closed","ping_status":"closed","sticky":false,"template":"","format":"standard","meta":{"footnotes":""},"categories":[28],"tags":[],"class_list":["post-1243","post","type-post","status-publish","format-standard","hentry","category-adherer"],"_links":{"self":[{"href":"https:\/\/ageem21.fr\/index.php?rest_route=\/wp\/v2\/posts\/1243","targetHints":{"allow":["GET"]}}],"collection":[{"href":"https:\/\/ageem21.fr\/index.php?rest_route=\/wp\/v2\/posts"}],"about":[{"href":"https:\/\/ageem21.fr\/index.php?rest_route=\/wp\/v2\/types\/post"}],"author":[{"embeddable":true,"href":"https:\/\/ageem21.fr\/index.php?rest_route=\/wp\/v2\/users\/2"}],"replies":[{"embeddable":true,"href":"https:\/\/ageem21.fr\/index.php?rest_route=%2Fwp%2Fv2%2Fcomments&post=1243"}],"version-history":[{"count":13,"href":"https:\/\/ageem21.fr\/index.php?rest_route=\/wp\/v2\/posts\/1243\/revisions"}],"predecessor-version":[{"id":3374,"href":"https:\/\/ageem21.fr\/index.php?rest_route=\/wp\/v2\/posts\/1243\/revisions\/3374"}],"wp:attachment":[{"href":"https:\/\/ageem21.fr\/index.php?rest_route=%2Fwp%2Fv2%2Fmedia&parent=1243"}],"wp:term":[{"taxonomy":"category","embeddable":true,"href":"https:\/\/ageem21.fr\/index.php?rest_route=%2Fwp%2Fv2%2Fcategories&post=1243"},{"taxonomy":"post_tag","embeddable":true,"href":"https:\/\/ageem21.fr\/index.php?rest_route=%2Fwp%2Fv2%2Ftags&post=1243"}],"curies":[{"name":"wp","href":"https:\/\/api.w.org\/{rel}","templated":true}]}}