{"id":1205,"date":"2016-07-08T09:36:41","date_gmt":"2016-07-08T07:36:41","guid":{"rendered":"http:\/\/ageem21.fr\/?p=1205"},"modified":"2016-07-08T16:45:45","modified_gmt":"2016-07-08T14:45:45","slug":"historique-du-spectacle-douverture-du-congres-ageem-2016","status":"publish","type":"post","link":"https:\/\/ageem21.fr\/?p=1205","title":{"rendered":"Historique du spectacle d&rsquo;ouverture du congr\u00e8s AGEEM 2016"},"content":{"rendered":"<p>Le spectacle d&rsquo;ouverture a \u00e9t\u00e9 tr\u00e8s appr\u00e9ci\u00e9.<br \/>\nA la demande de nombreux congressistes, nous publions cette vid\u00e9o diffus\u00e9e en conf\u00e9rence\u00a0pl\u00e9ni\u00e8re.<br \/>\nCe document fait part des \u00e9tapes de la construction du spectacle.<\/p>\n<p><span style=\"color: #ff00ff;\"><strong>\u00ab\u00a0Le voyage de Pompon au pays de l&rsquo;estime de soi\u00a0\u00bb<\/strong><\/span><br \/>\n<em>Comment \u00e0 partir des phrases tir\u00e9es des ateliers \u00e0 vis\u00e9e philosophique, sur les composantes de l&rsquo;estime de soi, construire un spectacle sur le th\u00e8me de l&rsquo;estime de soi ?<br \/>\nMise en sc\u00e8ne : <strong>Brice Kapel<\/strong><br \/>\n<span style=\"font-size: 10pt;\">Coordination du spectacle : Catherine Pascual et Muriel Blandin-Jobard<\/span><br \/>\n<span style=\"font-size: 10pt;\">Classes d&rsquo;Isabelle Garnier-Vernerey, EM Ch\u00e2teau de Pouilly, de Nathalie Matheux et Sylvie Loth, EM Victor Hugo, de Val\u00e9rie Hertz, Helga Coudurier et Marl\u00e8ne Rozier, EM Les Huches \u00e0 Quetigny<\/span><\/em><\/p>\n<p><a href=\"https:\/\/www.youtube.com\/watch?v=RLX2mKjoV9g\"><img loading=\"lazy\" decoding=\"async\" class=\"alignnone size-full wp-image-1207\" src=\"https:\/\/ageem21.fr\/wp-content\/uploads\/2016\/07\/ouverture.jpg\" alt=\"ouverture\" width=\"561\" height=\"314\" srcset=\"https:\/\/ageem21.fr\/wp-content\/uploads\/2016\/07\/ouverture.jpg 561w, https:\/\/ageem21.fr\/wp-content\/uploads\/2016\/07\/ouverture-300x168.jpg 300w\" sizes=\"auto, (max-width: 561px) 100vw, 561px\" \/><\/a><\/p>\n","protected":false},"excerpt":{"rendered":"<p>Le spectacle d&rsquo;ouverture a \u00e9t\u00e9 tr\u00e8s appr\u00e9ci\u00e9. A la demande de nombreux congressistes, nous publions cette vid\u00e9o diffus\u00e9e en conf\u00e9rence\u00a0pl\u00e9ni\u00e8re. Ce document fait part des \u00e9tapes de la construction du &hellip; <a href=\"https:\/\/ageem21.fr\/?p=1205\" class=\"more-link\">Continuer la lecture de <span class=\"screen-reader-text\">Historique du spectacle d&rsquo;ouverture du congr\u00e8s AGEEM 2016<\/span>  <span class=\"meta-nav\">&rarr;<\/span><\/a><\/p>\n","protected":false},"author":3,"featured_media":0,"comment_status":"closed","ping_status":"closed","sticky":false,"template":"","format":"video","meta":{"footnotes":""},"categories":[3,4,14,9],"tags":[35],"class_list":["post-1205","post","type-post","status-publish","format-video","hentry","category-la-section-21","category-le-congres-2016","category-les-coulisses","category-presse-et-communication","tag-congres-dijon-2016","post_format-post-format-video"],"_links":{"self":[{"href":"https:\/\/ageem21.fr\/index.php?rest_route=\/wp\/v2\/posts\/1205","targetHints":{"allow":["GET"]}}],"collection":[{"href":"https:\/\/ageem21.fr\/index.php?rest_route=\/wp\/v2\/posts"}],"about":[{"href":"https:\/\/ageem21.fr\/index.php?rest_route=\/wp\/v2\/types\/post"}],"author":[{"embeddable":true,"href":"https:\/\/ageem21.fr\/index.php?rest_route=\/wp\/v2\/users\/3"}],"replies":[{"embeddable":true,"href":"https:\/\/ageem21.fr\/index.php?rest_route=%2Fwp%2Fv2%2Fcomments&post=1205"}],"version-history":[{"count":12,"href":"https:\/\/ageem21.fr\/index.php?rest_route=\/wp\/v2\/posts\/1205\/revisions"}],"predecessor-version":[{"id":1224,"href":"https:\/\/ageem21.fr\/index.php?rest_route=\/wp\/v2\/posts\/1205\/revisions\/1224"}],"wp:attachment":[{"href":"https:\/\/ageem21.fr\/index.php?rest_route=%2Fwp%2Fv2%2Fmedia&parent=1205"}],"wp:term":[{"taxonomy":"category","embeddable":true,"href":"https:\/\/ageem21.fr\/index.php?rest_route=%2Fwp%2Fv2%2Fcategories&post=1205"},{"taxonomy":"post_tag","embeddable":true,"href":"https:\/\/ageem21.fr\/index.php?rest_route=%2Fwp%2Fv2%2Ftags&post=1205"}],"curies":[{"name":"wp","href":"https:\/\/api.w.org\/{rel}","templated":true}]}}