{"id":1199,"date":"2016-07-07T01:02:19","date_gmt":"2016-07-06T23:02:19","guid":{"rendered":"http:\/\/ageem21.fr\/?p=1199"},"modified":"2016-07-07T10:21:30","modified_gmt":"2016-07-07T08:21:30","slug":"reportage-france-bleu-bourgogne","status":"publish","type":"post","link":"https:\/\/ageem21.fr\/?p=1199","title":{"rendered":"Reportage France Bleu Bourgogne"},"content":{"rendered":"<h1>En maternelle, les enseignants sont de plus en plus branch\u00e9s num\u00e9rique<\/h1>\n<p class=\"infos\">Par Marion Bargiacchi<\/p>\n<p class=\"chapo\">Les enseignants de maternelle sont en congr\u00e8s jusqu&rsquo;au 5 juillet \u00e0 Dijon. 1200 professeurs de toute la France se rencontrent pour \u00e9changer sur les pratiques p\u00e9dagogiques. Et sur place, on parle beaucoup de num\u00e9rique !<\/p>\n<p>Le num\u00e9rique ce n&rsquo;est pas seulement des tablettes et des applications. Romain Galissot travaille pour Canop\u00e9, un \u00e9tablissement sous-tutelle du Minist\u00e8re de l&rsquo;\u00e9ducation Nationale. Il est m\u00e9diateur num\u00e9rique : avec lui, les professeurs peuvent se former pour manier des outils nouveaux dans les salles de cours.<\/p>\n<p>Lire la suite :\u00a0<a href=\"https:\/\/www.francebleu.fr\/infos\/education\/en-maternelle-les-enseignants-sont-de-plus-en-plus-branches-numerique-1467647441\">Reportage France Bleu Bourgogne<\/a><\/p>\n<p>&nbsp;<\/p>\n","protected":false},"excerpt":{"rendered":"<p>En maternelle, les enseignants sont de plus en plus branch\u00e9s num\u00e9rique Par Marion Bargiacchi Les enseignants de maternelle sont en congr\u00e8s jusqu&rsquo;au 5 juillet \u00e0 Dijon. 1200 professeurs de toute &hellip; <a href=\"https:\/\/ageem21.fr\/?p=1199\" class=\"more-link\">Continuer la lecture de <span class=\"screen-reader-text\">Reportage France Bleu Bourgogne<\/span>  <span class=\"meta-nav\">&rarr;<\/span><\/a><\/p>\n","protected":false},"author":2,"featured_media":0,"comment_status":"closed","ping_status":"closed","sticky":false,"template":"","format":"standard","meta":{"footnotes":""},"categories":[13,3,4,1,9],"tags":[44],"class_list":["post-1199","post","type-post","status-publish","format-standard","hentry","category-en-direct-du-congres","category-la-section-21","category-le-congres-2016","category-non-classe","category-presse-et-communication","tag-le-congres-2016-en-direct"],"_links":{"self":[{"href":"https:\/\/ageem21.fr\/index.php?rest_route=\/wp\/v2\/posts\/1199","targetHints":{"allow":["GET"]}}],"collection":[{"href":"https:\/\/ageem21.fr\/index.php?rest_route=\/wp\/v2\/posts"}],"about":[{"href":"https:\/\/ageem21.fr\/index.php?rest_route=\/wp\/v2\/types\/post"}],"author":[{"embeddable":true,"href":"https:\/\/ageem21.fr\/index.php?rest_route=\/wp\/v2\/users\/2"}],"replies":[{"embeddable":true,"href":"https:\/\/ageem21.fr\/index.php?rest_route=%2Fwp%2Fv2%2Fcomments&post=1199"}],"version-history":[{"count":1,"href":"https:\/\/ageem21.fr\/index.php?rest_route=\/wp\/v2\/posts\/1199\/revisions"}],"predecessor-version":[{"id":1200,"href":"https:\/\/ageem21.fr\/index.php?rest_route=\/wp\/v2\/posts\/1199\/revisions\/1200"}],"wp:attachment":[{"href":"https:\/\/ageem21.fr\/index.php?rest_route=%2Fwp%2Fv2%2Fmedia&parent=1199"}],"wp:term":[{"taxonomy":"category","embeddable":true,"href":"https:\/\/ageem21.fr\/index.php?rest_route=%2Fwp%2Fv2%2Fcategories&post=1199"},{"taxonomy":"post_tag","embeddable":true,"href":"https:\/\/ageem21.fr\/index.php?rest_route=%2Fwp%2Fv2%2Ftags&post=1199"}],"curies":[{"name":"wp","href":"https:\/\/api.w.org\/{rel}","templated":true}]}}