{"id":1196,"date":"2016-07-07T00:50:18","date_gmt":"2016-07-06T22:50:18","guid":{"rendered":"http:\/\/ageem21.fr\/?p=1196"},"modified":"2016-07-07T10:21:38","modified_gmt":"2016-07-07T08:21:38","slug":"reportage-france-3-bourgogne","status":"publish","type":"post","link":"https:\/\/ageem21.fr\/?p=1196","title":{"rendered":"Reportage France 3 Bourgogne"},"content":{"rendered":"<h2 class=\"asset-video-title\">Congr\u00e8s \u00e9coles maternelles<\/h2>\n<p class=\"asset-video-description\">Le Congr\u00e9s national des enseignants des \u00e9coles et classes maternelles est ouvert pour 3 jours \u00e0 Dijon d\u00e8s le dimanche 3\u00a0juillet. C&rsquo;est le 89\u00e8me. 1200 enseignants y participent. Un grand \u00e9tat des lieux de la profession sur le th\u00e8me cette ann\u00e9e de \u00ab\u00a0l&rsquo;estime de soi\u00a0\u00bb Emmanuel Pinsonneaux, Roxanne Florin.<\/p>\n<p class=\"asset-video-description\"><iframe loading=\"lazy\" src=\"\/\/embedftv-a.akamaihd.net\/7e53b18192a562293af3ad02eff9054a\" width=\"544\" height=\"306\" frameborder=\"0\" scrolling=\"no\" allowfullscreen=\"allowfullscreen\"><\/iframe><br \/>\n<a href=\"http:\/\/france3-regions.francetvinfo.fr\/bourgogne\/videos\" target=\"_blank\">Congr\u00e8s \u00e9coles maternelles<\/a><\/p>\n","protected":false},"excerpt":{"rendered":"<p>Congr\u00e8s \u00e9coles maternelles Le Congr\u00e9s national des enseignants des \u00e9coles et classes maternelles est ouvert pour 3 jours \u00e0 Dijon d\u00e8s le dimanche 3\u00a0juillet. C&rsquo;est le 89\u00e8me. 1200 enseignants y &hellip; <a href=\"https:\/\/ageem21.fr\/?p=1196\" class=\"more-link\">Continuer la lecture de <span class=\"screen-reader-text\">Reportage France 3 Bourgogne<\/span>  <span class=\"meta-nav\">&rarr;<\/span><\/a><\/p>\n","protected":false},"author":2,"featured_media":0,"comment_status":"closed","ping_status":"closed","sticky":false,"template":"","format":"standard","meta":{"footnotes":""},"categories":[3,4,1,9],"tags":[44],"class_list":["post-1196","post","type-post","status-publish","format-standard","hentry","category-la-section-21","category-le-congres-2016","category-non-classe","category-presse-et-communication","tag-le-congres-2016-en-direct"],"_links":{"self":[{"href":"https:\/\/ageem21.fr\/index.php?rest_route=\/wp\/v2\/posts\/1196","targetHints":{"allow":["GET"]}}],"collection":[{"href":"https:\/\/ageem21.fr\/index.php?rest_route=\/wp\/v2\/posts"}],"about":[{"href":"https:\/\/ageem21.fr\/index.php?rest_route=\/wp\/v2\/types\/post"}],"author":[{"embeddable":true,"href":"https:\/\/ageem21.fr\/index.php?rest_route=\/wp\/v2\/users\/2"}],"replies":[{"embeddable":true,"href":"https:\/\/ageem21.fr\/index.php?rest_route=%2Fwp%2Fv2%2Fcomments&post=1196"}],"version-history":[{"count":2,"href":"https:\/\/ageem21.fr\/index.php?rest_route=\/wp\/v2\/posts\/1196\/revisions"}],"predecessor-version":[{"id":1198,"href":"https:\/\/ageem21.fr\/index.php?rest_route=\/wp\/v2\/posts\/1196\/revisions\/1198"}],"wp:attachment":[{"href":"https:\/\/ageem21.fr\/index.php?rest_route=%2Fwp%2Fv2%2Fmedia&parent=1196"}],"wp:term":[{"taxonomy":"category","embeddable":true,"href":"https:\/\/ageem21.fr\/index.php?rest_route=%2Fwp%2Fv2%2Fcategories&post=1196"},{"taxonomy":"post_tag","embeddable":true,"href":"https:\/\/ageem21.fr\/index.php?rest_route=%2Fwp%2Fv2%2Ftags&post=1196"}],"curies":[{"name":"wp","href":"https:\/\/api.w.org\/{rel}","templated":true}]}}