{"id":1185,"date":"2016-07-05T16:15:47","date_gmt":"2016-07-05T14:15:47","guid":{"rendered":"http:\/\/ageem21.fr\/?p=1185"},"modified":"2016-07-06T23:41:53","modified_gmt":"2016-07-06T21:41:53","slug":"adhesions-en-ligne-et-aurasma","status":"publish","type":"post","link":"https:\/\/ageem21.fr\/?p=1185","title":{"rendered":"Adh\u00e9sions en ligne et aurasma"},"content":{"rendered":"<p>Le stand de l&rsquo;Ageem national au congr\u00e8s de Dijon nous parle \u00e0 nouveau des nouvelles technologies : Aurasma, nouveaut\u00e9 technologique exp\u00e9riment\u00e9e au congr\u00e8s de Dijon et l&rsquo;adh\u00e9sion en ligne.<\/p>\n<p><iframe loading=\"lazy\" src=\"\/\/www.youtube.com\/embed\/YZcG_CXSIGU\" width=\"560\" height=\"314\" allowfullscreen=\"allowfullscreen\"><\/iframe><\/p>\n","protected":false},"excerpt":{"rendered":"<p>Le stand de l&rsquo;Ageem national au congr\u00e8s de Dijon nous parle \u00e0 nouveau des nouvelles technologies : Aurasma, nouveaut\u00e9 technologique exp\u00e9riment\u00e9e au congr\u00e8s de Dijon et l&rsquo;adh\u00e9sion en ligne.<\/p>\n","protected":false},"author":2,"featured_media":0,"comment_status":"closed","ping_status":"closed","sticky":false,"template":"","format":"standard","meta":{"footnotes":""},"categories":[13,3,4,14,9],"tags":[44],"class_list":["post-1185","post","type-post","status-publish","format-standard","hentry","category-en-direct-du-congres","category-la-section-21","category-le-congres-2016","category-les-coulisses","category-presse-et-communication","tag-le-congres-2016-en-direct"],"_links":{"self":[{"href":"https:\/\/ageem21.fr\/index.php?rest_route=\/wp\/v2\/posts\/1185","targetHints":{"allow":["GET"]}}],"collection":[{"href":"https:\/\/ageem21.fr\/index.php?rest_route=\/wp\/v2\/posts"}],"about":[{"href":"https:\/\/ageem21.fr\/index.php?rest_route=\/wp\/v2\/types\/post"}],"author":[{"embeddable":true,"href":"https:\/\/ageem21.fr\/index.php?rest_route=\/wp\/v2\/users\/2"}],"replies":[{"embeddable":true,"href":"https:\/\/ageem21.fr\/index.php?rest_route=%2Fwp%2Fv2%2Fcomments&post=1185"}],"version-history":[{"count":3,"href":"https:\/\/ageem21.fr\/index.php?rest_route=\/wp\/v2\/posts\/1185\/revisions"}],"predecessor-version":[{"id":1191,"href":"https:\/\/ageem21.fr\/index.php?rest_route=\/wp\/v2\/posts\/1185\/revisions\/1191"}],"wp:attachment":[{"href":"https:\/\/ageem21.fr\/index.php?rest_route=%2Fwp%2Fv2%2Fmedia&parent=1185"}],"wp:term":[{"taxonomy":"category","embeddable":true,"href":"https:\/\/ageem21.fr\/index.php?rest_route=%2Fwp%2Fv2%2Fcategories&post=1185"},{"taxonomy":"post_tag","embeddable":true,"href":"https:\/\/ageem21.fr\/index.php?rest_route=%2Fwp%2Fv2%2Ftags&post=1185"}],"curies":[{"name":"wp","href":"https:\/\/api.w.org\/{rel}","templated":true}]}}