{"id":1150,"date":"2016-07-05T15:58:28","date_gmt":"2016-07-05T13:58:28","guid":{"rendered":"http:\/\/ageem21.fr\/?p=1150"},"modified":"2016-07-06T20:55:59","modified_gmt":"2016-07-06T18:55:59","slug":"les-congressistes-visitent-les-expositions-pedagogiques","status":"publish","type":"post","link":"https:\/\/ageem21.fr\/?p=1150","title":{"rendered":"Les congressistes visitent les expositions p\u00e9dagogiques"},"content":{"rendered":"<p>Ce sont plus de 50 expositions p\u00e9dagogiques (dont 25 en r\u00e9alit\u00e9 augment\u00e9e) qui auront \u00e9t\u00e9 r\u00e9alis\u00e9es par les enseignantes et les enseignants d&rsquo;\u00e9cole maternelle pour ce congr\u00e8s.<\/p>\n<p>Parmi les 1100 congressistes pr\u00e9sents, quelques r\u00e9actions :<\/p>\n<p><iframe loading=\"lazy\" src=\"\/\/www.youtube.com\/embed\/BJ1CCNBNNUc\" width=\"560\" height=\"314\" allowfullscreen=\"allowfullscreen\"><\/iframe><\/p>\n","protected":false},"excerpt":{"rendered":"<p>Ce sont plus de 50 expositions p\u00e9dagogiques (dont 25 en r\u00e9alit\u00e9 augment\u00e9e) qui auront \u00e9t\u00e9 r\u00e9alis\u00e9es par les enseignantes et les enseignants d&rsquo;\u00e9cole maternelle pour ce congr\u00e8s. Parmi les 1100 &hellip; <a href=\"https:\/\/ageem21.fr\/?p=1150\" class=\"more-link\">Continuer la lecture de <span class=\"screen-reader-text\">Les congressistes visitent les expositions p\u00e9dagogiques<\/span>  <span class=\"meta-nav\">&rarr;<\/span><\/a><\/p>\n","protected":false},"author":2,"featured_media":0,"comment_status":"closed","ping_status":"closed","sticky":false,"template":"","format":"standard","meta":{"footnotes":""},"categories":[13,11,3,4,9],"tags":[44],"class_list":["post-1150","post","type-post","status-publish","format-standard","hentry","category-en-direct-du-congres","category-interviews","category-la-section-21","category-le-congres-2016","category-presse-et-communication","tag-le-congres-2016-en-direct"],"_links":{"self":[{"href":"https:\/\/ageem21.fr\/index.php?rest_route=\/wp\/v2\/posts\/1150","targetHints":{"allow":["GET"]}}],"collection":[{"href":"https:\/\/ageem21.fr\/index.php?rest_route=\/wp\/v2\/posts"}],"about":[{"href":"https:\/\/ageem21.fr\/index.php?rest_route=\/wp\/v2\/types\/post"}],"author":[{"embeddable":true,"href":"https:\/\/ageem21.fr\/index.php?rest_route=\/wp\/v2\/users\/2"}],"replies":[{"embeddable":true,"href":"https:\/\/ageem21.fr\/index.php?rest_route=%2Fwp%2Fv2%2Fcomments&post=1150"}],"version-history":[{"count":3,"href":"https:\/\/ageem21.fr\/index.php?rest_route=\/wp\/v2\/posts\/1150\/revisions"}],"predecessor-version":[{"id":1166,"href":"https:\/\/ageem21.fr\/index.php?rest_route=\/wp\/v2\/posts\/1150\/revisions\/1166"}],"wp:attachment":[{"href":"https:\/\/ageem21.fr\/index.php?rest_route=%2Fwp%2Fv2%2Fmedia&parent=1150"}],"wp:term":[{"taxonomy":"category","embeddable":true,"href":"https:\/\/ageem21.fr\/index.php?rest_route=%2Fwp%2Fv2%2Fcategories&post=1150"},{"taxonomy":"post_tag","embeddable":true,"href":"https:\/\/ageem21.fr\/index.php?rest_route=%2Fwp%2Fv2%2Ftags&post=1150"}],"curies":[{"name":"wp","href":"https:\/\/api.w.org\/{rel}","templated":true}]}}