{"id":1142,"date":"2016-07-05T15:50:40","date_gmt":"2016-07-05T13:50:40","guid":{"rendered":"http:\/\/ageem21.fr\/?p=1142"},"modified":"2016-07-06T20:56:10","modified_gmt":"2016-07-06T18:56:10","slug":"dijon-1999-dijon-2016-dun-congres-a-lautre","status":"publish","type":"post","link":"https:\/\/ageem21.fr\/?p=1142","title":{"rendered":"Dijon 1999 &#8211; Dijon 2016 : d&rsquo;un congr\u00e8s \u00e0 l&rsquo;autre"},"content":{"rendered":"<p>Souvenez-vous, en 1999 se d\u00e9roulait d\u00e9j\u00e0 \u00e0 Dijon un congr\u00e8s Ageem dont le th\u00e8me \u00e9tait la m\u00e9moire. La pr\u00e9sidente de section d&rsquo;alors \u00e9tait Lilian Duchatelet. En 2016, elle passe le relais \u00e0 V\u00e9ronique Bouvier, actuelle d\u00e9l\u00e9gu\u00e9e de section.<\/p>\n<p><iframe loading=\"lazy\" src=\"\/\/www.youtube.com\/embed\/zbon8hU-_n4\" width=\"560\" height=\"314\" allowfullscreen=\"allowfullscreen\"><\/iframe><\/p>\n","protected":false},"excerpt":{"rendered":"<p>Souvenez-vous, en 1999 se d\u00e9roulait d\u00e9j\u00e0 \u00e0 Dijon un congr\u00e8s Ageem dont le th\u00e8me \u00e9tait la m\u00e9moire. La pr\u00e9sidente de section d&rsquo;alors \u00e9tait Lilian Duchatelet. En 2016, elle passe le &hellip; <a href=\"https:\/\/ageem21.fr\/?p=1142\" class=\"more-link\">Continuer la lecture de <span class=\"screen-reader-text\">Dijon 1999 &#8211; Dijon 2016 : d&rsquo;un congr\u00e8s \u00e0 l&rsquo;autre<\/span>  <span class=\"meta-nav\">&rarr;<\/span><\/a><\/p>\n","protected":false},"author":2,"featured_media":0,"comment_status":"closed","ping_status":"closed","sticky":false,"template":"","format":"standard","meta":{"footnotes":""},"categories":[13,11,3,4,14,1,9],"tags":[44],"class_list":["post-1142","post","type-post","status-publish","format-standard","hentry","category-en-direct-du-congres","category-interviews","category-la-section-21","category-le-congres-2016","category-les-coulisses","category-non-classe","category-presse-et-communication","tag-le-congres-2016-en-direct"],"_links":{"self":[{"href":"https:\/\/ageem21.fr\/index.php?rest_route=\/wp\/v2\/posts\/1142","targetHints":{"allow":["GET"]}}],"collection":[{"href":"https:\/\/ageem21.fr\/index.php?rest_route=\/wp\/v2\/posts"}],"about":[{"href":"https:\/\/ageem21.fr\/index.php?rest_route=\/wp\/v2\/types\/post"}],"author":[{"embeddable":true,"href":"https:\/\/ageem21.fr\/index.php?rest_route=\/wp\/v2\/users\/2"}],"replies":[{"embeddable":true,"href":"https:\/\/ageem21.fr\/index.php?rest_route=%2Fwp%2Fv2%2Fcomments&post=1142"}],"version-history":[{"count":1,"href":"https:\/\/ageem21.fr\/index.php?rest_route=\/wp\/v2\/posts\/1142\/revisions"}],"predecessor-version":[{"id":1144,"href":"https:\/\/ageem21.fr\/index.php?rest_route=\/wp\/v2\/posts\/1142\/revisions\/1144"}],"wp:attachment":[{"href":"https:\/\/ageem21.fr\/index.php?rest_route=%2Fwp%2Fv2%2Fmedia&parent=1142"}],"wp:term":[{"taxonomy":"category","embeddable":true,"href":"https:\/\/ageem21.fr\/index.php?rest_route=%2Fwp%2Fv2%2Fcategories&post=1142"},{"taxonomy":"post_tag","embeddable":true,"href":"https:\/\/ageem21.fr\/index.php?rest_route=%2Fwp%2Fv2%2Ftags&post=1142"}],"curies":[{"name":"wp","href":"https:\/\/api.w.org\/{rel}","templated":true}]}}