{"id":1140,"date":"2016-07-05T13:05:47","date_gmt":"2016-07-05T11:05:47","guid":{"rendered":"http:\/\/ageem21.fr\/?p=1140"},"modified":"2016-07-06T22:17:22","modified_gmt":"2016-07-06T20:17:22","slug":"des-petits-editeurs","status":"publish","type":"post","link":"https:\/\/ageem21.fr\/?p=1140","title":{"rendered":"Des \u00e9diteurs&#8230;"},"content":{"rendered":"<p>Coup de projecteurs sur quelques petits \u00e9diteurs pr\u00e9sents au congr\u00e8s de l&rsquo;Ageem.<\/p>\n<p><iframe loading=\"lazy\" src=\"\/\/www.youtube.com\/embed\/ujlWoMBNUm8\" width=\"300\" height=\"168\" allowfullscreen=\"allowfullscreen\"><\/iframe><\/p>\n<p><iframe loading=\"lazy\" src=\"\/\/www.youtube.com\/embed\/XikXnqcgiec\" width=\"300\" height=\"168\" allowfullscreen=\"allowfullscreen\"><\/iframe><\/p>\n<p><iframe loading=\"lazy\" src=\"\/\/www.youtube.com\/embed\/dNFOgXzVmqU\" width=\"300\" height=\"168\" allowfullscreen=\"allowfullscreen\"><\/iframe><\/p>\n<p><iframe loading=\"lazy\" src=\"\/\/www.youtube.com\/embed\/MdbGeojn0Vk\" width=\"300\" height=\"168\" allowfullscreen=\"allowfullscreen\"><\/iframe><\/p>\n<p><iframe loading=\"lazy\" src=\"\/\/www.youtube.com\/embed\/niky2UHb1Bc\" width=\"300\" height=\"168\" allowfullscreen=\"allowfullscreen\"><\/iframe><\/p>\n<p><iframe loading=\"lazy\" src=\"\/\/www.youtube.com\/embed\/_qZ7nC1r07g\" width=\"300\" height=\"168\" allowfullscreen=\"allowfullscreen\"><\/iframe><\/p>\n<p><iframe loading=\"lazy\" src=\"\/\/www.youtube.com\/embed\/DBZRWSUWTIk\" width=\"300\" height=\"168\" allowfullscreen=\"allowfullscreen\"><\/iframe><\/p>\n<p><iframe loading=\"lazy\" src=\"\/\/www.youtube.com\/embed\/TP809txHug4\" width=\"300\" height=\"168\" allowfullscreen=\"allowfullscreen\"><\/iframe><\/p>\n<p><iframe loading=\"lazy\" src=\"\/\/www.youtube.com\/embed\/BNtr4kayF_s\" width=\"300\" height=\"168\" allowfullscreen=\"allowfullscreen\"><\/iframe><\/p>\n<p><iframe loading=\"lazy\" src=\"\/\/www.youtube.com\/embed\/W6JUVxkO8ao\" width=\"300\" height=\"168\" allowfullscreen=\"allowfullscreen\"><\/iframe><\/p>\n","protected":false},"excerpt":{"rendered":"<p>Coup de projecteurs sur quelques petits \u00e9diteurs pr\u00e9sents au congr\u00e8s de l&rsquo;Ageem.<\/p>\n","protected":false},"author":2,"featured_media":0,"comment_status":"closed","ping_status":"closed","sticky":false,"template":"","format":"standard","meta":{"footnotes":""},"categories":[13,11,3,4,9],"tags":[44],"class_list":["post-1140","post","type-post","status-publish","format-standard","hentry","category-en-direct-du-congres","category-interviews","category-la-section-21","category-le-congres-2016","category-presse-et-communication","tag-le-congres-2016-en-direct"],"_links":{"self":[{"href":"https:\/\/ageem21.fr\/index.php?rest_route=\/wp\/v2\/posts\/1140","targetHints":{"allow":["GET"]}}],"collection":[{"href":"https:\/\/ageem21.fr\/index.php?rest_route=\/wp\/v2\/posts"}],"about":[{"href":"https:\/\/ageem21.fr\/index.php?rest_route=\/wp\/v2\/types\/post"}],"author":[{"embeddable":true,"href":"https:\/\/ageem21.fr\/index.php?rest_route=\/wp\/v2\/users\/2"}],"replies":[{"embeddable":true,"href":"https:\/\/ageem21.fr\/index.php?rest_route=%2Fwp%2Fv2%2Fcomments&post=1140"}],"version-history":[{"count":7,"href":"https:\/\/ageem21.fr\/index.php?rest_route=\/wp\/v2\/posts\/1140\/revisions"}],"predecessor-version":[{"id":1182,"href":"https:\/\/ageem21.fr\/index.php?rest_route=\/wp\/v2\/posts\/1140\/revisions\/1182"}],"wp:attachment":[{"href":"https:\/\/ageem21.fr\/index.php?rest_route=%2Fwp%2Fv2%2Fmedia&parent=1140"}],"wp:term":[{"taxonomy":"category","embeddable":true,"href":"https:\/\/ageem21.fr\/index.php?rest_route=%2Fwp%2Fv2%2Fcategories&post=1140"},{"taxonomy":"post_tag","embeddable":true,"href":"https:\/\/ageem21.fr\/index.php?rest_route=%2Fwp%2Fv2%2Ftags&post=1140"}],"curies":[{"name":"wp","href":"https:\/\/api.w.org\/{rel}","templated":true}]}}