{"id":1134,"date":"2016-07-04T19:20:56","date_gmt":"2016-07-04T17:20:56","guid":{"rendered":"http:\/\/ageem21.fr\/?p=1134"},"modified":"2016-07-06T20:56:31","modified_gmt":"2016-07-06T18:56:31","slug":"lumema-deambulation-poetique","status":"publish","type":"post","link":"https:\/\/ageem21.fr\/?p=1134","title":{"rendered":"Lumema, d\u00e9ambulation po\u00e9tique"},"content":{"rendered":"<p>Accueil personnalis\u00e9 des congressistes par Lumema, artiste de la po\u00e9sie et du r\u00eave pour contribuer au jardin partag\u00e9.<\/p>\n<p><iframe loading=\"lazy\" src=\"\/\/www.youtube.com\/embed\/-nk4WLne7Sk\" width=\"560\" height=\"314\" allowfullscreen=\"allowfullscreen\"><\/iframe><\/p>\n","protected":false},"excerpt":{"rendered":"<p>Accueil personnalis\u00e9 des congressistes par Lumema, artiste de la po\u00e9sie et du r\u00eave pour contribuer au jardin partag\u00e9.<\/p>\n","protected":false},"author":2,"featured_media":0,"comment_status":"closed","ping_status":"closed","sticky":false,"template":"","format":"standard","meta":{"footnotes":""},"categories":[13,3,4,14,9],"tags":[44],"class_list":["post-1134","post","type-post","status-publish","format-standard","hentry","category-en-direct-du-congres","category-la-section-21","category-le-congres-2016","category-les-coulisses","category-presse-et-communication","tag-le-congres-2016-en-direct"],"_links":{"self":[{"href":"https:\/\/ageem21.fr\/index.php?rest_route=\/wp\/v2\/posts\/1134","targetHints":{"allow":["GET"]}}],"collection":[{"href":"https:\/\/ageem21.fr\/index.php?rest_route=\/wp\/v2\/posts"}],"about":[{"href":"https:\/\/ageem21.fr\/index.php?rest_route=\/wp\/v2\/types\/post"}],"author":[{"embeddable":true,"href":"https:\/\/ageem21.fr\/index.php?rest_route=\/wp\/v2\/users\/2"}],"replies":[{"embeddable":true,"href":"https:\/\/ageem21.fr\/index.php?rest_route=%2Fwp%2Fv2%2Fcomments&post=1134"}],"version-history":[{"count":2,"href":"https:\/\/ageem21.fr\/index.php?rest_route=\/wp\/v2\/posts\/1134\/revisions"}],"predecessor-version":[{"id":1136,"href":"https:\/\/ageem21.fr\/index.php?rest_route=\/wp\/v2\/posts\/1134\/revisions\/1136"}],"wp:attachment":[{"href":"https:\/\/ageem21.fr\/index.php?rest_route=%2Fwp%2Fv2%2Fmedia&parent=1134"}],"wp:term":[{"taxonomy":"category","embeddable":true,"href":"https:\/\/ageem21.fr\/index.php?rest_route=%2Fwp%2Fv2%2Fcategories&post=1134"},{"taxonomy":"post_tag","embeddable":true,"href":"https:\/\/ageem21.fr\/index.php?rest_route=%2Fwp%2Fv2%2Ftags&post=1134"}],"curies":[{"name":"wp","href":"https:\/\/api.w.org\/{rel}","templated":true}]}}