{"id":112,"date":"2015-03-19T23:06:47","date_gmt":"2015-03-19T22:06:47","guid":{"rendered":"http:\/\/ageem21.fr\/?p=112"},"modified":"2015-06-12T17:59:18","modified_gmt":"2015-06-12T15:59:18","slug":"nos-activites-departementales","status":"publish","type":"post","link":"https:\/\/ageem21.fr\/?p=112","title":{"rendered":"Nos activit\u00e9s d\u00e9partementales"},"content":{"rendered":"<ul>\n<li><strong>Organisation de rencontres sur des th\u00e8mes vari\u00e9s<\/strong> pour enrichir nos pratiques et partager nos savoirs- faire<\/li>\n<\/ul>\n<ul>\n<li><strong>Pr\u00eat de documents et de mat\u00e9riel p\u00e9dagogique :<\/strong><br \/>\nLe pr\u00eat aura lieu les mercredis pr\u00e9c\u00e9dant les vacances scolaires de 17 \u00e0 18 heures :<br \/>\nCaisses d\u2019ouvrages sur diff\u00e9rents th\u00e8mes, caisses \u00ab\u00a0Contes traditionnels\u00a0\u00bb, Jeux et jouets, Affiches et reproductions, s\u00e9ries d&rsquo;albums, des Kamishiba\u00efs et plusieurs histoires<br \/>\n-&gt; R\u00e9servation par t\u00e9l\u00e9phone aupr\u00e8s de V\u00e9ronique Bouvier de pr\u00e9f\u00e9rence le vendredi \u00e0 la maternelle Victor Hugo \u00e0 Dijon<br \/>\n(03.80.58.02.68) ou par<span style=\"color: #000080;\"><span style=\"color: #000080;\"> <a style=\"color: #000080;\" href=\"mailto:\/\/bouvierveronique@orange.fr\" target=\"_blank\">mail<br \/>\n<\/a><\/span><\/span><strong>-&gt; A retirer au logement de fonction situ\u00e9 39 Rue d&rsquo;York \u00e0 Dijon:<br \/>\nl<\/strong>es mercredis 15 octobre, 17 d\u00e9cembre, 18 f\u00e9vrier et 22 avril<br \/>\n-&gt;<strong> A rendre au m\u00eame endroit<\/strong> les mercredis 17 d\u00e9cembre, 18 f\u00e9vrier, 22 avril et 17 juin<\/li>\n<\/ul>\n<ul>\n<li><strong>Sorties<\/strong> culturelles et conviviales<\/li>\n<\/ul>\n<p>&nbsp;<\/p>\n","protected":false},"excerpt":{"rendered":"<p>Organisation de rencontres sur des th\u00e8mes vari\u00e9s pour enrichir nos pratiques et partager nos savoirs- faire Pr\u00eat de documents et de mat\u00e9riel p\u00e9dagogique : Le pr\u00eat aura lieu les mercredis &hellip; <a href=\"https:\/\/ageem21.fr\/?p=112\" class=\"more-link\">Continuer la lecture de <span class=\"screen-reader-text\">Nos activit\u00e9s d\u00e9partementales<\/span>  <span class=\"meta-nav\">&rarr;<\/span><\/a><\/p>\n","protected":false},"author":1,"featured_media":0,"comment_status":"closed","ping_status":"closed","sticky":false,"template":"","format":"standard","meta":{"footnotes":""},"categories":[3],"tags":[],"class_list":["post-112","post","type-post","status-publish","format-standard","hentry","category-la-section-21"],"_links":{"self":[{"href":"https:\/\/ageem21.fr\/index.php?rest_route=\/wp\/v2\/posts\/112","targetHints":{"allow":["GET"]}}],"collection":[{"href":"https:\/\/ageem21.fr\/index.php?rest_route=\/wp\/v2\/posts"}],"about":[{"href":"https:\/\/ageem21.fr\/index.php?rest_route=\/wp\/v2\/types\/post"}],"author":[{"embeddable":true,"href":"https:\/\/ageem21.fr\/index.php?rest_route=\/wp\/v2\/users\/1"}],"replies":[{"embeddable":true,"href":"https:\/\/ageem21.fr\/index.php?rest_route=%2Fwp%2Fv2%2Fcomments&post=112"}],"version-history":[{"count":8,"href":"https:\/\/ageem21.fr\/index.php?rest_route=\/wp\/v2\/posts\/112\/revisions"}],"predecessor-version":[{"id":257,"href":"https:\/\/ageem21.fr\/index.php?rest_route=\/wp\/v2\/posts\/112\/revisions\/257"}],"wp:attachment":[{"href":"https:\/\/ageem21.fr\/index.php?rest_route=%2Fwp%2Fv2%2Fmedia&parent=112"}],"wp:term":[{"taxonomy":"category","embeddable":true,"href":"https:\/\/ageem21.fr\/index.php?rest_route=%2Fwp%2Fv2%2Fcategories&post=112"},{"taxonomy":"post_tag","embeddable":true,"href":"https:\/\/ageem21.fr\/index.php?rest_route=%2Fwp%2Fv2%2Ftags&post=112"}],"curies":[{"name":"wp","href":"https:\/\/api.w.org\/{rel}","templated":true}]}}