{"id":108,"date":"2025-11-12T19:15:25","date_gmt":"2025-11-12T18:15:25","guid":{"rendered":"http:\/\/ageem21.fr\/?p=108"},"modified":"2026-02-13T11:29:42","modified_gmt":"2026-02-13T10:29:42","slug":"le-conseil-dadministration-de-la-section","status":"publish","type":"post","link":"https:\/\/ageem21.fr\/?p=108","title":{"rendered":"Le conseil d&rsquo;administration de la section"},"content":{"rendered":"\n<figure class=\"wp-block-table\"><table><tbody><tr><td><strong>Perrine BALLEYGUIER<\/strong><\/td><td>EM Jean Jaur\u00e8s, Dijon&nbsp;<\/td><\/tr><tr><td><strong>Sophie BENETTI<\/strong><br><strong>Secr\u00e9taire<\/strong><\/td><td>EM LARREY, Dijon<\/td><\/tr><tr><td><strong>Virginie CADART-DECLAS<\/strong><br><strong>Repr\u00e9sentante  acad\u00e9mique<\/strong>   <\/td><td>EM Savigny le Sec<\/td><\/tr><tr><td><strong>S\u00e9verine DAO<\/strong><\/td><td>EMA DEVOSGE, Dijon<\/td><\/tr><tr><td><strong>Delphine DUFOUR<\/strong><br><strong>Vice-D\u00e9l\u00e9gu\u00e9e<\/strong><\/td><td>EMA Chevreul, Dijon<\/td><\/tr><tr><td><strong>Edith ESPOSITO<\/strong><br><strong>D\u00e9l\u00e9gu\u00e9e d\u00e9partementale<\/strong><\/td><td>RPI Chassagne \/ Puligny \/ St Aubin<\/td><\/tr><tr><td><strong>Nadia GANDREY<\/strong><br><strong>Tr\u00e9sori\u00e8re<\/strong><\/td><td>EMA PETIT BERNARD, Dijon <\/td><\/tr><tr><td><strong>Claudine JORGE<\/strong><\/td><td>EMA PETIT BERNARD, Dijon<\/td><\/tr><tr><td><strong>Isabelle MOLLARD<\/strong><\/td><td>EM LES GRANDS CRUS, Chen\u00f4ve<\/td><\/tr><tr><td><strong>Anne-Marie MORIN<\/strong><\/td><td>EM GAMBETTA, Chen\u00f4ve <\/td><\/tr><tr><td><strong>Emilie PERREAU<\/strong><\/td><td>EM Victor HUGO, Dijon<\/td><\/tr><\/tbody><\/table><\/figure>\n\n\n\n<p><\/p>\n","protected":false},"excerpt":{"rendered":"<p>Retrouvez ici la liste des membres de notre conseil d&rsquo;administration.<\/p>\n","protected":false},"author":1,"featured_media":0,"comment_status":"closed","ping_status":"closed","sticky":false,"template":"","format":"standard","meta":{"footnotes":""},"categories":[3,29],"tags":[],"class_list":["post-108","post","type-post","status-publish","format-standard","hentry","category-la-section-21","category-le-conseil-dadministration"],"_links":{"self":[{"href":"https:\/\/ageem21.fr\/index.php?rest_route=\/wp\/v2\/posts\/108","targetHints":{"allow":["GET"]}}],"collection":[{"href":"https:\/\/ageem21.fr\/index.php?rest_route=\/wp\/v2\/posts"}],"about":[{"href":"https:\/\/ageem21.fr\/index.php?rest_route=\/wp\/v2\/types\/post"}],"author":[{"embeddable":true,"href":"https:\/\/ageem21.fr\/index.php?rest_route=\/wp\/v2\/users\/1"}],"replies":[{"embeddable":true,"href":"https:\/\/ageem21.fr\/index.php?rest_route=%2Fwp%2Fv2%2Fcomments&post=108"}],"version-history":[{"count":18,"href":"https:\/\/ageem21.fr\/index.php?rest_route=\/wp\/v2\/posts\/108\/revisions"}],"predecessor-version":[{"id":4173,"href":"https:\/\/ageem21.fr\/index.php?rest_route=\/wp\/v2\/posts\/108\/revisions\/4173"}],"wp:attachment":[{"href":"https:\/\/ageem21.fr\/index.php?rest_route=%2Fwp%2Fv2%2Fmedia&parent=108"}],"wp:term":[{"taxonomy":"category","embeddable":true,"href":"https:\/\/ageem21.fr\/index.php?rest_route=%2Fwp%2Fv2%2Fcategories&post=108"},{"taxonomy":"post_tag","embeddable":true,"href":"https:\/\/ageem21.fr\/index.php?rest_route=%2Fwp%2Fv2%2Ftags&post=108"}],"curies":[{"name":"wp","href":"https:\/\/api.w.org\/{rel}","templated":true}]}}